{"id":14683,"date":"2020-12-14T01:57:29","date_gmt":"2020-12-14T01:57:29","guid":{"rendered":"http:\/\/elterritorialweb.com.ar\/web\/?p=14683"},"modified":"2020-12-14T02:08:30","modified_gmt":"2020-12-14T02:08:30","slug":"mirolo-recibio-al-escritor-bernardo-herrera-quien-presento-su-ultimo-libro","status":"publish","type":"post","link":"https:\/\/elterritorialweb.com.ar\/web\/mirolo-recibio-al-escritor-bernardo-herrera-quien-presento-su-ultimo-libro\/","title":{"rendered":"MIROLO RECIBI\u00d3 AL ESCRITOR BERNARDO HERRERA QUI\u00c9N PRESENT\u00d3 SU \u00daLTIMO LIBRO"},"content":{"rendered":"\n<p>En la oportunidad, el escritor present\u00f3 el contenido del tercer tomo de su obra <strong>\u00abEl Pensamiento Nacional en Santiago del Estero\u00bb<\/strong> que cuenta sobre <strong>la condici\u00f3n semicolonial del pa\u00eds y de la regi\u00f3n latinoamericana<\/strong> durante su proceso hist\u00f3rico y las luchas para superarla. <\/p>\n\n\n\n<p>Esta lucha permanente esclarecida en el terreno de las ideas desde el nacimiento de la corriente nacional y popular, tambi\u00e9n se ha reflejado en la \u00abMadre de Ciudades\u00bb.<\/p>\n\n\n\n<p>Durante su encuentro, el jefe comunal se\u00f1al\u00f3: <em>\u00abEstoy muy contento de haberme podido reunir con Bernardo, quien es un escritor muy reconocido en nuestra provincia, adem\u00e1s de los logros que ya tenido desde su carrera como abogado. Y en esta oportunidad est\u00e1 presentando su m\u00e1s reciente obra que es un aporte importante a la construcci\u00f3n del pensamiento pol\u00edtico en general de la provincia\u00bb<\/em>.<\/p>\n\n\n\n<p>Por su parte, Ram\u00f3n Bernardo Herrera, indic\u00f3: <em>\u00abEsta es la tercer entrega del Pensamiento Nacional, que es presentado como una corriente a partir de la figura de Arturo Jauretche pasando por grandes referentes como el santiague\u00f1o Homero Manzi, hasta llegar a figuras que contribuyen a la formaci\u00f3n de este proceso hist\u00f3rico pol\u00edtico, como lo hace desde su gesti\u00f3n el intendente Pablo Mirolo, por eso quise venir a entregarle en persona un ejemplar de este libro\u00bb.<\/em><\/p>\n","protected":false},"excerpt":{"rendered":"<p>El intendente Pablo Mirolo recibi\u00f3 la visita del escritor santiague\u00f1o Ram\u00f3n Bernardo Herrera, qui\u00e9n le obsequi\u00f3 su m\u00e1s reciente producci\u00f3n literaria, \u00abEl Pensamiento Nacional en Santiago del Estero III\u00bb<\/p>\n","protected":false},"author":2,"featured_media":14687,"comment_status":"open","ping_status":"open","sticky":false,"template":"","format":"standard","meta":{"om_disable_all_campaigns":false,"_monsterinsights_skip_tracking":false,"_monsterinsights_sitenote_active":false,"_monsterinsights_sitenote_note":"","_monsterinsights_sitenote_category":0,"_uf_show_specific_survey":0,"_uf_disable_surveys":false,"jetpack_post_was_ever_published":false,"_jetpack_newsletter_access":"","_jetpack_dont_email_post_to_subs":false,"_jetpack_newsletter_tier_id":0,"_jetpack_memberships_contains_paywalled_content":false,"_jetpack_memberships_contains_paid_content":false,"footnotes":"","jetpack_publicize_message":"","jetpack_publicize_feature_enabled":true,"jetpack_social_post_already_shared":false,"jetpack_social_options":{"image_generator_settings":{"template":"highway","default_image_id":0,"font":"","enabled":false},"version":2}},"categories":[21],"tags":[],"class_list":["post-14683","post","type-post","status-publish","format-standard","has-post-thumbnail","hentry","category-locales"],"aioseo_notices":[],"views":8,"jetpack_publicize_connections":[],"jetpack_featured_media_url":"https:\/\/i0.wp.com\/elterritorialweb.com.ar\/web\/wp-content\/uploads\/2020\/12\/WhatsApp-Image-2020-12-13-at-11.07.04-PM.jpeg?fit=772%2C473&ssl=1","jetpack_sharing_enabled":true,"_links":{"self":[{"href":"https:\/\/elterritorialweb.com.ar\/web\/wp-json\/wp\/v2\/posts\/14683","targetHints":{"allow":["GET"]}}],"collection":[{"href":"https:\/\/elterritorialweb.com.ar\/web\/wp-json\/wp\/v2\/posts"}],"about":[{"href":"https:\/\/elterritorialweb.com.ar\/web\/wp-json\/wp\/v2\/types\/post"}],"author":[{"embeddable":true,"href":"https:\/\/elterritorialweb.com.ar\/web\/wp-json\/wp\/v2\/users\/2"}],"replies":[{"embeddable":true,"href":"https:\/\/elterritorialweb.com.ar\/web\/wp-json\/wp\/v2\/comments?post=14683"}],"version-history":[{"count":1,"href":"https:\/\/elterritorialweb.com.ar\/web\/wp-json\/wp\/v2\/posts\/14683\/revisions"}],"predecessor-version":[{"id":14685,"href":"https:\/\/elterritorialweb.com.ar\/web\/wp-json\/wp\/v2\/posts\/14683\/revisions\/14685"}],"wp:featuredmedia":[{"embeddable":true,"href":"https:\/\/elterritorialweb.com.ar\/web\/wp-json\/wp\/v2\/media\/14687"}],"wp:attachment":[{"href":"https:\/\/elterritorialweb.com.ar\/web\/wp-json\/wp\/v2\/media?parent=14683"}],"wp:term":[{"taxonomy":"category","embeddable":true,"href":"https:\/\/elterritorialweb.com.ar\/web\/wp-json\/wp\/v2\/categories?post=14683"},{"taxonomy":"post_tag","embeddable":true,"href":"https:\/\/elterritorialweb.com.ar\/web\/wp-json\/wp\/v2\/tags?post=14683"}],"curies":[{"name":"wp","href":"https:\/\/api.w.org\/{rel}","templated":true}]}}