{"id":14688,"date":"2020-12-14T02:25:37","date_gmt":"2020-12-14T02:25:37","guid":{"rendered":"http:\/\/elterritorialweb.com.ar\/web\/?p=14688"},"modified":"2020-12-14T02:25:39","modified_gmt":"2020-12-14T02:25:39","slug":"ypf-invertira-us-320-millones-en-la-cuenca-del-golfo-de-san-jorge-para-recuperar-el-petroleo-convencional","status":"publish","type":"post","link":"https:\/\/elterritorialweb.com.ar\/web\/ypf-invertira-us-320-millones-en-la-cuenca-del-golfo-de-san-jorge-para-recuperar-el-petroleo-convencional\/","title":{"rendered":"YPF INVERTIRA U$S 320 MILLONES EN LA CUENCA DEL GOLFO DE SAN JORGE PARA RECUPERAR EL PETR\u00d3LEO CONVENCIONAL"},"content":{"rendered":"\n<p>El ejecutivo particip\u00f3 del acto realizado en Comodoro Rivadavia, en conmemoraci\u00f3n del D\u00eda del Petr\u00f3leo y afirm\u00f3 que \u00aben Chubut, YPF recuper\u00f3 la producci\u00f3n que ten\u00eda antes de la pandemia. Esto es un ejemplo de que se puede salir de una situaci\u00f3n compleja con esfuerzo. Tenemos mucho por hacer\u00bb.<\/p>\n\n\n\n<p>\u00abEstoy muy contento de estar en Comodoro, un lugar en el que viv\u00ed hace a\u00f1os. Aqu\u00ed aprend\u00ed mucho, me siento un poco comodorense\u00bb, manifest\u00f3 el funcionario de YPF seg\u00fan inform\u00f3 un comunicado de la empresa.<\/p>\n\n\n\n<figure class=\"wp-block-image size-large\"><a href=\"https:\/\/i0.wp.com\/elterritorialweb.com.ar\/web\/wp-content\/uploads\/2020\/12\/YPF-1.jpeg\"><img data-recalc-dims=\"1\" decoding=\"async\" width=\"640\" height=\"427\" data-src=\"https:\/\/i0.wp.com\/elterritorialweb.com.ar\/web\/wp-content\/uploads\/2020\/12\/YPF-1.jpeg?resize=640%2C427\" alt=\"\" class=\"wp-image-14690 lazyload\" data-srcset=\"https:\/\/i0.wp.com\/elterritorialweb.com.ar\/web\/wp-content\/uploads\/2020\/12\/YPF-1.jpeg?w=750&amp;ssl=1 750w, https:\/\/i0.wp.com\/elterritorialweb.com.ar\/web\/wp-content\/uploads\/2020\/12\/YPF-1.jpeg?resize=300%2C200&amp;ssl=1 300w, https:\/\/i0.wp.com\/elterritorialweb.com.ar\/web\/wp-content\/uploads\/2020\/12\/YPF-1.jpeg?resize=675%2C450&amp;ssl=1 675w\" data-sizes=\"(max-width: 640px) 100vw, 640px\" src=\"data:image\/svg+xml;base64,PHN2ZyB3aWR0aD0iMSIgaGVpZ2h0PSIxIiB4bWxucz0iaHR0cDovL3d3dy53My5vcmcvMjAwMC9zdmciPjwvc3ZnPg==\" style=\"--smush-placeholder-width: 640px; --smush-placeholder-aspect-ratio: 640\/427;\" \/><\/a><\/figure>\n\n\n\n<p><br>\u00abA 113 a\u00f1os del descubrimiento del petr\u00f3leo, un verdadero hito, no hay muchos pa\u00edses que tengan una historia centenaria\u00bb, se\u00f1al\u00f3 Affronti.<\/p>\n\n\n\n<p>El CEO de YPF puntualiz\u00f3 que \u00abqueremos que YPF vuelva a traccionar a la industria, ac\u00e1 y en otras provincias, tenemos que reinventarnos, la terciaria es una oportunidad. En octubre, Manantiales Behr tuvo un r\u00e9cord de producci\u00f3n, en plena pandemia, el esfuerzo vale la pena. El a\u00f1o que viene vamos a invertir en la Cuenca (del golfo San Jorge) 320 millones de d\u00f3lares para seguir recuperando el convencional que tiene futuro\u00bb.<\/p>\n\n\n\n<p>Affronti sostuvo que \u00abfue un a\u00f1o dif\u00edcil, pero es una oportunidad para que nos reinventemos, juntos podremos mirar un ma\u00f1ana mejor, entre todos podemos crear algo mejor que lo que tenemos\u00bb.<\/p>\n","protected":false},"excerpt":{"rendered":"<p>El primer CEO de la empresa YPF, Sergio Affronti, anunci\u00f3 que el a\u00f1o que viene, se realizar\u00e1n inversiones, en la Cuenca del golfo San Jorge, por 320 millones de d\u00f3lares, con el objetivo de seguir recuperando la producci\u00f3n de petr\u00f3leo convencional.<\/p>\n","protected":false},"author":2,"featured_media":14689,"comment_status":"open","ping_status":"open","sticky":false,"template":"","format":"standard","meta":{"om_disable_all_campaigns":false,"_monsterinsights_skip_tracking":false,"_monsterinsights_sitenote_active":false,"_monsterinsights_sitenote_note":"","_monsterinsights_sitenote_category":0,"_uf_show_specific_survey":0,"_uf_disable_surveys":false,"jetpack_post_was_ever_published":false,"_jetpack_newsletter_access":"","_jetpack_dont_email_post_to_subs":false,"_jetpack_newsletter_tier_id":0,"_jetpack_memberships_contains_paywalled_content":false,"_jetpack_memberships_contains_paid_content":false,"footnotes":"","jetpack_publicize_message":"","jetpack_publicize_feature_enabled":true,"jetpack_social_post_already_shared":false,"jetpack_social_options":{"image_generator_settings":{"template":"highway","default_image_id":0,"font":"","enabled":false},"version":2}},"categories":[2],"tags":[],"class_list":["post-14688","post","type-post","status-publish","format-standard","has-post-thumbnail","hentry","category-economia"],"aioseo_notices":[],"views":6,"jetpack_publicize_connections":[],"jetpack_featured_media_url":"https:\/\/i0.wp.com\/elterritorialweb.com.ar\/web\/wp-content\/uploads\/2020\/12\/YPF.jpg?fit=679%2C378&ssl=1","jetpack_sharing_enabled":true,"_links":{"self":[{"href":"https:\/\/elterritorialweb.com.ar\/web\/wp-json\/wp\/v2\/posts\/14688","targetHints":{"allow":["GET"]}}],"collection":[{"href":"https:\/\/elterritorialweb.com.ar\/web\/wp-json\/wp\/v2\/posts"}],"about":[{"href":"https:\/\/elterritorialweb.com.ar\/web\/wp-json\/wp\/v2\/types\/post"}],"author":[{"embeddable":true,"href":"https:\/\/elterritorialweb.com.ar\/web\/wp-json\/wp\/v2\/users\/2"}],"replies":[{"embeddable":true,"href":"https:\/\/elterritorialweb.com.ar\/web\/wp-json\/wp\/v2\/comments?post=14688"}],"version-history":[{"count":1,"href":"https:\/\/elterritorialweb.com.ar\/web\/wp-json\/wp\/v2\/posts\/14688\/revisions"}],"predecessor-version":[{"id":14691,"href":"https:\/\/elterritorialweb.com.ar\/web\/wp-json\/wp\/v2\/posts\/14688\/revisions\/14691"}],"wp:featuredmedia":[{"embeddable":true,"href":"https:\/\/elterritorialweb.com.ar\/web\/wp-json\/wp\/v2\/media\/14689"}],"wp:attachment":[{"href":"https:\/\/elterritorialweb.com.ar\/web\/wp-json\/wp\/v2\/media?parent=14688"}],"wp:term":[{"taxonomy":"category","embeddable":true,"href":"https:\/\/elterritorialweb.com.ar\/web\/wp-json\/wp\/v2\/categories?post=14688"},{"taxonomy":"post_tag","embeddable":true,"href":"https:\/\/elterritorialweb.com.ar\/web\/wp-json\/wp\/v2\/tags?post=14688"}],"curies":[{"name":"wp","href":"https:\/\/api.w.org\/{rel}","templated":true}]}}