{"id":14693,"date":"2020-12-14T03:27:28","date_gmt":"2020-12-14T03:27:28","guid":{"rendered":"http:\/\/elterritorialweb.com.ar\/web\/?p=14693"},"modified":"2020-12-14T03:42:52","modified_gmt":"2020-12-14T03:42:52","slug":"fuerte-sismo-hizo-temblar-santiago-del-estero","status":"publish","type":"post","link":"https:\/\/elterritorialweb.com.ar\/web\/fuerte-sismo-hizo-temblar-santiago-del-estero\/","title":{"rendered":"FUERTE SISMO HIZO TEMBLAR SANTIAGO DEL ESTERO"},"content":{"rendered":"\n<p>Seg\u00fan el Instituto Nacional de Prevenci\u00f3n S\u00edsmica (IMPRES), informaron que el epicentro se localiz\u00f3 a 48 km al SO de Santiago Del Estero; 122 km al E de San F. Del Valle De Catamarca; 41 km al NO de Loreto\u00a0<strong>-28.140 (lat) -64.550 (long)<\/strong>.<\/p>\n\n\n\n<p>Con una magnitud de 4,9 en escala de Richter y una profundidad de 10 km, hizo temblar la capital santiague\u00f1a y a su alrededores. <\/p>\n","protected":false},"excerpt":{"rendered":"<p>Pasada las 00 horas de este lunes 14, un fuerte sismo sacudi\u00f3 la capital santiague\u00f1a. <\/p>\n","protected":false},"author":2,"featured_media":14694,"comment_status":"open","ping_status":"open","sticky":false,"template":"","format":"standard","meta":{"om_disable_all_campaigns":false,"_monsterinsights_skip_tracking":false,"_monsterinsights_sitenote_active":false,"_monsterinsights_sitenote_note":"","_monsterinsights_sitenote_category":0,"_uf_show_specific_survey":0,"_uf_disable_surveys":false,"jetpack_post_was_ever_published":false,"_jetpack_newsletter_access":"","_jetpack_dont_email_post_to_subs":false,"_jetpack_newsletter_tier_id":0,"_jetpack_memberships_contains_paywalled_content":false,"_jetpack_memberships_contains_paid_content":false,"footnotes":"","jetpack_publicize_message":"","jetpack_publicize_feature_enabled":true,"jetpack_social_post_already_shared":false,"jetpack_social_options":{"image_generator_settings":{"template":"highway","default_image_id":0,"font":"","enabled":false},"version":2}},"categories":[21],"tags":[],"class_list":["post-14693","post","type-post","status-publish","format-standard","has-post-thumbnail","hentry","category-locales"],"aioseo_notices":[],"views":12,"jetpack_publicize_connections":[],"jetpack_featured_media_url":"https:\/\/i0.wp.com\/elterritorialweb.com.ar\/web\/wp-content\/uploads\/2020\/12\/2020-12-14-2.png?fit=661%2C372&ssl=1","jetpack_sharing_enabled":true,"_links":{"self":[{"href":"https:\/\/elterritorialweb.com.ar\/web\/wp-json\/wp\/v2\/posts\/14693","targetHints":{"allow":["GET"]}}],"collection":[{"href":"https:\/\/elterritorialweb.com.ar\/web\/wp-json\/wp\/v2\/posts"}],"about":[{"href":"https:\/\/elterritorialweb.com.ar\/web\/wp-json\/wp\/v2\/types\/post"}],"author":[{"embeddable":true,"href":"https:\/\/elterritorialweb.com.ar\/web\/wp-json\/wp\/v2\/users\/2"}],"replies":[{"embeddable":true,"href":"https:\/\/elterritorialweb.com.ar\/web\/wp-json\/wp\/v2\/comments?post=14693"}],"version-history":[{"count":5,"href":"https:\/\/elterritorialweb.com.ar\/web\/wp-json\/wp\/v2\/posts\/14693\/revisions"}],"predecessor-version":[{"id":14703,"href":"https:\/\/elterritorialweb.com.ar\/web\/wp-json\/wp\/v2\/posts\/14693\/revisions\/14703"}],"wp:featuredmedia":[{"embeddable":true,"href":"https:\/\/elterritorialweb.com.ar\/web\/wp-json\/wp\/v2\/media\/14694"}],"wp:attachment":[{"href":"https:\/\/elterritorialweb.com.ar\/web\/wp-json\/wp\/v2\/media?parent=14693"}],"wp:term":[{"taxonomy":"category","embeddable":true,"href":"https:\/\/elterritorialweb.com.ar\/web\/wp-json\/wp\/v2\/categories?post=14693"},{"taxonomy":"post_tag","embeddable":true,"href":"https:\/\/elterritorialweb.com.ar\/web\/wp-json\/wp\/v2\/tags?post=14693"}],"curies":[{"name":"wp","href":"https:\/\/api.w.org\/{rel}","templated":true}]}}