{"id":14707,"date":"2020-12-14T15:30:35","date_gmt":"2020-12-14T15:30:35","guid":{"rendered":"http:\/\/elterritorialweb.com.ar\/web\/?p=14707"},"modified":"2020-12-14T15:30:36","modified_gmt":"2020-12-14T15:30:36","slug":"la-municipalidad-incorporo-un-puesto-sanitario-en-el-circuito-saludable-de-la-costanera","status":"publish","type":"post","link":"https:\/\/elterritorialweb.com.ar\/web\/la-municipalidad-incorporo-un-puesto-sanitario-en-el-circuito-saludable-de-la-costanera\/","title":{"rendered":"LA MUNICIPALIDAD INCORPOR\u00d3 UN PUESTO SANITARIO EN EL CIRCUITO SALUDABLE DE LA COSTANERA"},"content":{"rendered":"\n<p>El personal est\u00e1 capacitado para actuar ante situaciones emergentes que pudieran ocurrir con las personas que asisten, adem\u00e1s de realizar la medici\u00f3n de presi\u00f3n, monitoreo de temperatura e hidrataci\u00f3n, entre otras.<\/p>\n\n\n\n<p>Los servicios en el circuito se prestan teniendo en cuenta la importante cantidad de vecinos que practican cada fin de semana atletismo, ciclismo y pat\u00edn, utilizando el amplio trayecto que se extiende desde avenida Alsina hasta el predio de UPCN, en la zona norte.<\/p>\n\n\n\n<p>La pista para la pr\u00e1ctica de actividades al aire libre fue lanzada a mediados de septiembre de este a\u00f1o por el municipio como una propuesta para contar con un sitio seguro ya que no est\u00e1 permitido el tr\u00e1nsito de ning\u00fan tipo de veh\u00edculo por la calzada de la Nueva Costanera durante las horas que se habilita.<\/p>\n","protected":false},"excerpt":{"rendered":"<p>El circuito saludable organizado por la Municipalidad de la Capital en la Nueva Costanera incorpor\u00f3 un puesto sanitario, ubicado a la altura de calle Salta, a disposici\u00f3n de los vecinos que requieran alg\u00fan tipo de asistencia. <\/p>\n","protected":false},"author":2,"featured_media":14708,"comment_status":"open","ping_status":"open","sticky":false,"template":"","format":"standard","meta":{"om_disable_all_campaigns":false,"_monsterinsights_skip_tracking":false,"_monsterinsights_sitenote_active":false,"_monsterinsights_sitenote_note":"","_monsterinsights_sitenote_category":0,"_uf_show_specific_survey":0,"_uf_disable_surveys":false,"jetpack_post_was_ever_published":false,"_jetpack_newsletter_access":"","_jetpack_dont_email_post_to_subs":false,"_jetpack_newsletter_tier_id":0,"_jetpack_memberships_contains_paywalled_content":false,"_jetpack_memberships_contains_paid_content":false,"footnotes":"","jetpack_publicize_message":"","jetpack_publicize_feature_enabled":true,"jetpack_social_post_already_shared":false,"jetpack_social_options":{"image_generator_settings":{"template":"highway","default_image_id":0,"font":"","enabled":false},"version":2}},"categories":[3],"tags":[],"class_list":["post-14707","post","type-post","status-publish","format-standard","has-post-thumbnail","hentry","category-salud"],"aioseo_notices":[],"views":5,"jetpack_publicize_connections":[],"jetpack_featured_media_url":"https:\/\/i0.wp.com\/elterritorialweb.com.ar\/web\/wp-content\/uploads\/2020\/12\/MUNI-PUESTO-SANITARIO.jpg?fit=1032%2C774&ssl=1","jetpack_sharing_enabled":true,"_links":{"self":[{"href":"https:\/\/elterritorialweb.com.ar\/web\/wp-json\/wp\/v2\/posts\/14707","targetHints":{"allow":["GET"]}}],"collection":[{"href":"https:\/\/elterritorialweb.com.ar\/web\/wp-json\/wp\/v2\/posts"}],"about":[{"href":"https:\/\/elterritorialweb.com.ar\/web\/wp-json\/wp\/v2\/types\/post"}],"author":[{"embeddable":true,"href":"https:\/\/elterritorialweb.com.ar\/web\/wp-json\/wp\/v2\/users\/2"}],"replies":[{"embeddable":true,"href":"https:\/\/elterritorialweb.com.ar\/web\/wp-json\/wp\/v2\/comments?post=14707"}],"version-history":[{"count":1,"href":"https:\/\/elterritorialweb.com.ar\/web\/wp-json\/wp\/v2\/posts\/14707\/revisions"}],"predecessor-version":[{"id":14709,"href":"https:\/\/elterritorialweb.com.ar\/web\/wp-json\/wp\/v2\/posts\/14707\/revisions\/14709"}],"wp:featuredmedia":[{"embeddable":true,"href":"https:\/\/elterritorialweb.com.ar\/web\/wp-json\/wp\/v2\/media\/14708"}],"wp:attachment":[{"href":"https:\/\/elterritorialweb.com.ar\/web\/wp-json\/wp\/v2\/media?parent=14707"}],"wp:term":[{"taxonomy":"category","embeddable":true,"href":"https:\/\/elterritorialweb.com.ar\/web\/wp-json\/wp\/v2\/categories?post=14707"},{"taxonomy":"post_tag","embeddable":true,"href":"https:\/\/elterritorialweb.com.ar\/web\/wp-json\/wp\/v2\/tags?post=14707"}],"curies":[{"name":"wp","href":"https:\/\/api.w.org\/{rel}","templated":true}]}}