{"id":14710,"date":"2020-12-14T15:41:40","date_gmt":"2020-12-14T15:41:40","guid":{"rendered":"http:\/\/elterritorialweb.com.ar\/web\/?p=14710"},"modified":"2020-12-14T15:41:41","modified_gmt":"2020-12-14T15:41:41","slug":"el-presidente-anuncio-un-mayor-compromiso-de-la-argentina-en-la-lucha-contra-el-cambio-climatico","status":"publish","type":"post","link":"https:\/\/elterritorialweb.com.ar\/web\/el-presidente-anuncio-un-mayor-compromiso-de-la-argentina-en-la-lucha-contra-el-cambio-climatico\/","title":{"rendered":"EL PRESIDENTE ANUNCI\u00d3 UN MAYOR COMPROMISO DE LA ARGENTINA EN LA LUCHA CONTRA EL CAMBIO CLIM\u00c1TICO"},"content":{"rendered":"\n<p>\u201cEl Cambio Clim\u00e1tico es una realidad que est\u00e1 afectando a la humanidad en su conjunto y que requiere una acci\u00f3n inmediata y coordinada de los l\u00edderes de todo el mundo\u201d, expres\u00f3 el mandatario argentino y remarc\u00f3 que \u201cla reconstrucci\u00f3n mundial de la pos-pandemia es la oportunidad que tenemos para avanzar en este sentido, en donde la cooperaci\u00f3n internacional y el multilateralismo juegan un rol protag\u00f3nico\u201d.<\/p>\n\n\n\n<p>Al participar de manera virtual en la Cumbre de Ambici\u00f3n Clim\u00e1tica celebrada en ocasi\u00f3n del 5\u00b0 aniversario del Acuerdo de Par\u00eds, Fern\u00e1ndez exhort\u00f3 a avanzar hacia un desarrollo integral y sostenible \u201cen una transici\u00f3n justa que nos permita ponernos de pie y salir mejores de esta crisis\u201d.<\/p>\n\n\n\n<p>Organizado por las Naciones Unidas, el Reino Unido y Francia, en asociaci\u00f3n con Chile e Italia, el encuentro involucra a l\u00edderes de gobiernos y actores de la sociedad civil tales como empresas, academias, pueblos originarios, j\u00f3venes, ciudades y regiones.<\/p>\n\n\n\n<p>\u201cLa Argentina reafirma su compromiso con el Acuerdo de Par\u00eds y adopta al cambio clim\u00e1tico como pol\u00edtica de Estado\u201d, asegur\u00f3 el Jefe de Estado en el inicio de su exposici\u00f3n.<\/p>\n\n\n\n<p>Se\u00f1al\u00f3 que el pa\u00eds \u201cpaga un alto precio por el impacto del cambio clim\u00e1tico en su territorio y en su estructura social y productiva\u201d, y destac\u00f3 el \u201cenorme esfuerzo\u201d realizado en acciones de mitigaci\u00f3n y adaptaci\u00f3n, cuyo monto asciende a aproximadamente 15.000 millones de d\u00f3lares con financiamiento internacional.<\/p>\n\n\n\n<p>\u201cAunque ambicioso, esto es insuficiente\u201d, subray\u00f3 y reclam\u00f3 mayor compromiso de los pa\u00edses desarrollados.<\/p>\n\n\n\n<p>Dentro de las nuevas metas propuestas con miras al a\u00f1o 2030, la Argentina limitar\u00e1 sus emisiones de gases de efecto invernadero a un nivel 25,7 por ciento, un n\u00famero inferior al comprometido en 2015.<\/p>\n\n\n\n<p>La nueva contribuci\u00f3n, elaborada de forma participativa a trav\u00e9s del Gabinete Nacional de Cambio Clim\u00e1tico, incluye al fortalecimiento de la educaci\u00f3n ambiental, a la transici\u00f3n justa con equidad de g\u00e9nero y a la federalizaci\u00f3n como ejes rectores.<\/p>\n\n\n\n<p>El Presidente tambi\u00e9n garantiz\u00f3 el compromiso de la Argentina en presentar una estrategia de desarrollo con bajas emisiones a largo plazo con el objetivo de alcanzar un desarrollo neutral en carbono en 2050, y a elaborar un Plan Nacional de Adaptaci\u00f3n y Mitigaci\u00f3n \u201cclaro y ambicioso\u201d.<\/p>\n\n\n\n<p>En ese sentido, el Jefe de Estado resalt\u00f3 la importancia de promover \u201cun di\u00e1logo de alto nivel sobre acceso equitativo a medios de implementaci\u00f3n, tales como recursos financieros, transferencia de tecnolog\u00eda y construcci\u00f3n de capacidades para la consecuci\u00f3n de los compromisos clim\u00e1ticos\u201d.<\/p>\n","protected":false},"excerpt":{"rendered":"<p>El presidente Alberto Fern\u00e1ndez anunci\u00f3 hoy un nuevo compromiso de la Argentina para reducir sus emisiones de gases de efecto invernadero hacia el a\u00f1o 2030 y para reforzar las capacidades de adaptaci\u00f3n de las comunidades a las consecuencias del cambio clim\u00e1tico, en particular de las m\u00e1s vulnerables, con el objetivo de promover un desarrollo integral y sostenible.<\/p>\n","protected":false},"author":2,"featured_media":14711,"comment_status":"open","ping_status":"open","sticky":false,"template":"","format":"standard","meta":{"om_disable_all_campaigns":false,"_monsterinsights_skip_tracking":false,"_monsterinsights_sitenote_active":false,"_monsterinsights_sitenote_note":"","_monsterinsights_sitenote_category":0,"_uf_show_specific_survey":0,"_uf_disable_surveys":false,"jetpack_post_was_ever_published":false,"_jetpack_newsletter_access":"","_jetpack_dont_email_post_to_subs":false,"_jetpack_newsletter_tier_id":0,"_jetpack_memberships_contains_paywalled_content":false,"_jetpack_memberships_contains_paid_content":false,"footnotes":"","jetpack_publicize_message":"","jetpack_publicize_feature_enabled":true,"jetpack_social_post_already_shared":false,"jetpack_social_options":{"image_generator_settings":{"template":"highway","default_image_id":0,"font":"","enabled":false},"version":2}},"categories":[7],"tags":[],"class_list":["post-14710","post","type-post","status-publish","format-standard","has-post-thumbnail","hentry","category-nacionales"],"aioseo_notices":[],"views":5,"jetpack_publicize_connections":[],"jetpack_featured_media_url":"https:\/\/i0.wp.com\/elterritorialweb.com.ar\/web\/wp-content\/uploads\/2020\/12\/AFclima.jpg?fit=1940%2C1293&ssl=1","jetpack_sharing_enabled":true,"_links":{"self":[{"href":"https:\/\/elterritorialweb.com.ar\/web\/wp-json\/wp\/v2\/posts\/14710","targetHints":{"allow":["GET"]}}],"collection":[{"href":"https:\/\/elterritorialweb.com.ar\/web\/wp-json\/wp\/v2\/posts"}],"about":[{"href":"https:\/\/elterritorialweb.com.ar\/web\/wp-json\/wp\/v2\/types\/post"}],"author":[{"embeddable":true,"href":"https:\/\/elterritorialweb.com.ar\/web\/wp-json\/wp\/v2\/users\/2"}],"replies":[{"embeddable":true,"href":"https:\/\/elterritorialweb.com.ar\/web\/wp-json\/wp\/v2\/comments?post=14710"}],"version-history":[{"count":1,"href":"https:\/\/elterritorialweb.com.ar\/web\/wp-json\/wp\/v2\/posts\/14710\/revisions"}],"predecessor-version":[{"id":14712,"href":"https:\/\/elterritorialweb.com.ar\/web\/wp-json\/wp\/v2\/posts\/14710\/revisions\/14712"}],"wp:featuredmedia":[{"embeddable":true,"href":"https:\/\/elterritorialweb.com.ar\/web\/wp-json\/wp\/v2\/media\/14711"}],"wp:attachment":[{"href":"https:\/\/elterritorialweb.com.ar\/web\/wp-json\/wp\/v2\/media?parent=14710"}],"wp:term":[{"taxonomy":"category","embeddable":true,"href":"https:\/\/elterritorialweb.com.ar\/web\/wp-json\/wp\/v2\/categories?post=14710"},{"taxonomy":"post_tag","embeddable":true,"href":"https:\/\/elterritorialweb.com.ar\/web\/wp-json\/wp\/v2\/tags?post=14710"}],"curies":[{"name":"wp","href":"https:\/\/api.w.org\/{rel}","templated":true}]}}