{"id":14713,"date":"2020-12-14T21:28:28","date_gmt":"2020-12-14T21:28:28","guid":{"rendered":"http:\/\/elterritorialweb.com.ar\/web\/?p=14713"},"modified":"2020-12-14T21:28:28","modified_gmt":"2020-12-14T21:28:28","slug":"la-banda-operativo-de-ordenamiento-de-transito-en-el-microcentro-por-las-fiestas-de-fin-de-ano","status":"publish","type":"post","link":"https:\/\/elterritorialweb.com.ar\/web\/la-banda-operativo-de-ordenamiento-de-transito-en-el-microcentro-por-las-fiestas-de-fin-de-ano\/","title":{"rendered":"LA BANDA: OPERATIVO DE ORDENAMIENTO DE TR\u00c1NSITO EN EL MICROCENTRO POR LAS FIESTAS DE FIN DE A\u00d1O"},"content":{"rendered":"\n<p>El mismo tiene como principal objetivo establecer una mejor transitabilidad en el microcentro bande\u00f1o y facilitar las compras y ventas fomentando e impulsando el comercio a cielo abierto. Adem\u00e1s, se remarca la importancia del trabajo para prevenir y hacer respetar los protocolos vigentes.<\/p>\n\n\n\n<p>Desde el \u00e1rea se indic\u00f3 que los cortes de calles se realizar\u00e1n en las intersecciones de Espa\u00f1a y Laprida, Arist\u00f3bulo del Valle y San Mart\u00edn en donde no estar\u00e1 permitido el acceso de los veh\u00edculos; durante el horario comercial.<\/p>\n\n\n\n<p>Los motoveh\u00edculos tendr\u00e1n lugares espec\u00edficos de estacionamiento para facilitar la disponibilidad de espacios y un mejor manejo de los sectores.<br>Asimismo, se indic\u00f3 que se respetar\u00e1 los lugares de carga y descarga de mercader\u00eda de los comercios establecidos en el casco c\u00e9ntrico en los horarios habilitados.<\/p>\n\n\n\n<p>Al respect\u00f3, el coordinador del \u00e1rea Diego Ju\u00e1rez, se\u00f1al\u00f3: \u201cSolicitamos la colaboraci\u00f3n y la comprensi\u00f3n de todos los vecinos, ya que a trav\u00e9s de estas medidas se busca que los ciudadanos puedan realizar sus compras de manera ordenada y segura, recordemos que estas son fechas donde se incrementa el movimiento comercial en la ciudad y debemos extremar los cuidados para que todo se d\u00e9 en orden\u201d.<\/p>\n\n\n\n<p>Cabe destacar, que a trav\u00e9s de un trabajo en conjunto por diferentes a\u00e9reas municipales se dar\u00e1 un ordenamiento y acompa\u00f1amiento a todas las tareas comerciales referidas a la fecha.<\/p>\n","protected":false},"excerpt":{"rendered":"<p>La Direcci\u00f3n de Tr\u00e1nsito y la subsecretaria de Ordenamiento Urbano dependientes de la Secretar\u00eda de Servicios P\u00fablicos inicia desde este lunes el operativo de ordenamiento urbano y vehicular para las fiestas de fin de a\u00f1o.<\/p>\n","protected":false},"author":2,"featured_media":14714,"comment_status":"open","ping_status":"open","sticky":false,"template":"","format":"standard","meta":{"om_disable_all_campaigns":false,"_monsterinsights_skip_tracking":false,"_monsterinsights_sitenote_active":false,"_monsterinsights_sitenote_note":"","_monsterinsights_sitenote_category":0,"_uf_show_specific_survey":0,"_uf_disable_surveys":false,"jetpack_post_was_ever_published":false,"_jetpack_newsletter_access":"","_jetpack_dont_email_post_to_subs":false,"_jetpack_newsletter_tier_id":0,"_jetpack_memberships_contains_paywalled_content":false,"_jetpack_memberships_contains_paid_content":false,"footnotes":"","jetpack_publicize_message":"","jetpack_publicize_feature_enabled":true,"jetpack_social_post_already_shared":false,"jetpack_social_options":{"image_generator_settings":{"template":"highway","default_image_id":0,"font":"","enabled":false},"version":2}},"categories":[21],"tags":[],"class_list":["post-14713","post","type-post","status-publish","format-standard","has-post-thumbnail","hentry","category-locales"],"aioseo_notices":[],"views":8,"jetpack_publicize_connections":[],"jetpack_featured_media_url":"https:\/\/i0.wp.com\/elterritorialweb.com.ar\/web\/wp-content\/uploads\/2020\/12\/LA-BANDA-TRANSITO.jpg?fit=1024%2C744&ssl=1","jetpack_sharing_enabled":true,"_links":{"self":[{"href":"https:\/\/elterritorialweb.com.ar\/web\/wp-json\/wp\/v2\/posts\/14713","targetHints":{"allow":["GET"]}}],"collection":[{"href":"https:\/\/elterritorialweb.com.ar\/web\/wp-json\/wp\/v2\/posts"}],"about":[{"href":"https:\/\/elterritorialweb.com.ar\/web\/wp-json\/wp\/v2\/types\/post"}],"author":[{"embeddable":true,"href":"https:\/\/elterritorialweb.com.ar\/web\/wp-json\/wp\/v2\/users\/2"}],"replies":[{"embeddable":true,"href":"https:\/\/elterritorialweb.com.ar\/web\/wp-json\/wp\/v2\/comments?post=14713"}],"version-history":[{"count":1,"href":"https:\/\/elterritorialweb.com.ar\/web\/wp-json\/wp\/v2\/posts\/14713\/revisions"}],"predecessor-version":[{"id":14715,"href":"https:\/\/elterritorialweb.com.ar\/web\/wp-json\/wp\/v2\/posts\/14713\/revisions\/14715"}],"wp:featuredmedia":[{"embeddable":true,"href":"https:\/\/elterritorialweb.com.ar\/web\/wp-json\/wp\/v2\/media\/14714"}],"wp:attachment":[{"href":"https:\/\/elterritorialweb.com.ar\/web\/wp-json\/wp\/v2\/media?parent=14713"}],"wp:term":[{"taxonomy":"category","embeddable":true,"href":"https:\/\/elterritorialweb.com.ar\/web\/wp-json\/wp\/v2\/categories?post=14713"},{"taxonomy":"post_tag","embeddable":true,"href":"https:\/\/elterritorialweb.com.ar\/web\/wp-json\/wp\/v2\/tags?post=14713"}],"curies":[{"name":"wp","href":"https:\/\/api.w.org\/{rel}","templated":true}]}}