{"id":14726,"date":"2020-12-14T22:30:51","date_gmt":"2020-12-14T22:30:51","guid":{"rendered":"http:\/\/elterritorialweb.com.ar\/web\/?p=14726"},"modified":"2020-12-14T22:54:05","modified_gmt":"2020-12-14T22:54:05","slug":"educacion-de-la-nacion-distribuira-mas-de-15-millones-de-libros-en-las-escuelas-de-todo-el-pais","status":"publish","type":"post","link":"https:\/\/elterritorialweb.com.ar\/web\/educacion-de-la-nacion-distribuira-mas-de-15-millones-de-libros-en-las-escuelas-de-todo-el-pais\/","title":{"rendered":"EDUCACI\u00d3N DE LA NACI\u00d3N DISTRIBUIR\u00c1 MAS DE 1,5 MILLONES DE LIBROS EN LAS ESCUELAS DE TODO EL PA\u00cdS"},"content":{"rendered":"\n<p>El ministro de Educaci\u00f3n de la Naci\u00f3n,&nbsp;<strong>Nicol\u00e1s Trotta<\/strong>, present\u00f3 la conformaci\u00f3n de las colecciones literarias destinadas a establecimientos educativos de nivel inicial, primario y secundario, que llegar\u00e1n a las escuelas en marzo del a\u00f1o pr\u00f3ximo en el marco del Plan Nacional de Lecturas.<\/p>\n\n\n\n<p>Con una inversi\u00f3n de 600 millones de pesos (inicialmente se hab\u00eda establecido un presupuesto de 400 millones de pesos) se adquirir\u00e1n alrededor de un mill\u00f3n y medio de libros y ser\u00e1n beneficiarias 46.872 escuelas urbanas y rurales p\u00fablicas de gesti\u00f3n estatal, privadas de cuota cero u oferta \u00fanica, de los tres niveles de ense\u00f1anza de todo el pa\u00eds.<\/p>\n\n\n\n<p>Se trata de 138 t\u00edtulos correspondientes a 209 autoras y autores que alcanzan, en esta primera etapa, a 79 editoriales. De los 209 autores, el 56% (117) son mujeres; el 81% (168) son argentinos, mientras que el 9% (19) son latinoamericanos. De los argentinos, el 50% es del interior del pa\u00eds y tambi\u00e9n, 16 corresponden a autores y autoras de pueblos originarios. Asimismo, se destaca que el 11% (22) son j\u00f3venes menores de 40 a\u00f1os.<\/p>\n\n\n\n<p>En relaci\u00f3n a las editoriales, de las 79, el 83% (65) son empresas nacionales e independientes; el 20% (15) son editoriales del interior del pa\u00eds; el 63% (49) son editoriales \u201cj\u00f3venes\u201d, nacidas en el Siglo XXI y 3 son editoriales universitarias.<\/p>\n\n\n\n<p>Respecto de los g\u00e9neros literarios, las colecciones se conforman de la siguiente manera: 23 t\u00edtulos son de poes\u00eda (16,5%); 16 antolog\u00edas de varios g\u00e9neros (11,5%); 6 son obras de teatro (4,5%); 4 cancioneros (3%) y 3 historietas (2%).<\/p>\n\n\n\n<p>El titular de la cartera educativa afirm\u00f3:&nbsp;<em>\u201cCuando anunciamos la apertura del proceso de selecci\u00f3n, se subray\u00f3 el objetivo de garantizar el efectivo derecho a la lectura de los ni\u00f1os, ni\u00f1as y j\u00f3venes argentinos como herramienta para democratizar el conocimiento, pero tambi\u00e9n la voluntad de ayudar a la industria editorial en un momento de crisis in\u00e9dita\u201d.<\/em><\/p>\n\n\n\n<p>Y agreg\u00f3:\u00a0<em>\u201cHoy es un d\u00eda muy importante, a casi un a\u00f1o de la presentaci\u00f3n del Plan Nacional de Lecturas, seguimos pensando firmemente que los libros tienen que volver a estar, no solo en nuestras escuelas sino en nuestros hogares. Queremos una sociedad libre y eso se construye, no solo con una escuela que transforme, sino tambi\u00e9n con una escuela que permita el acceso a la lectura recreativa; eso se logra ampliando derechos. Y la lectura es un derecho que no surge espont\u00e1neamente, demanda pol\u00edticas p\u00fablicas, porque no en todas las escuelas, ni en todas las casas, hay libros. Estamos dando hoy un primer paso, con una inversi\u00f3n de 600 millones de pesos, que ser\u00e1n un mill\u00f3n y medio de libros que llegar\u00e1n a nuestras escuelas\u201d.<\/em><\/p>\n\n\n\n<figure class=\"wp-block-image size-large\"><a href=\"https:\/\/i0.wp.com\/elterritorialweb.com.ar\/web\/wp-content\/uploads\/2020\/12\/TROTTA-LIBROS-1.jpeg\"><img data-recalc-dims=\"1\" decoding=\"async\" width=\"640\" height=\"427\" data-src=\"https:\/\/i0.wp.com\/elterritorialweb.com.ar\/web\/wp-content\/uploads\/2020\/12\/TROTTA-LIBROS-1.jpeg?resize=640%2C427\" alt=\"\" class=\"wp-image-14728 lazyload\" data-srcset=\"https:\/\/i0.wp.com\/elterritorialweb.com.ar\/web\/wp-content\/uploads\/2020\/12\/TROTTA-LIBROS-1.jpeg?resize=1024%2C683&amp;ssl=1 1024w, https:\/\/i0.wp.com\/elterritorialweb.com.ar\/web\/wp-content\/uploads\/2020\/12\/TROTTA-LIBROS-1.jpeg?resize=300%2C200&amp;ssl=1 300w, https:\/\/i0.wp.com\/elterritorialweb.com.ar\/web\/wp-content\/uploads\/2020\/12\/TROTTA-LIBROS-1.jpeg?resize=768%2C512&amp;ssl=1 768w, https:\/\/i0.wp.com\/elterritorialweb.com.ar\/web\/wp-content\/uploads\/2020\/12\/TROTTA-LIBROS-1.jpeg?resize=675%2C450&amp;ssl=1 675w, https:\/\/i0.wp.com\/elterritorialweb.com.ar\/web\/wp-content\/uploads\/2020\/12\/TROTTA-LIBROS-1.jpeg?w=1128&amp;ssl=1 1128w\" data-sizes=\"(max-width: 640px) 100vw, 640px\" src=\"data:image\/svg+xml;base64,PHN2ZyB3aWR0aD0iMSIgaGVpZ2h0PSIxIiB4bWxucz0iaHR0cDovL3d3dy53My5vcmcvMjAwMC9zdmciPjwvc3ZnPg==\" style=\"--smush-placeholder-width: 640px; --smush-placeholder-aspect-ratio: 640\/427;\" \/><\/a><\/figure>\n\n\n\n<p>El trabajo de la CAN -integrada por 204 especialistas de todas las jurisdicciones- consisti\u00f3 en la elaboraci\u00f3n de cat\u00e1logos a partir de 3514 t\u00edtulos presentados por 229 editoriales. Luego, se confeccion\u00f3 un listado de libros recomendados por niveles compuesto por 2.142 obras y se realiz\u00f3 otro con la propuesta de la conformaci\u00f3n de las colecciones literarias por nivel que cont\u00f3 con 240 t\u00edtulos, -80 t\u00edtulos por cada nivel- y por \u00faltimo, el listado de selecci\u00f3n de 30 t\u00edtulos regionales, 10 por nivel.<\/p>\n\n\n\n<p>Durante el proceso se busc\u00f3 un equilibrio de g\u00e9neros literarios, entre autoras y autores, temas y editoriales. Se trabaj\u00f3 con el equipo del Plan Nacional de Lecturas, las Direcciones Nacionales de Nivel y otros especialistas de la Subsecretar\u00eda de Educaci\u00f3n Social y Cultural para terminar de definir las prioridades a comprar, a partir del presupuesto de $600 millones a invertir.<\/p>\n\n\n\n<p>El objetivo es que los textos lleguen a cada escuela en marzo de 2021. Para ello se arm\u00f3 una caja con 38 libros de literatura infanto-juvenil para cada nivel, que est\u00e1 conformada por una selecci\u00f3n nacional de 35 t\u00edtulos y una regional de 3 t\u00edtulos. Por primera vez, todos los t\u00edtulos estar\u00e1n disponibles en formato digital en la plataforma federal Juana Manso.<\/p>\n\n\n\n<p>El anuncio tuvo lugar en el predio de la Biblioteca Nacional Mariano Moreno y cont\u00f3 con la presencia de su director,\u00a0<strong>Juan Sasturain<\/strong>, quien expres\u00f3:\u00a0<em>\u201cEstoy muy orgulloso de que se haya elegido este espacio para hacer un anuncio tan poderoso como este. Desde la Biblioteca Nacional hemos participado durante muchos a\u00f1os de todas las actividades de promoci\u00f3n de la lectura porque creemos que el acto de leer es insustituible\u201d<\/em>.<\/p>\n\n\n\n<p>Participaron tambi\u00e9n la subsecretaria de Educaci\u00f3n Social y Cultural,&nbsp;<strong>Laura Sirotzky<\/strong>; las escritoras&nbsp;<strong>Claudia Pi\u00f1eiro, Silvia Schujer, Adela Basch, M\u00e1rgara \u00c1verbach<\/strong>&nbsp;y&nbsp;<strong>Paula Bombara<\/strong>, y los escritores&nbsp;<strong>Mario M\u00e9ndez, Eduardo Abel Gim\u00e9nez, Franco Vaccarini<\/strong>&nbsp;e&nbsp;<strong>Isvan Schriter<\/strong>.<\/p>\n\n\n\n<p>Adem\u00e1s, en forma virtual, acompa\u00f1aron las Ministras y Ministros provinciales de Educaci\u00f3n, representantes de los gremios docentes, de las C\u00e1maras del sector editorial, gr\u00e1ficos e imprentas nacionales y referentes de los Planes Provinciales de Lectura que integraron la Comisi\u00f3n Asesora Nacional para la Selecci\u00f3n de Libros.<\/p>\n","protected":false},"excerpt":{"rendered":"<p>Se adquirir\u00e1n 138 t\u00edtulos de 209 autores y autoras por una inversi\u00f3n de 600 millones de pesos, el equivalente a 1.5 millones de libros provenientes de 79 editoriales. El Plan alcanzar\u00e1 a 46.872 escuelas de nivel inicial, primario y secundario de todo el pa\u00eds y beneficiar\u00e1 a la industria nacional del libro.<\/p>\n","protected":false},"author":2,"featured_media":14731,"comment_status":"open","ping_status":"open","sticky":false,"template":"","format":"standard","meta":{"om_disable_all_campaigns":false,"_monsterinsights_skip_tracking":false,"_monsterinsights_sitenote_active":false,"_monsterinsights_sitenote_note":"","_monsterinsights_sitenote_category":0,"_uf_show_specific_survey":0,"_uf_disable_surveys":false,"jetpack_post_was_ever_published":false,"_jetpack_newsletter_access":"","_jetpack_dont_email_post_to_subs":false,"_jetpack_newsletter_tier_id":0,"_jetpack_memberships_contains_paywalled_content":false,"_jetpack_memberships_contains_paid_content":false,"footnotes":"","jetpack_publicize_message":"","jetpack_publicize_feature_enabled":true,"jetpack_social_post_already_shared":false,"jetpack_social_options":{"image_generator_settings":{"template":"highway","default_image_id":0,"font":"","enabled":false},"version":2}},"categories":[19],"tags":[],"class_list":["post-14726","post","type-post","status-publish","format-standard","has-post-thumbnail","hentry","category-educacion"],"aioseo_notices":[],"views":2,"jetpack_publicize_connections":[],"jetpack_featured_media_url":"https:\/\/i0.wp.com\/elterritorialweb.com.ar\/web\/wp-content\/uploads\/2020\/12\/TROTTA-LIBROS-2.jpeg?fit=1043%2C696&ssl=1","jetpack_sharing_enabled":true,"_links":{"self":[{"href":"https:\/\/elterritorialweb.com.ar\/web\/wp-json\/wp\/v2\/posts\/14726","targetHints":{"allow":["GET"]}}],"collection":[{"href":"https:\/\/elterritorialweb.com.ar\/web\/wp-json\/wp\/v2\/posts"}],"about":[{"href":"https:\/\/elterritorialweb.com.ar\/web\/wp-json\/wp\/v2\/types\/post"}],"author":[{"embeddable":true,"href":"https:\/\/elterritorialweb.com.ar\/web\/wp-json\/wp\/v2\/users\/2"}],"replies":[{"embeddable":true,"href":"https:\/\/elterritorialweb.com.ar\/web\/wp-json\/wp\/v2\/comments?post=14726"}],"version-history":[{"count":2,"href":"https:\/\/elterritorialweb.com.ar\/web\/wp-json\/wp\/v2\/posts\/14726\/revisions"}],"predecessor-version":[{"id":14732,"href":"https:\/\/elterritorialweb.com.ar\/web\/wp-json\/wp\/v2\/posts\/14726\/revisions\/14732"}],"wp:featuredmedia":[{"embeddable":true,"href":"https:\/\/elterritorialweb.com.ar\/web\/wp-json\/wp\/v2\/media\/14731"}],"wp:attachment":[{"href":"https:\/\/elterritorialweb.com.ar\/web\/wp-json\/wp\/v2\/media?parent=14726"}],"wp:term":[{"taxonomy":"category","embeddable":true,"href":"https:\/\/elterritorialweb.com.ar\/web\/wp-json\/wp\/v2\/categories?post=14726"},{"taxonomy":"post_tag","embeddable":true,"href":"https:\/\/elterritorialweb.com.ar\/web\/wp-json\/wp\/v2\/tags?post=14726"}],"curies":[{"name":"wp","href":"https:\/\/api.w.org\/{rel}","templated":true}]}}