{"id":14747,"date":"2020-12-15T03:43:39","date_gmt":"2020-12-15T03:43:39","guid":{"rendered":"http:\/\/elterritorialweb.com.ar\/web\/?p=14747"},"modified":"2020-12-15T03:49:04","modified_gmt":"2020-12-15T03:49:04","slug":"central-cordoba-con-el-debut-de-la-dupla-tecnica-ferrero-y-scolari-empato-con-el-tomba-en-el-terrera","status":"publish","type":"post","link":"https:\/\/elterritorialweb.com.ar\/web\/central-cordoba-con-el-debut-de-la-dupla-tecnica-ferrero-y-scolari-empato-con-el-tomba-en-el-terrera\/","title":{"rendered":"CENTRAL C\u00d3RDOBA CON EL DEBUT DE LA DUPLA T\u00c9CNICA FERRERO Y SCOLARI, EMPAT\u00d3 CON EL TOMBA EN EL TERRERA"},"content":{"rendered":"\n<p>En esta etapa de transici\u00f3n, sin promedios del descenso, dos de los m\u00e1s beneficiados fueron justamente Central C\u00f3rdoba y Godoy Cruz, que se repartieron puntos.<\/p>\n\n\n\n<figure class=\"wp-block-image size-large\"><a href=\"https:\/\/i0.wp.com\/elterritorialweb.com.ar\/web\/wp-content\/uploads\/2020\/12\/central-godoy-cruz-2.jpg\"><img data-recalc-dims=\"1\" decoding=\"async\" width=\"640\" height=\"450\" data-src=\"https:\/\/i0.wp.com\/elterritorialweb.com.ar\/web\/wp-content\/uploads\/2020\/12\/central-godoy-cruz-2.jpg?resize=640%2C450\" alt=\"\" class=\"wp-image-14749 lazyload\" data-srcset=\"https:\/\/i0.wp.com\/elterritorialweb.com.ar\/web\/wp-content\/uploads\/2020\/12\/central-godoy-cruz-2.jpg?resize=1024%2C720&amp;ssl=1 1024w, https:\/\/i0.wp.com\/elterritorialweb.com.ar\/web\/wp-content\/uploads\/2020\/12\/central-godoy-cruz-2.jpg?resize=300%2C211&amp;ssl=1 300w, https:\/\/i0.wp.com\/elterritorialweb.com.ar\/web\/wp-content\/uploads\/2020\/12\/central-godoy-cruz-2.jpg?resize=768%2C540&amp;ssl=1 768w, https:\/\/i0.wp.com\/elterritorialweb.com.ar\/web\/wp-content\/uploads\/2020\/12\/central-godoy-cruz-2.jpg?w=1080&amp;ssl=1 1080w\" data-sizes=\"(max-width: 640px) 100vw, 640px\" src=\"data:image\/svg+xml;base64,PHN2ZyB3aWR0aD0iMSIgaGVpZ2h0PSIxIiB4bWxucz0iaHR0cDovL3d3dy53My5vcmcvMjAwMC9zdmciPjwvc3ZnPg==\" style=\"--smush-placeholder-width: 640px; --smush-placeholder-aspect-ratio: 640\/450;\" \/><\/a><\/figure>\n\n\n\n<p>Tras la salida de Alfredo Berti, despu\u00e9s de seis fechas, la dirigencia del club, les dio el mando del equipo a la\u00a0dupla t\u00e9cnica conformada por Alexis Ferrero y Sebasti\u00e1n Scolari. <\/p>\n\n\n\n<p>La apertura del marcador se di\u00f3 a los 39 minutos, cuando el arbitro del partido, Jorge Bali\u00f1o, convalido un penal, a favor del local, una infracci\u00f3n dentro del area visitante, que cometi\u00f3 Jalil a Quilez, y que Vera Oviedo lo convirti\u00f3 en gol.<\/p>\n\n\n\n<figure class=\"wp-block-image size-large\"><a href=\"https:\/\/i0.wp.com\/elterritorialweb.com.ar\/web\/wp-content\/uploads\/2020\/12\/central-godoy-cruz-3.jpg\"><img data-recalc-dims=\"1\" decoding=\"async\" width=\"640\" height=\"449\" data-src=\"https:\/\/i0.wp.com\/elterritorialweb.com.ar\/web\/wp-content\/uploads\/2020\/12\/central-godoy-cruz-3.jpg?resize=640%2C449\" alt=\"\" class=\"wp-image-14750 lazyload\" data-srcset=\"https:\/\/i0.wp.com\/elterritorialweb.com.ar\/web\/wp-content\/uploads\/2020\/12\/central-godoy-cruz-3.jpg?resize=1024%2C719&amp;ssl=1 1024w, https:\/\/i0.wp.com\/elterritorialweb.com.ar\/web\/wp-content\/uploads\/2020\/12\/central-godoy-cruz-3.jpg?resize=300%2C211&amp;ssl=1 300w, https:\/\/i0.wp.com\/elterritorialweb.com.ar\/web\/wp-content\/uploads\/2020\/12\/central-godoy-cruz-3.jpg?resize=768%2C539&amp;ssl=1 768w, https:\/\/i0.wp.com\/elterritorialweb.com.ar\/web\/wp-content\/uploads\/2020\/12\/central-godoy-cruz-3.jpg?w=1080&amp;ssl=1 1080w\" data-sizes=\"(max-width: 640px) 100vw, 640px\" src=\"data:image\/svg+xml;base64,PHN2ZyB3aWR0aD0iMSIgaGVpZ2h0PSIxIiB4bWxucz0iaHR0cDovL3d3dy53My5vcmcvMjAwMC9zdmciPjwvc3ZnPg==\" style=\"--smush-placeholder-width: 640px; --smush-placeholder-aspect-ratio: 640\/449;\" \/><\/a><\/figure>\n\n\n\n<p>La respuesta de Godoy Cruz no se hizo esperar. Mart\u00edn Ojeda tom\u00f3 un tiro libre y con un zurdazo impecable venci\u00f3 a Alejandro S\u00e1nchez a los 42 minutos.<\/p>\n\n\n\n<p>Despu\u00e9s, la buenas respuestas de Ram\u00edrez impidieron un triunfo local, que fue apenitas un poco m\u00e1s ofensivo. En el final, hubo una mano (codo) de Silva, los locales reclamaron penal pero esta vez Bali\u00f1o no se los dio.\u00a0<\/p>\n\n\n\n<p><strong>S\u00edntesis<\/strong><\/p>\n\n\n\n<p><strong>Central C\u00f3rdoba<\/strong>: Alejandro S\u00e1nchez; Ismael Quilez, Alejandro Maciel, Hugo Vera Oviedo y Jonathan Bay; Leandro Vella, Cristian Vega, Iv\u00e1n Ram\u00edrez y Santiago Rosales; Pablo Arga\u00f1araz y Claudio Ria\u00f1o. DT: Alexis Ferrero-Sebasti\u00e1n Scolari<\/p>\n\n\n\n<p><strong>Godoy Cruz<\/strong>: Roberto Ram\u00edrez; Agust\u00edn Alvarez, Gonzalo Go\u00f1i, Leonel Gonz\u00e1lez y Dami\u00e1n P\u00e9rez; Gonzalo Abrego, Jalil El\u00edas y Renzo Tesuri; Mart\u00edn Ojeda; Santiago Garc\u00eda y Tom\u00e1s Badaloni. DT: Diego Mart\u00ednez.<\/p>\n\n\n\n<p><strong>Goles en el primer tiempo<\/strong>: 40m. Vera Oviedo (CC) de penal; 43m. Ojeda (GC)<\/p>\n\n\n\n<p><strong>Cambios en el segundo tiempo<\/strong>: antes del inicio, Oscar Salom\u00f3n por Maciel (CC); 19m. Ariel Rojas por I. Ram\u00edrez y Jos\u00e9 Luis Fern\u00e1ndez por Rosales (CC); 24m. Nahuel Barrios por Vella (CC); 32m. Juan Ignacio Vieyra por Arga\u00f1araz (CC); 33m. Alan Cantero por Badaloni y Hugo Silva por Alvarez (GC)<\/p>\n\n\n\n<p><strong>Amonestado<\/strong>: Maciel (CC)<\/p>\n\n\n\n<p><strong>Cancha<\/strong>: Alfredo Terrera (Santiago del Estero)<\/p>\n\n\n\n<p><strong>Arbitro<\/strong>: Jorge Bali\u00f1o.<\/p>\n","protected":false},"excerpt":{"rendered":"<p>En el estreno de la nueva dupla t\u00e9cnica, el Ferroviario no pudo sostener la ventaja y empat\u00f3 1-1 con el Tomba.<\/p>\n","protected":false},"author":2,"featured_media":14748,"comment_status":"open","ping_status":"open","sticky":false,"template":"","format":"standard","meta":{"om_disable_all_campaigns":false,"_monsterinsights_skip_tracking":false,"_monsterinsights_sitenote_active":false,"_monsterinsights_sitenote_note":"","_monsterinsights_sitenote_category":0,"_uf_show_specific_survey":0,"_uf_disable_surveys":false,"jetpack_post_was_ever_published":false,"_jetpack_newsletter_access":"","_jetpack_dont_email_post_to_subs":false,"_jetpack_newsletter_tier_id":0,"_jetpack_memberships_contains_paywalled_content":false,"_jetpack_memberships_contains_paid_content":false,"footnotes":"","jetpack_publicize_message":"","jetpack_publicize_feature_enabled":true,"jetpack_social_post_already_shared":false,"jetpack_social_options":{"image_generator_settings":{"template":"highway","default_image_id":0,"font":"","enabled":false},"version":2}},"categories":[6],"tags":[],"class_list":["post-14747","post","type-post","status-publish","format-standard","has-post-thumbnail","hentry","category-deportes"],"aioseo_notices":[],"views":8,"jetpack_publicize_connections":[],"jetpack_featured_media_url":"https:\/\/i0.wp.com\/elterritorialweb.com.ar\/web\/wp-content\/uploads\/2020\/12\/central-godoy-cruz.jpg?fit=1080%2C727&ssl=1","jetpack_sharing_enabled":true,"_links":{"self":[{"href":"https:\/\/elterritorialweb.com.ar\/web\/wp-json\/wp\/v2\/posts\/14747","targetHints":{"allow":["GET"]}}],"collection":[{"href":"https:\/\/elterritorialweb.com.ar\/web\/wp-json\/wp\/v2\/posts"}],"about":[{"href":"https:\/\/elterritorialweb.com.ar\/web\/wp-json\/wp\/v2\/types\/post"}],"author":[{"embeddable":true,"href":"https:\/\/elterritorialweb.com.ar\/web\/wp-json\/wp\/v2\/users\/2"}],"replies":[{"embeddable":true,"href":"https:\/\/elterritorialweb.com.ar\/web\/wp-json\/wp\/v2\/comments?post=14747"}],"version-history":[{"count":2,"href":"https:\/\/elterritorialweb.com.ar\/web\/wp-json\/wp\/v2\/posts\/14747\/revisions"}],"predecessor-version":[{"id":14752,"href":"https:\/\/elterritorialweb.com.ar\/web\/wp-json\/wp\/v2\/posts\/14747\/revisions\/14752"}],"wp:featuredmedia":[{"embeddable":true,"href":"https:\/\/elterritorialweb.com.ar\/web\/wp-json\/wp\/v2\/media\/14748"}],"wp:attachment":[{"href":"https:\/\/elterritorialweb.com.ar\/web\/wp-json\/wp\/v2\/media?parent=14747"}],"wp:term":[{"taxonomy":"category","embeddable":true,"href":"https:\/\/elterritorialweb.com.ar\/web\/wp-json\/wp\/v2\/categories?post=14747"},{"taxonomy":"post_tag","embeddable":true,"href":"https:\/\/elterritorialweb.com.ar\/web\/wp-json\/wp\/v2\/tags?post=14747"}],"curies":[{"name":"wp","href":"https:\/\/api.w.org\/{rel}","templated":true}]}}