{"id":14753,"date":"2020-12-15T04:06:01","date_gmt":"2020-12-15T04:06:01","guid":{"rendered":"http:\/\/elterritorialweb.com.ar\/web\/?p=14753"},"modified":"2020-12-15T04:06:02","modified_gmt":"2020-12-15T04:06:02","slug":"el-gobierno-provincial-continua-con-la-ejecucion-de-obras-publicas-en-la-provincia","status":"publish","type":"post","link":"https:\/\/elterritorialweb.com.ar\/web\/el-gobierno-provincial-continua-con-la-ejecucion-de-obras-publicas-en-la-provincia\/","title":{"rendered":"EL GOBIERNO PROVINCIAL CONTIN\u00daA CON LA EJECUCI\u00d3N DE  OBRAS P\u00daBLICAS EN LA PROVINCIA"},"content":{"rendered":"\n<p>Se trata de construcciones, refacciones en edificios escolares; como as\u00ed tambi\u00e9n caminos, obras el\u00e9ctricas e h\u00eddricas.<\/p>\n\n\n\n<p>En el rubro de establecimientos educativos, figuran: Construcci\u00f3n de pisos cer\u00e1micos, revoques, cambio de carpinter\u00edas, pintura, sanitarios, electricidad en la escuela N\u00b0 79 de la localidad de Caloj Pozo, dpto. Copo. Demolici\u00f3n de techo de viguetas, construcci\u00f3n de techo met\u00e1lico, patio de formaci\u00f3n cubierto y arreglo en general en la escuela N\u00b0 202 Araoz de Lamadrid, ubicada en Quilumpa, &#8211; dpto. Moreno.<\/p>\n\n\n\n<p>Refacci\u00f3n general de la escuela de la Patria N\u00b0 1238 de Loreto, dpto. Loreto.Construcci\u00f3n de patio cubierto, cerca perimetral y p\u00f3rtico de ingreso, arreglos en general en la escuela N\u00b0 991, ubicada en la localidad de Chira, dpto. Salavina.<\/p>\n\n\n\n<p>Demolici\u00f3n y construcci\u00f3n de sobre techo, refacci\u00f3n general escuela N\u00b0 616 Sagrado coraz\u00f3n de Jes\u00fas ubicada en Conchayoj, dpto. Sarmiento.<\/p>\n\n\n\n<p>Ampliaci\u00f3n, reparaci\u00f3n de cubierta, cerramiento perimetral y refacciones generales en escuela N\u00b0 1244 ubicada en el Barrio El Rinc\u00f3n, dpto. Banda.<\/p>\n\n\n\n<p>Construcci\u00f3n de sanitarios, fog\u00f3n, patio cubierto, cerca perimetral y refacci\u00f3n de escuela N\u00b0 970 ubicada en Ancocha, dpto. Atamisqui.<\/p>\n\n\n\n<p>Construcci\u00f3n de un aula, cocina comedor y arreglos en general en escuela N\u00b0 235 ubicada en Vinal Esquina, dpto. Taboada.<\/p>\n\n\n\n<p>Construcci\u00f3n de n\u00facleo sanitario en colegio secundario \u201cDivino coraz\u00f3n de Jes\u00fas\u201d, ubicada en El Bobadal, dpto. Jim\u00e9nez.Demolici\u00f3n, refacci\u00f3n y ampliaci\u00f3n de direcci\u00f3n, cocina y SUM en el jard\u00edn N\u00b0 312\/ 227 ubicado en Card\u00f3n Esquina, dpto. Figueroa.<\/p>\n\n\n\n<p>Refacciones y construcci\u00f3n de sanitario, cocina, direcci\u00f3n y aula en la escuela N\u00b0 262 ubicada en Santa Ana, dpto. Figueroa. Demolici\u00f3n de sobre techo, construcci\u00f3n del mismo y arreglos en general en escuela N\u00b0 265 ubicada en Machaguay Huanchina, dpto. Figueroa<\/p>\n\n\n\n<p>En las obras en caminos est\u00e1n: <\/p>\n\n\n\n<p>Mejoramiento del camino provincial que une las localidades de Ardiles con Los Alderetes hasta el rio Dulce y acceso a escuela provincial N\u00b0 1074 del Camino de la Costa, dpto. Banda. <\/p>\n\n\n\n<p>En el aspecto h\u00eddrico, se puede mencionar:<\/p>\n\n\n\n<p>Ejecuci\u00f3n de una perforaci\u00f3n para suministro de agua en la localidad de paraje Fisco Chico y ejecuci\u00f3n de una perforaci\u00f3n para suministro de agua en la localidad de paraje Fisco Grande, ambos del dpto. Alberdi.<\/p>\n\n\n\n<p>Sistema de abastecimiento de agua potable a la localidad de San Rafael, departamento Capital. Canal Jume Esquina, reparaci\u00f3n y remodelaci\u00f3n de obra de arte km 15,600, dpto. Figueroa.<\/p>\n\n\n\n<p>Construcci\u00f3n de pozo en la localidad de Forres, departamento Robles. Adquisici\u00f3n de materiales para la conservaci\u00f3n de redes de agua potable, mantenimiento el\u00e9ctrico, adquisici\u00f3n de tableros y reparaci\u00f3n de una planta de osmosis inversa para la provisi\u00f3n de agua potable en localidades donde la DIOSSE presta servicios.<\/p>\n\n\n\n<p>Asimismo podemos mencionar la construcci\u00f3n de viviendas.<\/p>\n\n\n\n<p>Construcci\u00f3n de 48 (cuarenta y ocho) viviendas unifamiliares con infraestructura y obras complementarias en la ciudad de Santiago del Estero, dpto. Capital.<\/p>\n\n\n\n<p>Tambi\u00e9n hay obras el\u00e9ctricas:<\/p>\n\n\n\n<p>Provisi\u00f3n de material para el sistema de iluminaci\u00f3n led en el barrio Bosco III, dpto. Capital.<\/p>\n\n\n\n<p>Asimismo figuran obras como:<\/p>\n\n\n\n<p>Construcci\u00f3n de la UPA N\u00b0 7 ubicada en barrio El Tri\u00e1ngulo, dpto. Capital. Red de gas natural, red el\u00e9ctrica, alumbrado p\u00fablico para viviendas en el barrio Parque del Rio II, ciudad Capital.<\/p>\n\n\n\n<p>Red el\u00e9ctrica y sus complementarias, alumbrado p\u00fablico, red de gas natural, nexo de agua potable, nexo de desag\u00fces cloacales \u2013 barrio Torres del R\u00edo II, ciudad de La Banda, dpto. Banda.<\/p>\n","protected":false},"excerpt":{"rendered":"<p>El Gobierno de la provincia de Santiago del Estero contin\u00faa con la ejecuci\u00f3n de obras p\u00fablicas a lo largo y ancho de nuestro territorio. <\/p>\n","protected":false},"author":2,"featured_media":14754,"comment_status":"open","ping_status":"open","sticky":false,"template":"","format":"standard","meta":{"om_disable_all_campaigns":false,"_monsterinsights_skip_tracking":false,"_monsterinsights_sitenote_active":false,"_monsterinsights_sitenote_note":"","_monsterinsights_sitenote_category":0,"_uf_show_specific_survey":0,"_uf_disable_surveys":false,"jetpack_post_was_ever_published":false,"_jetpack_newsletter_access":"","_jetpack_dont_email_post_to_subs":false,"_jetpack_newsletter_tier_id":0,"_jetpack_memberships_contains_paywalled_content":false,"_jetpack_memberships_contains_paid_content":false,"footnotes":"","jetpack_publicize_message":"","jetpack_publicize_feature_enabled":true,"jetpack_social_post_already_shared":false,"jetpack_social_options":{"image_generator_settings":{"template":"highway","default_image_id":0,"font":"","enabled":false},"version":2}},"categories":[18],"tags":[],"class_list":["post-14753","post","type-post","status-publish","format-standard","has-post-thumbnail","hentry","category-politica"],"aioseo_notices":[],"views":6,"jetpack_publicize_connections":[],"jetpack_featured_media_url":"https:\/\/i0.wp.com\/elterritorialweb.com.ar\/web\/wp-content\/uploads\/2020\/12\/OBRAS-EN-SANTIAGO.jpg?fit=540%2C960&ssl=1","jetpack_sharing_enabled":true,"_links":{"self":[{"href":"https:\/\/elterritorialweb.com.ar\/web\/wp-json\/wp\/v2\/posts\/14753","targetHints":{"allow":["GET"]}}],"collection":[{"href":"https:\/\/elterritorialweb.com.ar\/web\/wp-json\/wp\/v2\/posts"}],"about":[{"href":"https:\/\/elterritorialweb.com.ar\/web\/wp-json\/wp\/v2\/types\/post"}],"author":[{"embeddable":true,"href":"https:\/\/elterritorialweb.com.ar\/web\/wp-json\/wp\/v2\/users\/2"}],"replies":[{"embeddable":true,"href":"https:\/\/elterritorialweb.com.ar\/web\/wp-json\/wp\/v2\/comments?post=14753"}],"version-history":[{"count":1,"href":"https:\/\/elterritorialweb.com.ar\/web\/wp-json\/wp\/v2\/posts\/14753\/revisions"}],"predecessor-version":[{"id":14755,"href":"https:\/\/elterritorialweb.com.ar\/web\/wp-json\/wp\/v2\/posts\/14753\/revisions\/14755"}],"wp:featuredmedia":[{"embeddable":true,"href":"https:\/\/elterritorialweb.com.ar\/web\/wp-json\/wp\/v2\/media\/14754"}],"wp:attachment":[{"href":"https:\/\/elterritorialweb.com.ar\/web\/wp-json\/wp\/v2\/media?parent=14753"}],"wp:term":[{"taxonomy":"category","embeddable":true,"href":"https:\/\/elterritorialweb.com.ar\/web\/wp-json\/wp\/v2\/categories?post=14753"},{"taxonomy":"post_tag","embeddable":true,"href":"https:\/\/elterritorialweb.com.ar\/web\/wp-json\/wp\/v2\/tags?post=14753"}],"curies":[{"name":"wp","href":"https:\/\/api.w.org\/{rel}","templated":true}]}}