{"id":14759,"date":"2020-12-15T17:40:20","date_gmt":"2020-12-15T17:40:20","guid":{"rendered":"http:\/\/elterritorialweb.com.ar\/web\/?p=14759"},"modified":"2020-12-15T17:46:31","modified_gmt":"2020-12-15T17:46:31","slug":"el-gobierno-provincial-entrego-camiones-compactadores-a-municipios-del-interior","status":"publish","type":"post","link":"https:\/\/elterritorialweb.com.ar\/web\/el-gobierno-provincial-entrego-camiones-compactadores-a-municipios-del-interior\/","title":{"rendered":"EL GOBIERNO PROVINCIAL ENTREG\u00d3 CAMIONES COMPACTADORES A MUNICIPIOS DEL INTERIOR"},"content":{"rendered":"\n<p>El<strong> gobierno de la provincia<\/strong>, a trav\u00e9s del Jefe de Gabinete de Ministros, El\u00edas Su\u00e1rez, entreg\u00f3 <strong>cinco camiones compactadores de residuos<\/strong> a las intendencias de la ciudades de <strong>Fr\u00edas, Termas de R\u00edo Hondo, Fern\u00e1ndez, A\u00f1atuya y La Banda. <\/strong><\/p>\n\n\n\n<figure class=\"wp-block-image size-large\"><a href=\"blob:http:\/\/elterritorialweb.com.ar\/3a7ac293-8bed-4b88-8c80-274150a6dbd3\"><img decoding=\"async\" src=\"blob:http:\/\/elterritorialweb.com.ar\/3a7ac293-8bed-4b88-8c80-274150a6dbd3\" alt=\"\"\/><\/a><\/figure>\n\n\n\n<p>. El <strong>jefe de Gabinete <\/strong>de Ministros, <strong>El\u00edas Suarez<\/strong> entreg\u00f3 las llaves de los camiones compactadores, que fueron recibidas por los intendentes de cada una de las ciudades beneficiadas: <strong>An\u00edbal Padula de Fr\u00edas dpto. Choya; Jorge Mukdise de Las Termas, dpto. Rio Hondo; V\u00edctor Araujo de Fern\u00e1ndez, dpto. Robles; Pablo Mirolo de La Banda, dpto. Banda y H\u00e9ctor Ib\u00e1\u00f1ez de la ciudad de A\u00f1atuya, dpto. Taboada.<\/strong><\/p>\n\n\n\n<p>Tras la entrega de llaves el jefe de gabinete dijo; \u201cestamos entregando cinco camiones compactadores a los municipios de La Banda, Termas, A\u00f1atuya, Fern\u00e1ndez y de Fr\u00edas, que sin duda van a ser de beneficio para la comunidad, para prestar un mejor servicio en cada una de estas ciudades\u201d y agreg\u00f3 \u201cuna vez m\u00e1s, por decisi\u00f3n del gobierno de la provincia y del gobernador Gerardo Zamora, estamos cumpliendo junto a los intendentes en darle estos veh\u00edculos, para que ellos les den el mejor uso posible\u201d, se\u00f1al\u00f3 El\u00edas Su\u00e1rez.<\/p>\n\n\n\n<figure class=\"wp-block-image size-large\"><a href=\"https:\/\/i0.wp.com\/elterritorialweb.com.ar\/web\/wp-content\/uploads\/2020\/12\/CAMIONES-COPACTADORES-2.jpg\"><img data-recalc-dims=\"1\" decoding=\"async\" width=\"640\" height=\"376\" data-src=\"https:\/\/i0.wp.com\/elterritorialweb.com.ar\/web\/wp-content\/uploads\/2020\/12\/CAMIONES-COPACTADORES-2.jpg?resize=640%2C376\" alt=\"\" class=\"wp-image-14762 lazyload\" data-srcset=\"https:\/\/i0.wp.com\/elterritorialweb.com.ar\/web\/wp-content\/uploads\/2020\/12\/CAMIONES-COPACTADORES-2.jpg?resize=1024%2C602&amp;ssl=1 1024w, https:\/\/i0.wp.com\/elterritorialweb.com.ar\/web\/wp-content\/uploads\/2020\/12\/CAMIONES-COPACTADORES-2.jpg?resize=300%2C176&amp;ssl=1 300w, https:\/\/i0.wp.com\/elterritorialweb.com.ar\/web\/wp-content\/uploads\/2020\/12\/CAMIONES-COPACTADORES-2.jpg?resize=768%2C452&amp;ssl=1 768w, https:\/\/i0.wp.com\/elterritorialweb.com.ar\/web\/wp-content\/uploads\/2020\/12\/CAMIONES-COPACTADORES-2.jpg?resize=1536%2C903&amp;ssl=1 1536w, https:\/\/i0.wp.com\/elterritorialweb.com.ar\/web\/wp-content\/uploads\/2020\/12\/CAMIONES-COPACTADORES-2.jpg?w=1668&amp;ssl=1 1668w, https:\/\/i0.wp.com\/elterritorialweb.com.ar\/web\/wp-content\/uploads\/2020\/12\/CAMIONES-COPACTADORES-2.jpg?w=1280 1280w\" data-sizes=\"(max-width: 640px) 100vw, 640px\" src=\"data:image\/svg+xml;base64,PHN2ZyB3aWR0aD0iMSIgaGVpZ2h0PSIxIiB4bWxucz0iaHR0cDovL3d3dy53My5vcmcvMjAwMC9zdmciPjwvc3ZnPg==\" style=\"--smush-placeholder-width: 640px; --smush-placeholder-aspect-ratio: 640\/376;\" \/><\/a><\/figure>\n\n\n\n<p>Por su parte <strong>Jorge Mukdise<\/strong>, intendente de Termas expres\u00f3; <em>\u00abquiero agradecer al gobernador de la provincia, quien est\u00e1 siempre atento a los requerimientos y a las necesidades de los municipios. El tema ambiental cada vez es m\u00e1s importante y cada vez m\u00e1s complejo, por el tratamiento que hay que darle a los residuos s\u00f3lidos urbanos. En el caso de Termas de R\u00edo Hondo, estamos en una etapa de separaci\u00f3n de residuos secos, h\u00famedos y eso nos exige una recolecci\u00f3n diferenciada en ese sentido\u201d<\/em>.<\/p>\n\n\n\n<figure class=\"wp-block-image size-large\"><a href=\"https:\/\/i0.wp.com\/elterritorialweb.com.ar\/web\/wp-content\/uploads\/2020\/12\/CAMIONES-COPACTADORES-4.jpg\"><img data-recalc-dims=\"1\" decoding=\"async\" width=\"640\" height=\"401\" data-src=\"https:\/\/i0.wp.com\/elterritorialweb.com.ar\/web\/wp-content\/uploads\/2020\/12\/CAMIONES-COPACTADORES-4.jpg?resize=640%2C401\" alt=\"\" class=\"wp-image-14763 lazyload\" data-srcset=\"https:\/\/i0.wp.com\/elterritorialweb.com.ar\/web\/wp-content\/uploads\/2020\/12\/CAMIONES-COPACTADORES-4.jpg?resize=1024%2C641&amp;ssl=1 1024w, https:\/\/i0.wp.com\/elterritorialweb.com.ar\/web\/wp-content\/uploads\/2020\/12\/CAMIONES-COPACTADORES-4.jpg?resize=300%2C188&amp;ssl=1 300w, https:\/\/i0.wp.com\/elterritorialweb.com.ar\/web\/wp-content\/uploads\/2020\/12\/CAMIONES-COPACTADORES-4.jpg?resize=768%2C481&amp;ssl=1 768w, https:\/\/i0.wp.com\/elterritorialweb.com.ar\/web\/wp-content\/uploads\/2020\/12\/CAMIONES-COPACTADORES-4.jpg?resize=1536%2C961&amp;ssl=1 1536w, https:\/\/i0.wp.com\/elterritorialweb.com.ar\/web\/wp-content\/uploads\/2020\/12\/CAMIONES-COPACTADORES-4.jpg?w=1644&amp;ssl=1 1644w, https:\/\/i0.wp.com\/elterritorialweb.com.ar\/web\/wp-content\/uploads\/2020\/12\/CAMIONES-COPACTADORES-4.jpg?w=1280 1280w\" data-sizes=\"(max-width: 640px) 100vw, 640px\" src=\"data:image\/svg+xml;base64,PHN2ZyB3aWR0aD0iMSIgaGVpZ2h0PSIxIiB4bWxucz0iaHR0cDovL3d3dy53My5vcmcvMjAwMC9zdmciPjwvc3ZnPg==\" style=\"--smush-placeholder-width: 640px; --smush-placeholder-aspect-ratio: 640\/401;\" \/><\/a><\/figure>\n\n\n\n<p><strong>Pablo Mirolo<\/strong>, intendente de La Banda dijo <em>\u201cqueremos agradecer al gobierno de la provincia por esta entrega de un cami\u00f3n compactador para el municipio, el cual nos va a permitir fortalecer todo el trabajo que venimos haciendo en la ciudad de la Banda en materia de limpieza a trav\u00e9s de la campa\u00f1a \u201cLa Banda Limpia\u201d. Este veh\u00edculo, nos va a permitir poder mejorar mucho el servicio, fortalecerlo y tener en cuenta que este a\u00f1o adem\u00e1s del trabajo convencional que hacemos permanentemente en la ciudad con la recolecci\u00f3n domiciliaria, levantando contenedores este cami\u00f3n tambi\u00e9n est\u00e1 apto para eso. Estoy muy agradecido y esperamos que sea lo mejor para nuestros vecino\u201d<\/em>.<\/p>\n","protected":false},"excerpt":{"rendered":"<p>La ceremonia se llev\u00f3 a cabo en la explanada de Casa de Gobierno cumpliendo con las normas de seguridad y distanciamiento social correspondiente y obligatorio por el contexto actual a causa del Covid-19<\/p>\n","protected":false},"author":2,"featured_media":14760,"comment_status":"open","ping_status":"open","sticky":false,"template":"","format":"standard","meta":{"om_disable_all_campaigns":false,"_monsterinsights_skip_tracking":false,"_monsterinsights_sitenote_active":false,"_monsterinsights_sitenote_note":"","_monsterinsights_sitenote_category":0,"_uf_show_specific_survey":0,"_uf_disable_surveys":false,"jetpack_post_was_ever_published":false,"_jetpack_newsletter_access":"","_jetpack_dont_email_post_to_subs":false,"_jetpack_newsletter_tier_id":0,"_jetpack_memberships_contains_paywalled_content":false,"_jetpack_memberships_contains_paid_content":false,"footnotes":"","jetpack_publicize_message":"","jetpack_publicize_feature_enabled":true,"jetpack_social_post_already_shared":false,"jetpack_social_options":{"image_generator_settings":{"template":"highway","default_image_id":0,"font":"","enabled":false},"version":2}},"categories":[18],"tags":[],"class_list":["post-14759","post","type-post","status-publish","format-standard","has-post-thumbnail","hentry","category-politica"],"aioseo_notices":[],"views":4,"jetpack_publicize_connections":[],"jetpack_featured_media_url":"https:\/\/i0.wp.com\/elterritorialweb.com.ar\/web\/wp-content\/uploads\/2020\/12\/CAMIONES-COPACTADORES.jpg?fit=1875%2C1250&ssl=1","jetpack_sharing_enabled":true,"_links":{"self":[{"href":"https:\/\/elterritorialweb.com.ar\/web\/wp-json\/wp\/v2\/posts\/14759","targetHints":{"allow":["GET"]}}],"collection":[{"href":"https:\/\/elterritorialweb.com.ar\/web\/wp-json\/wp\/v2\/posts"}],"about":[{"href":"https:\/\/elterritorialweb.com.ar\/web\/wp-json\/wp\/v2\/types\/post"}],"author":[{"embeddable":true,"href":"https:\/\/elterritorialweb.com.ar\/web\/wp-json\/wp\/v2\/users\/2"}],"replies":[{"embeddable":true,"href":"https:\/\/elterritorialweb.com.ar\/web\/wp-json\/wp\/v2\/comments?post=14759"}],"version-history":[{"count":1,"href":"https:\/\/elterritorialweb.com.ar\/web\/wp-json\/wp\/v2\/posts\/14759\/revisions"}],"predecessor-version":[{"id":14764,"href":"https:\/\/elterritorialweb.com.ar\/web\/wp-json\/wp\/v2\/posts\/14759\/revisions\/14764"}],"wp:featuredmedia":[{"embeddable":true,"href":"https:\/\/elterritorialweb.com.ar\/web\/wp-json\/wp\/v2\/media\/14760"}],"wp:attachment":[{"href":"https:\/\/elterritorialweb.com.ar\/web\/wp-json\/wp\/v2\/media?parent=14759"}],"wp:term":[{"taxonomy":"category","embeddable":true,"href":"https:\/\/elterritorialweb.com.ar\/web\/wp-json\/wp\/v2\/categories?post=14759"},{"taxonomy":"post_tag","embeddable":true,"href":"https:\/\/elterritorialweb.com.ar\/web\/wp-json\/wp\/v2\/tags?post=14759"}],"curies":[{"name":"wp","href":"https:\/\/api.w.org\/{rel}","templated":true}]}}