{"id":14765,"date":"2020-12-15T18:04:55","date_gmt":"2020-12-15T18:04:55","guid":{"rendered":"http:\/\/elterritorialweb.com.ar\/web\/?p=14765"},"modified":"2020-12-15T18:06:39","modified_gmt":"2020-12-15T18:06:39","slug":"fuentes-habilito-barreras-mecanicas-en-el-inicio-de-las-semipeatonales-en-la-plaza-libertad","status":"publish","type":"post","link":"https:\/\/elterritorialweb.com.ar\/web\/fuentes-habilito-barreras-mecanicas-en-el-inicio-de-las-semipeatonales-en-la-plaza-libertad\/","title":{"rendered":"FUENTES HABILIT\u00d3 BARRERAS MEC\u00c1NICAS EN EL INICIO DE LAS SEMIPEATONALES EN LA PLAZA LIBERTAD"},"content":{"rendered":"\n<p>Las mismas se colocaron en las intersecciones de las calles Libertad e Independencia, por un lado; y Avellaneda y 24 de Septiembre, por el otro; con el prop\u00f3sito de regular la circulaci\u00f3n vehicular y otorgar mayor seguridad a los peatones.<\/p>\n\n\n\n<p>La jefa comunal estuvo acompa\u00f1ada por el secretario de Planeamiento, Obras y Servicios P\u00fablicos, Arq. Jorge Vila, y el director de Tr\u00e1nsito, Ing. Carlos Bucci. En este sentido, Fuentes indic\u00f3 que \u00abcon la incorporaci\u00f3n de estas nuevas barreras, buscamos generar un mayor ordenamiento urbano, liberando a los agentes de tr\u00e1nsito que cumpl\u00edan funciones all\u00ed para destinarlos a otros sectores claves\u00bb.<\/p>\n\n\n\n<p>\u00abEl tr\u00e1nsito vehicular en esos accesos est\u00e1 restringido, pudiendo circular solamente las personas autorizadas, quienes deber\u00e1n correr la barrera manualmente, engancharla, posteriormente retirar el enganche para que la barrera vuelva a su lugar una vez que hayan cruzado\u00bb, explic\u00f3.<\/p>\n\n\n\n<p>La intendente se\u00f1al\u00f3 que \u00abanteriormente, los vecinos autorizados deb\u00edan mover una pesada barrera de hierro para poder pasar\u201d. \u00abQueremos optimizar los recursos humanos con los que contamos, ubic\u00e1ndolos donde m\u00e1s se los necesita; avanzando progresivamente en este tipo de sistemas como es de uso en otras ciudades\u00bb, finaliz\u00f3.<a href=\"https:\/\/www.facebook.com\/264403147583987\/photos\/a.359512004739767\/680076692683295\/?__cft__[0]=AZWuO2jTyMNuqdzOSU554RZ4p_RR6M3OKLd_eLfuSEB_05NTAgANQNmNBZGhHILaLweItr-DRQBNwcePxgkztW2iaieqmiKcMeZRnhVVRAEjUqeHmiKOzjEzJoHwNwYWLCTRSad0jbgnfqSfxbJaJ1RT&amp;__tn__=EH-R\"><\/a><\/p>\n","protected":false},"excerpt":{"rendered":"<p>La intendente de la Capital, Ing. Norma Fuentes, habilit\u00f3 la puesta en funcionamiento de nuevas barreras mec\u00e1nicas en las semi peatonales que rodean la plaza Libertad.<\/p>\n","protected":false},"author":2,"featured_media":14766,"comment_status":"open","ping_status":"open","sticky":false,"template":"","format":"standard","meta":{"om_disable_all_campaigns":false,"_monsterinsights_skip_tracking":false,"_monsterinsights_sitenote_active":false,"_monsterinsights_sitenote_note":"","_monsterinsights_sitenote_category":0,"_uf_show_specific_survey":0,"_uf_disable_surveys":false,"jetpack_post_was_ever_published":false,"_jetpack_newsletter_access":"","_jetpack_dont_email_post_to_subs":false,"_jetpack_newsletter_tier_id":0,"_jetpack_memberships_contains_paywalled_content":false,"_jetpack_memberships_contains_paid_content":false,"footnotes":"","jetpack_publicize_message":"","jetpack_publicize_feature_enabled":true,"jetpack_social_post_already_shared":false,"jetpack_social_options":{"image_generator_settings":{"template":"highway","default_image_id":0,"font":"","enabled":false},"version":2}},"categories":[21],"tags":[],"class_list":["post-14765","post","type-post","status-publish","format-standard","has-post-thumbnail","hentry","category-locales"],"aioseo_notices":[],"views":6,"jetpack_publicize_connections":[],"jetpack_featured_media_url":"https:\/\/i0.wp.com\/elterritorialweb.com.ar\/web\/wp-content\/uploads\/2020\/12\/FUENTES-BARRERAS-MECANICAS.jpg?fit=1280%2C853&ssl=1","jetpack_sharing_enabled":true,"_links":{"self":[{"href":"https:\/\/elterritorialweb.com.ar\/web\/wp-json\/wp\/v2\/posts\/14765","targetHints":{"allow":["GET"]}}],"collection":[{"href":"https:\/\/elterritorialweb.com.ar\/web\/wp-json\/wp\/v2\/posts"}],"about":[{"href":"https:\/\/elterritorialweb.com.ar\/web\/wp-json\/wp\/v2\/types\/post"}],"author":[{"embeddable":true,"href":"https:\/\/elterritorialweb.com.ar\/web\/wp-json\/wp\/v2\/users\/2"}],"replies":[{"embeddable":true,"href":"https:\/\/elterritorialweb.com.ar\/web\/wp-json\/wp\/v2\/comments?post=14765"}],"version-history":[{"count":1,"href":"https:\/\/elterritorialweb.com.ar\/web\/wp-json\/wp\/v2\/posts\/14765\/revisions"}],"predecessor-version":[{"id":14767,"href":"https:\/\/elterritorialweb.com.ar\/web\/wp-json\/wp\/v2\/posts\/14765\/revisions\/14767"}],"wp:featuredmedia":[{"embeddable":true,"href":"https:\/\/elterritorialweb.com.ar\/web\/wp-json\/wp\/v2\/media\/14766"}],"wp:attachment":[{"href":"https:\/\/elterritorialweb.com.ar\/web\/wp-json\/wp\/v2\/media?parent=14765"}],"wp:term":[{"taxonomy":"category","embeddable":true,"href":"https:\/\/elterritorialweb.com.ar\/web\/wp-json\/wp\/v2\/categories?post=14765"},{"taxonomy":"post_tag","embeddable":true,"href":"https:\/\/elterritorialweb.com.ar\/web\/wp-json\/wp\/v2\/tags?post=14765"}],"curies":[{"name":"wp","href":"https:\/\/api.w.org\/{rel}","templated":true}]}}