{"id":14768,"date":"2020-12-15T18:12:03","date_gmt":"2020-12-15T18:12:03","guid":{"rendered":"http:\/\/elterritorialweb.com.ar\/web\/?p=14768"},"modified":"2020-12-15T18:12:04","modified_gmt":"2020-12-15T18:12:04","slug":"el-presidente-participo-del-acto-central-por-el-dia-del-trabajador-camionero","status":"publish","type":"post","link":"https:\/\/elterritorialweb.com.ar\/web\/el-presidente-participo-del-acto-central-por-el-dia-del-trabajador-camionero\/","title":{"rendered":"EL PRESIDENTE PARTICIP\u00d3 DEL ACTO CENTRAL POR EL D\u00cdA DEL TRABAJADOR CAMIONERO"},"content":{"rendered":"\n<p>\u201cEl sistema sindical y los sindicatos se unieron con nosotros para trabajar cuando hizo falta\u201d durante la pandemia, record\u00f3 el mandatario y afirm\u00f3: \u201cPor eso deben estar orgullosos del gremio que han sabido formar y de los dirigentes que hicieron este gremio porque las ollas populares, los hospitales, y las acciones solidarias que hicieron nos ayudaron a pasar la peor de las pesadillas que la Argentina ha vivido\u201d.<\/p>\n\n\n\n<p>En ese sentido, especific\u00f3 que \u201clos intereses que queremos representar son los de los que la est\u00e1n pasando muy mal y los que han quedado sumidos en el pozo de la pobreza\u201d, al tiempo que destac\u00f3: \u201cTenemos una responsabilidad hist\u00f3rica que es representar los intereses de esos trabajadores\u201d.<\/p>\n\n\n\n<p>El mandatario repas\u00f3 las medidas que el Gobierno nacional llev\u00f3 adelante para sostener el empleo durante la pandemia porque \u201cas\u00ed dignificamos la condici\u00f3n de seres humanos que tenemos\u201d, y defini\u00f3: \u201cTuvimos que adaptarnos a un escenario que no era el que esper\u00e1bamos, pero nos arremangamos y sacamos a relucir lo mejor que tenemos que es la solidaridad\u201d.<\/p>\n\n\n\n<p>El jefe de Estado estuvo acompa\u00f1ado por el gobernador de Buenos Aires, Axel Kicillof; el secretario General de la Federaci\u00f3n Nacional de Trabajadores Camioneros, Hugo Moyano; y el secretario adjunto, Pablo Moyano. Tambi\u00e9n participaron del acto mediante videoconferencia representantes de la Federaci\u00f3n de todo el pa\u00eds.<\/p>\n\n\n\n<p>Al exponer, Kicillof asegur\u00f3 \u201cque el sistema sindical y los trabajadores de la Argentina merecen un agradecimiento porque nos dieron de comer durante la pandemia, porque transportaron desde respiradores hasta insumos m\u00e9dicos. Hab\u00eda que ponerle el cuerpo a la pandemia y a ustedes se los vio haci\u00e9ndolo\u201d, al tiempo que subray\u00f3: \u201cHan sido un eslab\u00f3n clave para que el pa\u00eds siguiera funcionando\u201d.<\/p>\n\n\n\n<p>Por su parte, Moyano explic\u00f3 que \u201cla actividad esencial de servir a nuestros hermanos para evitar que falte mercader\u00eda es la responsabilidad que tuvimos los camioneros durante toda la pandemia. Siguieron adelante, sufrieron mucho, y se hicieron muchos sacrificios, por lo que nos sentimos inmensamente orgullosos\u201d.<\/p>\n\n\n\n<p>Y ponder\u00f3 que \u201cel Gobierno est\u00e1 haciendo un esfuerzo tremendo e important\u00edsimo para superar esta situaci\u00f3n que estamos sufriendo. No estamos como deber\u00edamos estar, pero realmente estamos mejor que otros lugares del mundo que est\u00e1n padeciendo lo mismo\u201d.<\/p>\n\n\n\n<p>El D\u00eda del Trabajador Camionero conmemora la suscripci\u00f3n del primer convenio colectivo de trabajo que incluy\u00f3 a ese sector, celebrado el 15 de diciembre de 1967. En tanto, el Sindicato fue creado el 16 de marzo de 1943.<\/p>\n\n\n\n<p>Asimismo, en el d\u00eda de hoy se inicia la Reuni\u00f3n Nacional del Consejo Directivo de la Federaci\u00f3n Nacional de Trabajadores Camioneros y Obreros del Transporte Automotor de Cargas, Log\u00edstica y Servicios (FEDCAM).<\/p>\n","protected":false},"excerpt":{"rendered":"<p>El presidente Alberto Fern\u00e1ndez particip\u00f3 este mediod\u00eda del acto central por el D\u00eda del Camionero, que se realiz\u00f3 en la sede de la Federaci\u00f3n Nacional de Trabajadores Camioneros y Obreros del Transporte Automotor de Cargas, Log\u00edstica y Servicios, en el barrio porte\u00f1o de Constituci\u00f3n, en el marco de la celebraci\u00f3n del Congreso Anual Sindical.<\/p>\n","protected":false},"author":2,"featured_media":14769,"comment_status":"open","ping_status":"open","sticky":false,"template":"","format":"standard","meta":{"om_disable_all_campaigns":false,"_monsterinsights_skip_tracking":false,"_monsterinsights_sitenote_active":false,"_monsterinsights_sitenote_note":"","_monsterinsights_sitenote_category":0,"_uf_show_specific_survey":0,"_uf_disable_surveys":false,"jetpack_post_was_ever_published":false,"_jetpack_newsletter_access":"","_jetpack_dont_email_post_to_subs":false,"_jetpack_newsletter_tier_id":0,"_jetpack_memberships_contains_paywalled_content":false,"_jetpack_memberships_contains_paid_content":false,"footnotes":"","jetpack_publicize_message":"","jetpack_publicize_feature_enabled":true,"jetpack_social_post_already_shared":false,"jetpack_social_options":{"image_generator_settings":{"template":"highway","default_image_id":0,"font":"","enabled":false},"version":2}},"categories":[18],"tags":[],"class_list":["post-14768","post","type-post","status-publish","format-standard","has-post-thumbnail","hentry","category-politica"],"aioseo_notices":[],"views":12,"jetpack_publicize_connections":[],"jetpack_featured_media_url":"https:\/\/i0.wp.com\/elterritorialweb.com.ar\/web\/wp-content\/uploads\/2020\/12\/FERNANDEZ-EN-CAMIONEROS.jpg?fit=1940%2C1519&ssl=1","jetpack_sharing_enabled":true,"_links":{"self":[{"href":"https:\/\/elterritorialweb.com.ar\/web\/wp-json\/wp\/v2\/posts\/14768","targetHints":{"allow":["GET"]}}],"collection":[{"href":"https:\/\/elterritorialweb.com.ar\/web\/wp-json\/wp\/v2\/posts"}],"about":[{"href":"https:\/\/elterritorialweb.com.ar\/web\/wp-json\/wp\/v2\/types\/post"}],"author":[{"embeddable":true,"href":"https:\/\/elterritorialweb.com.ar\/web\/wp-json\/wp\/v2\/users\/2"}],"replies":[{"embeddable":true,"href":"https:\/\/elterritorialweb.com.ar\/web\/wp-json\/wp\/v2\/comments?post=14768"}],"version-history":[{"count":1,"href":"https:\/\/elterritorialweb.com.ar\/web\/wp-json\/wp\/v2\/posts\/14768\/revisions"}],"predecessor-version":[{"id":14770,"href":"https:\/\/elterritorialweb.com.ar\/web\/wp-json\/wp\/v2\/posts\/14768\/revisions\/14770"}],"wp:featuredmedia":[{"embeddable":true,"href":"https:\/\/elterritorialweb.com.ar\/web\/wp-json\/wp\/v2\/media\/14769"}],"wp:attachment":[{"href":"https:\/\/elterritorialweb.com.ar\/web\/wp-json\/wp\/v2\/media?parent=14768"}],"wp:term":[{"taxonomy":"category","embeddable":true,"href":"https:\/\/elterritorialweb.com.ar\/web\/wp-json\/wp\/v2\/categories?post=14768"},{"taxonomy":"post_tag","embeddable":true,"href":"https:\/\/elterritorialweb.com.ar\/web\/wp-json\/wp\/v2\/tags?post=14768"}],"curies":[{"name":"wp","href":"https:\/\/api.w.org\/{rel}","templated":true}]}}