{"id":14771,"date":"2020-12-15T18:29:13","date_gmt":"2020-12-15T18:29:13","guid":{"rendered":"http:\/\/elterritorialweb.com.ar\/web\/?p=14771"},"modified":"2020-12-15T18:29:14","modified_gmt":"2020-12-15T18:29:14","slug":"la-camara-de-diputados-convirtio-en-ley-el-proyecto-de-presupuesto-2021","status":"publish","type":"post","link":"https:\/\/elterritorialweb.com.ar\/web\/la-camara-de-diputados-convirtio-en-ley-el-proyecto-de-presupuesto-2021\/","title":{"rendered":"LA C\u00c1MARA DE DIPUTADOS CONVIRTI\u00d3 EN LEY EL PROYECTO DE PRESUPUESTO 2021"},"content":{"rendered":"\n<p>En la jornada de este martes, en la \u00faltima sesi\u00f3n ordinaria virtual del a\u00f1o conducida por el vicegobernador de la provincia y presidente de la <strong>C\u00e1mara de Diputados<\/strong>, <strong>Dr. Carlos Silva Neder<\/strong>, el <strong>Presupuesto 2021<\/strong>, remitido desde el Poder Ejecutivo, <strong>fue aprobado<\/strong> luego del an\u00e1lisis y posterior despacho favorable desde la Comisi\u00f3n Mixta de Legislaci\u00f3n General, Econom\u00eda, Presupuesto y Hacienda.<\/p>\n\n\n\n<p>Precisamente, por ser la \u00faltima sesi\u00f3n ordinaria 2020, Silva Neder, titular natural del Poder Legislativo, agradeci\u00f3 y reconoci\u00f3<em> \u201cel compromiso asumido por los diputados de todos los bloques para cumplir con el trabajo legislativo en un a\u00f1o at\u00edpico signado por la pandemia\u201d y por haber \u201caceptado el desaf\u00edo de sesionar en forma virtual durante todo el a\u00f1o\u201d<\/em>.<\/p>\n\n\n\n<figure class=\"wp-block-image size-large\"><a href=\"https:\/\/i0.wp.com\/elterritorialweb.com.ar\/web\/wp-content\/uploads\/2020\/12\/DIPUTADOS-PRESUPUESTO-1.jpg\"><img data-recalc-dims=\"1\" decoding=\"async\" width=\"640\" height=\"288\" data-src=\"https:\/\/i0.wp.com\/elterritorialweb.com.ar\/web\/wp-content\/uploads\/2020\/12\/DIPUTADOS-PRESUPUESTO-1.jpg?resize=640%2C288\" alt=\"\" class=\"wp-image-14773 lazyload\" data-srcset=\"https:\/\/i0.wp.com\/elterritorialweb.com.ar\/web\/wp-content\/uploads\/2020\/12\/DIPUTADOS-PRESUPUESTO-1.jpg?resize=1024%2C461&amp;ssl=1 1024w, https:\/\/i0.wp.com\/elterritorialweb.com.ar\/web\/wp-content\/uploads\/2020\/12\/DIPUTADOS-PRESUPUESTO-1.jpg?resize=300%2C135&amp;ssl=1 300w, https:\/\/i0.wp.com\/elterritorialweb.com.ar\/web\/wp-content\/uploads\/2020\/12\/DIPUTADOS-PRESUPUESTO-1.jpg?resize=768%2C346&amp;ssl=1 768w, https:\/\/i0.wp.com\/elterritorialweb.com.ar\/web\/wp-content\/uploads\/2020\/12\/DIPUTADOS-PRESUPUESTO-1.jpg?w=1422&amp;ssl=1 1422w, https:\/\/i0.wp.com\/elterritorialweb.com.ar\/web\/wp-content\/uploads\/2020\/12\/DIPUTADOS-PRESUPUESTO-1.jpg?w=1280 1280w\" data-sizes=\"(max-width: 640px) 100vw, 640px\" src=\"data:image\/svg+xml;base64,PHN2ZyB3aWR0aD0iMSIgaGVpZ2h0PSIxIiB4bWxucz0iaHR0cDovL3d3dy53My5vcmcvMjAwMC9zdmciPjwvc3ZnPg==\" style=\"--smush-placeholder-width: 640px; --smush-placeholder-aspect-ratio: 640\/288;\" \/><\/a><\/figure>\n\n\n\n<p>Asimismo, destac\u00f3 <em>\u201cel trabajo de todas las autoridades de la C\u00e1mara de Diputados, de los empleados y de todos aquellos que posibilitaron que la Legislatura santiague\u00f1a haya sido la primera del NOA en tener sesiones virtuales ininterrumpidas durante la pandemia, incluso durante el per\u00edodo invernal donde o hubo receso\u201d<\/em>.<\/p>\n\n\n\n<p>Previo al trabajo legislativo propiamente dicho, tom\u00f3 estado parlamentario un proyecto de ley remitido por el Poder Ejecutivo mediante el cual se ratifica el Consenso Fiscal 2020 rubricado recientemente por el gobernador de la provincia, Dr. Gerardo Zamora, junto con sus pares de todo el pa\u00eds, y el presidente de la Naci\u00f3n, Dr. Alberto Fern\u00e1ndez. Esta iniciativa fue enviada a la Comisi\u00f3n correspondiente para su an\u00e1lisis y posterior despacho para su tratamiento en la Legislatura.<\/p>\n\n\n\n<p>Durante la sesi\u00f3n, los legisladores destacaron que el Presupuesto 2021 \u201cse proyect\u00f3 con un volumen de gastos que permitir\u00e1 mantener el extraordinario nivel de actividad generado en los \u00faltimos a\u00f1os en la Provincia, continuando con el acento en la inversi\u00f3n\u201d.<\/p>\n\n\n\n<figure class=\"wp-block-image size-large\"><a href=\"https:\/\/i0.wp.com\/elterritorialweb.com.ar\/web\/wp-content\/uploads\/2020\/12\/DIPUTADOS-PRESUPUESTO-2.jpg\"><img data-recalc-dims=\"1\" decoding=\"async\" width=\"640\" height=\"386\" data-src=\"https:\/\/i0.wp.com\/elterritorialweb.com.ar\/web\/wp-content\/uploads\/2020\/12\/DIPUTADOS-PRESUPUESTO-2.jpg?resize=640%2C386\" alt=\"\" class=\"wp-image-14774 lazyload\" data-srcset=\"https:\/\/i0.wp.com\/elterritorialweb.com.ar\/web\/wp-content\/uploads\/2020\/12\/DIPUTADOS-PRESUPUESTO-2.jpg?w=960&amp;ssl=1 960w, https:\/\/i0.wp.com\/elterritorialweb.com.ar\/web\/wp-content\/uploads\/2020\/12\/DIPUTADOS-PRESUPUESTO-2.jpg?resize=300%2C181&amp;ssl=1 300w, https:\/\/i0.wp.com\/elterritorialweb.com.ar\/web\/wp-content\/uploads\/2020\/12\/DIPUTADOS-PRESUPUESTO-2.jpg?resize=768%2C463&amp;ssl=1 768w\" data-sizes=\"(max-width: 640px) 100vw, 640px\" src=\"data:image\/svg+xml;base64,PHN2ZyB3aWR0aD0iMSIgaGVpZ2h0PSIxIiB4bWxucz0iaHR0cDovL3d3dy53My5vcmcvMjAwMC9zdmciPjwvc3ZnPg==\" style=\"--smush-placeholder-width: 640px; --smush-placeholder-aspect-ratio: 640\/386;\" \/><\/a><\/figure>\n\n\n\n<p>En lo referido al gasto en Educaci\u00f3n, el Presupuesto destina para esa finalidad $ 38.523,28 millones, que representa el 32,2% del total; para Servicios Sociales se destina $ 75.796,84 millones y representa un 63,4 %; vivienda tiene una asignaci\u00f3n de $ 7.879,13 millones; para Salud, se destina $ 17.541,18 millones; para Seguridad, prev\u00e9 $ 6.069,09 y para Promoci\u00f3n y Asistencia Social, $ 7.167,84 millones, entre otros.<\/p>\n\n\n\n<p>Asimismo, los parlamentarios aprobaron otro proyecto de Ley remitido por el Poder Ejecutivo que deja sin efecto la obligaci\u00f3n de pago en el impuesto sobre los Ingresos Brutos, correspondientes a los ingresos obtenidos y siguiendo las pautas establecidas en el C\u00f3digo Fiscal, a las actividades que estuvieron con restricci\u00f3n absoluta debido a la Pandemia por Covid-19.<\/p>\n\n\n\n<p>En tal sentido, los legisladores expresaron que \u201cesta iniciativa impulsada desde el Poder Ejecutivo reconoce el sacrificio econ\u00f3mico que hicieron algunas actividades econ\u00f3micas durante la pandemia por Covid-19 y que a\u00fan hoy contin\u00faa atravesando nuestro pa\u00eds\u201d. \u201cEsta iniciativa refleja que hay un Estado Provincial presente en la b\u00fasqueda de soluciones para todos los sectores, como en este caso, para algunas actividades econ\u00f3micas que durante el aislamiento social, preventivo y obligatorio tuvieron ingresos nulos o casi nulos\u201d, indicaron.<\/p>\n\n\n\n<figure class=\"wp-block-image size-large\"><a href=\"https:\/\/i0.wp.com\/elterritorialweb.com.ar\/web\/wp-content\/uploads\/2020\/12\/DIPUTADOS-PRESUPUESTO-3.jpg\"><img data-recalc-dims=\"1\" decoding=\"async\" width=\"640\" height=\"402\" data-src=\"https:\/\/i0.wp.com\/elterritorialweb.com.ar\/web\/wp-content\/uploads\/2020\/12\/DIPUTADOS-PRESUPUESTO-3.jpg?resize=640%2C402\" alt=\"\" class=\"wp-image-14775 lazyload\" data-srcset=\"https:\/\/i0.wp.com\/elterritorialweb.com.ar\/web\/wp-content\/uploads\/2020\/12\/DIPUTADOS-PRESUPUESTO-3.jpg?w=960&amp;ssl=1 960w, https:\/\/i0.wp.com\/elterritorialweb.com.ar\/web\/wp-content\/uploads\/2020\/12\/DIPUTADOS-PRESUPUESTO-3.jpg?resize=300%2C188&amp;ssl=1 300w, https:\/\/i0.wp.com\/elterritorialweb.com.ar\/web\/wp-content\/uploads\/2020\/12\/DIPUTADOS-PRESUPUESTO-3.jpg?resize=768%2C482&amp;ssl=1 768w\" data-sizes=\"(max-width: 640px) 100vw, 640px\" src=\"data:image\/svg+xml;base64,PHN2ZyB3aWR0aD0iMSIgaGVpZ2h0PSIxIiB4bWxucz0iaHR0cDovL3d3dy53My5vcmcvMjAwMC9zdmciPjwvc3ZnPg==\" style=\"--smush-placeholder-width: 640px; --smush-placeholder-aspect-ratio: 640\/402;\" \/><\/a><\/figure>\n\n\n\n<p>\u201cEn este contexto, este proyecto reconoce ese esfuerzo econ\u00f3mico y financiero de tener que costear los gastos fijos de los emprendimientos con ingresos nulos, eximiendo el pago del impuesto sobre los ingresos brutos durante el per\u00edodo que va de marzo de 2020 hasta la fecha de su regreso a las formas y canales de ventas habituales\u201d, se\u00f1alaron.<\/p>\n\n\n\n<p>En tal sentido, remarcaron que \u201cel Gobierno de la Provincia realiza un aporte significativo en pos de que los comercios y empresas de nuestra provincia puedan recuperar el nivel de actividad que ten\u00edan antes del 20 de marzo pasado\u201d.<\/p>\n\n\n\n<p>Asimismo, se aprob\u00f3 el proyecto de ley que trata sobre la gravabilidad de los servicios digitales prestados por sujetos del exterior y cuya utilizaci\u00f3n econ\u00f3mica corresponde a familias y empresas situadas dentro del territorio provincial.<\/p>\n\n\n\n<p>Luego, en el marco del quinto aniversario del tr\u00e1gico accidente ocurrido en la provincia de Salta en el que fallecieron 43 efectivos del Destacamento M\u00f3vil 5 Santiago del Estero de la Gendarmer\u00eda Nacional Argentina, los legisladores provinciales hicieron un homenaje con un minuto de silencio.<\/p>\n\n\n\n<p>Finalmente, se record\u00f3 el D\u00eda del Trabajador Camionero, se realiz\u00f3 un minuto de silencio y tambi\u00e9n se rindi\u00f3 homenaje con un aplauso a los Bomberos Voluntarios por su denodado trabajo en beneficio de toda la comunidad.<\/p>\n","protected":false},"excerpt":{"rendered":"<p>La Honorable C\u00e1mara de Diputados convirti\u00f3 en Ley el proyecto de Presupuesto General de la Provincia Ejercicio 2021 que asciende a $119.464.087.689 millones y que \u201cse confeccion\u00f3 en funci\u00f3n de los lineamientos del Presupuesto Nacional, teniendo en cuenta las pautas macroecon\u00f3micas fijadas para el ejercicio y lo establecido por la Ley de Responsabilidad Fiscal\u201d.<\/p>\n","protected":false},"author":2,"featured_media":14772,"comment_status":"open","ping_status":"open","sticky":false,"template":"","format":"standard","meta":{"om_disable_all_campaigns":false,"_monsterinsights_skip_tracking":false,"_monsterinsights_sitenote_active":false,"_monsterinsights_sitenote_note":"","_monsterinsights_sitenote_category":0,"_uf_show_specific_survey":0,"_uf_disable_surveys":false,"jetpack_post_was_ever_published":false,"_jetpack_newsletter_access":"","_jetpack_dont_email_post_to_subs":false,"_jetpack_newsletter_tier_id":0,"_jetpack_memberships_contains_paywalled_content":false,"_jetpack_memberships_contains_paid_content":false,"footnotes":"","jetpack_publicize_message":"","jetpack_publicize_feature_enabled":true,"jetpack_social_post_already_shared":false,"jetpack_social_options":{"image_generator_settings":{"template":"highway","default_image_id":0,"font":"","enabled":false},"version":2}},"categories":[18],"tags":[],"class_list":["post-14771","post","type-post","status-publish","format-standard","has-post-thumbnail","hentry","category-politica"],"aioseo_notices":[],"views":3,"jetpack_publicize_connections":[],"jetpack_featured_media_url":"https:\/\/i0.wp.com\/elterritorialweb.com.ar\/web\/wp-content\/uploads\/2020\/12\/DIPUTADOS-PRESUPUESTO.jpg?fit=960%2C584&ssl=1","jetpack_sharing_enabled":true,"_links":{"self":[{"href":"https:\/\/elterritorialweb.com.ar\/web\/wp-json\/wp\/v2\/posts\/14771","targetHints":{"allow":["GET"]}}],"collection":[{"href":"https:\/\/elterritorialweb.com.ar\/web\/wp-json\/wp\/v2\/posts"}],"about":[{"href":"https:\/\/elterritorialweb.com.ar\/web\/wp-json\/wp\/v2\/types\/post"}],"author":[{"embeddable":true,"href":"https:\/\/elterritorialweb.com.ar\/web\/wp-json\/wp\/v2\/users\/2"}],"replies":[{"embeddable":true,"href":"https:\/\/elterritorialweb.com.ar\/web\/wp-json\/wp\/v2\/comments?post=14771"}],"version-history":[{"count":1,"href":"https:\/\/elterritorialweb.com.ar\/web\/wp-json\/wp\/v2\/posts\/14771\/revisions"}],"predecessor-version":[{"id":14776,"href":"https:\/\/elterritorialweb.com.ar\/web\/wp-json\/wp\/v2\/posts\/14771\/revisions\/14776"}],"wp:featuredmedia":[{"embeddable":true,"href":"https:\/\/elterritorialweb.com.ar\/web\/wp-json\/wp\/v2\/media\/14772"}],"wp:attachment":[{"href":"https:\/\/elterritorialweb.com.ar\/web\/wp-json\/wp\/v2\/media?parent=14771"}],"wp:term":[{"taxonomy":"category","embeddable":true,"href":"https:\/\/elterritorialweb.com.ar\/web\/wp-json\/wp\/v2\/categories?post=14771"},{"taxonomy":"post_tag","embeddable":true,"href":"https:\/\/elterritorialweb.com.ar\/web\/wp-json\/wp\/v2\/tags?post=14771"}],"curies":[{"name":"wp","href":"https:\/\/api.w.org\/{rel}","templated":true}]}}