{"id":14777,"date":"2020-12-15T18:53:32","date_gmt":"2020-12-15T18:53:32","guid":{"rendered":"http:\/\/elterritorialweb.com.ar\/web\/?p=14777"},"modified":"2020-12-15T18:53:32","modified_gmt":"2020-12-15T18:53:32","slug":"gines-gonzalez-garcia-es-necasario-que-aumenten-los-cuidados-sigue-habiendo-circulacion-comunitaria-en-el-pais","status":"publish","type":"post","link":"https:\/\/elterritorialweb.com.ar\/web\/gines-gonzalez-garcia-es-necasario-que-aumenten-los-cuidados-sigue-habiendo-circulacion-comunitaria-en-el-pais\/","title":{"rendered":"GIN\u00c9S GONZ\u00c1LEZ GARC\u00cdA: \u00abES NECASARIO QUE AUMENTEN LOS CUIDADOS, SIGUE HABIENDO CIRCULACI\u00d3N COMUNITARIA EN EL PA\u00cdS\u00bb"},"content":{"rendered":"\n<p>El ministro de Salud, Gin\u00e9s Gonz\u00e1lez Garc\u00eda, advirti\u00f3 que&nbsp;<strong>\u00abse ha flexibilizado bastante la conducta\u00bb<\/strong>&nbsp;de la ciudadan\u00eda frente a la pandemia del coronavirus y pidi\u00f3 extremar los recaudos de cuidado frente a las fiestas de fin de a\u00f1o y las vacaciones.<\/p>\n\n\n\n<p><strong>\u00abNo queremos perder lo ganado\u00bb<\/strong>, dijo esta tardem en una conferencia de prensa en la Casa de Gobierno, de la que participaron sus pares de la provincia de Buenos Aires, Daniel Gollan, y de la ciudad, Fern\u00e1n Quir\u00f3s.<\/p>\n\n\n\n<p><strong>\u00abSe ha flexibilizado bastante la conducta y se ha dejado de cumplir el uso del barbijo, la distancia, las reuniones sociales. Sigue habiendo circulaci\u00f3n comunitaria y si aumentamos la circulaci\u00f3n, va a incrementarse la cantidad de contagios\u00bb<\/strong>, advirti\u00f3 el ministro nacional.<\/p>\n\n\n\n<p>En ese marco, Gonz\u00e1lez Garc\u00eda dijo que \u00abcomo vienen las fiestas y las vacaciones es necesario pedirles colaboraci\u00f3n para que a trav\u00e9s de los medios de comunicaci\u00f3n se vuelva al comportamiento colectivo\u00bb.<\/p>\n\n\n\n<p>Por su parte,&nbsp;<strong>Gollan<\/strong>advirti\u00f3 que&nbsp;<strong>\u00abse estanca la velocidad de la ca\u00edda de los casos\u00bb<\/strong>&nbsp;de Covid-19, al igual que la ocupaci\u00f3n de camas en el AMBA, y recomend\u00f3<strong>&nbsp;\u00abreforzar como nunca el mensaje de que no nos podemos relajar\u00bb<\/strong>&nbsp;y permanecer en las casas.<\/p>\n\n\n\n<p>En la misma l\u00ednea,&nbsp;<strong>Quir\u00f3s<\/strong>&nbsp;pidi\u00f3<strong>seguir haciendo \u00abun esfuerzo cotidiano\u00bb con medidas preventivas para evitar el contagio y colaborar para que un eventual \u00abrebrote sea m\u00e1s tard\u00edo\u00bb<\/strong>.<\/p>\n\n\n\n<p>El funcionario porte\u00f1o asegur\u00f3 que en la ciudad&nbsp;<strong>en los \u00ablos \u00faltimos 7 o 10 d\u00edas dej\u00f3 de descender\u00bb la curva de contagios y que \u00abes necesario bajar el piso de 300 casos\u00bb<\/strong>&nbsp;que se registran diariamente.<\/p>\n","protected":false},"excerpt":{"rendered":"<p>El ministro de Salud asegur\u00f3 que \u00abno hay saturaci\u00f3n\u00bb en la atenci\u00f3n sanitaria, aunque evalu\u00f3 que \u00abes necesario que aumenten los cuidados\u00bb porque \u00absigue habiendo circulaci\u00f3n comunitaria en el pa\u00eds\u00bb. Fue tras una reuni\u00f3n con Cafiero y sus pares de Provincia y Ciudad.<\/p>\n","protected":false},"author":2,"featured_media":14778,"comment_status":"open","ping_status":"open","sticky":false,"template":"","format":"standard","meta":{"om_disable_all_campaigns":false,"_monsterinsights_skip_tracking":false,"_monsterinsights_sitenote_active":false,"_monsterinsights_sitenote_note":"","_monsterinsights_sitenote_category":0,"_uf_show_specific_survey":0,"_uf_disable_surveys":false,"jetpack_post_was_ever_published":false,"_jetpack_newsletter_access":"","_jetpack_dont_email_post_to_subs":false,"_jetpack_newsletter_tier_id":0,"_jetpack_memberships_contains_paywalled_content":false,"_jetpack_memberships_contains_paid_content":false,"footnotes":"","jetpack_publicize_message":"","jetpack_publicize_feature_enabled":true,"jetpack_social_post_already_shared":false,"jetpack_social_options":{"image_generator_settings":{"template":"highway","default_image_id":0,"font":"","enabled":false},"version":2}},"categories":[3],"tags":[],"class_list":["post-14777","post","type-post","status-publish","format-standard","has-post-thumbnail","hentry","category-salud"],"aioseo_notices":[],"views":6,"jetpack_publicize_connections":[],"jetpack_featured_media_url":"https:\/\/i0.wp.com\/elterritorialweb.com.ar\/web\/wp-content\/uploads\/2020\/12\/2020-12-15-2.png?fit=1084%2C609&ssl=1","jetpack_sharing_enabled":true,"_links":{"self":[{"href":"https:\/\/elterritorialweb.com.ar\/web\/wp-json\/wp\/v2\/posts\/14777","targetHints":{"allow":["GET"]}}],"collection":[{"href":"https:\/\/elterritorialweb.com.ar\/web\/wp-json\/wp\/v2\/posts"}],"about":[{"href":"https:\/\/elterritorialweb.com.ar\/web\/wp-json\/wp\/v2\/types\/post"}],"author":[{"embeddable":true,"href":"https:\/\/elterritorialweb.com.ar\/web\/wp-json\/wp\/v2\/users\/2"}],"replies":[{"embeddable":true,"href":"https:\/\/elterritorialweb.com.ar\/web\/wp-json\/wp\/v2\/comments?post=14777"}],"version-history":[{"count":1,"href":"https:\/\/elterritorialweb.com.ar\/web\/wp-json\/wp\/v2\/posts\/14777\/revisions"}],"predecessor-version":[{"id":14779,"href":"https:\/\/elterritorialweb.com.ar\/web\/wp-json\/wp\/v2\/posts\/14777\/revisions\/14779"}],"wp:featuredmedia":[{"embeddable":true,"href":"https:\/\/elterritorialweb.com.ar\/web\/wp-json\/wp\/v2\/media\/14778"}],"wp:attachment":[{"href":"https:\/\/elterritorialweb.com.ar\/web\/wp-json\/wp\/v2\/media?parent=14777"}],"wp:term":[{"taxonomy":"category","embeddable":true,"href":"https:\/\/elterritorialweb.com.ar\/web\/wp-json\/wp\/v2\/categories?post=14777"},{"taxonomy":"post_tag","embeddable":true,"href":"https:\/\/elterritorialweb.com.ar\/web\/wp-json\/wp\/v2\/tags?post=14777"}],"curies":[{"name":"wp","href":"https:\/\/api.w.org\/{rel}","templated":true}]}}