{"id":1483,"date":"2020-03-05T01:56:40","date_gmt":"2020-03-05T01:56:40","guid":{"rendered":"http:\/\/elterritorialweb.com.ar\/web\/?p=1483"},"modified":"2020-03-05T01:56:40","modified_gmt":"2020-03-05T01:56:40","slug":"se-realizara-un-curso-de-oratoria-en-la-eie","status":"publish","type":"post","link":"https:\/\/elterritorialweb.com.ar\/web\/se-realizara-un-curso-de-oratoria-en-la-eie\/","title":{"rendered":"SE REALIZAR\u00c1 UN CURSO DE ORATORIA EN LA EIE"},"content":{"rendered":"\n<p>La Escuela para la Innovaci\u00f3n Educativa, abri\u00f3 las inscripciones para el \u00abCurso de oratoria: herramientas para una exposici\u00f3n oral exitosa\u00bb que se iniciar\u00e1 el 14 de marzo. <br>El curso estar\u00e1 a cargo del profesor V\u00edctor Gauna, con modalidad presencial y con puntaje docente.<\/p>\n\n\n\n<p><br>Se abordar\u00e1n t\u00e9cnicas de lenguaje corporal y ejercicios para mejorar las capacidades oratorias. De esta forma, los participantes obtendr\u00e1n las herramientas para lograr una comunicaci\u00f3n oral exitosa, despertar el inter\u00e9s en una audiencia y obtener confianza para defender adecuadamente sus argumentos, trabajos, ex\u00e1menes y exposiciones.<br>La duraci\u00f3n es de 6 semanas y el costo: 1200 pesos a pagar en una o en dos cuotas.<\/p>\n","protected":false},"excerpt":{"rendered":"<p>La Escuela para la Innovaci\u00f3n Educativa, abri\u00f3 las inscripciones para el \u00abCurso de oratoria: herramientas&#8230;<\/p>\n","protected":false},"author":2,"featured_media":1484,"comment_status":"open","ping_status":"open","sticky":false,"template":"","format":"standard","meta":{"om_disable_all_campaigns":false,"_monsterinsights_skip_tracking":false,"_monsterinsights_sitenote_active":false,"_monsterinsights_sitenote_note":"","_monsterinsights_sitenote_category":0,"_uf_show_specific_survey":0,"_uf_disable_surveys":false,"jetpack_post_was_ever_published":false,"_jetpack_newsletter_access":"","_jetpack_dont_email_post_to_subs":false,"_jetpack_newsletter_tier_id":0,"_jetpack_memberships_contains_paywalled_content":false,"_jetpack_memberships_contains_paid_content":false,"footnotes":"","jetpack_publicize_message":"","jetpack_publicize_feature_enabled":true,"jetpack_social_post_already_shared":false,"jetpack_social_options":{"image_generator_settings":{"template":"highway","default_image_id":0,"font":"","enabled":false},"version":2}},"categories":[19],"tags":[],"class_list":["post-1483","post","type-post","status-publish","format-standard","has-post-thumbnail","hentry","category-educacion"],"aioseo_notices":[],"views":6,"jetpack_publicize_connections":[],"jetpack_featured_media_url":"https:\/\/i0.wp.com\/elterritorialweb.com.ar\/web\/wp-content\/uploads\/2020\/03\/ORATORIA.png?fit=310%2C162&ssl=1","jetpack_sharing_enabled":true,"_links":{"self":[{"href":"https:\/\/elterritorialweb.com.ar\/web\/wp-json\/wp\/v2\/posts\/1483","targetHints":{"allow":["GET"]}}],"collection":[{"href":"https:\/\/elterritorialweb.com.ar\/web\/wp-json\/wp\/v2\/posts"}],"about":[{"href":"https:\/\/elterritorialweb.com.ar\/web\/wp-json\/wp\/v2\/types\/post"}],"author":[{"embeddable":true,"href":"https:\/\/elterritorialweb.com.ar\/web\/wp-json\/wp\/v2\/users\/2"}],"replies":[{"embeddable":true,"href":"https:\/\/elterritorialweb.com.ar\/web\/wp-json\/wp\/v2\/comments?post=1483"}],"version-history":[{"count":1,"href":"https:\/\/elterritorialweb.com.ar\/web\/wp-json\/wp\/v2\/posts\/1483\/revisions"}],"predecessor-version":[{"id":1485,"href":"https:\/\/elterritorialweb.com.ar\/web\/wp-json\/wp\/v2\/posts\/1483\/revisions\/1485"}],"wp:featuredmedia":[{"embeddable":true,"href":"https:\/\/elterritorialweb.com.ar\/web\/wp-json\/wp\/v2\/media\/1484"}],"wp:attachment":[{"href":"https:\/\/elterritorialweb.com.ar\/web\/wp-json\/wp\/v2\/media?parent=1483"}],"wp:term":[{"taxonomy":"category","embeddable":true,"href":"https:\/\/elterritorialweb.com.ar\/web\/wp-json\/wp\/v2\/categories?post=1483"},{"taxonomy":"post_tag","embeddable":true,"href":"https:\/\/elterritorialweb.com.ar\/web\/wp-json\/wp\/v2\/tags?post=1483"}],"curies":[{"name":"wp","href":"https:\/\/api.w.org\/{rel}","templated":true}]}}