{"id":1486,"date":"2020-03-05T02:06:17","date_gmt":"2020-03-05T02:06:17","guid":{"rendered":"http:\/\/elterritorialweb.com.ar\/web\/?p=1486"},"modified":"2020-03-05T02:06:18","modified_gmt":"2020-03-05T02:06:18","slug":"comenzaron-las-clases-en-la-escuela-de-agricultura","status":"publish","type":"post","link":"https:\/\/elterritorialweb.com.ar\/web\/comenzaron-las-clases-en-la-escuela-de-agricultura\/","title":{"rendered":"COMENZARON LAS CLASES EN LA ESCUELA DE AGRICULTURA"},"content":{"rendered":"\n<p>En el Sal\u00f3n Comedor de la Escuela de Agricultura, Ganader\u00eda y Granja se dio inicio al Ciclo Lectivo 2020, con una cordial y afectuosa bienvenida para los estudiantes de los distintos cursos. <\/p>\n\n\n\n<p><br>Estuvieron presentes el rector de la UNSE, H\u00e9ctor Paz, la decana y la vicedecana de la Facultad de Agronom\u00eda, Myriam Villareal y Judith Ochoa, y la directora de la Escuela, Amanda Ruiz.<\/p>\n\n\n\n<p><br>En sus palabras de bienvenida, la decana Villarreal destac\u00f3 la importancia del acompa\u00f1amiento tanto de las familias como el compromiso de los estudiantes para llevar adelante la tarea de esta instituci\u00f3n. <\/p>\n\n\n\n<p><br> Myriam Villareal dijo que \u201cla construcci\u00f3n de una comunidad educativa siempre es una tarea conjunta. Nuestro mayor desaf\u00edo es que sea en un clima de armon\u00eda y de respeto mutuo para alcanzar los consensos y los logros\u201d.<br>La Escuela de Agricultura, Ganader\u00eda y Granja es una dependencia de la Facultad de Agronom\u00eda y Agroindustrias.<\/p>\n","protected":false},"excerpt":{"rendered":"<p>En el Sal\u00f3n Comedor de la Escuela de Agricultura, Ganader\u00eda y Granja se dio inicio&#8230;<\/p>\n","protected":false},"author":2,"featured_media":1487,"comment_status":"open","ping_status":"open","sticky":false,"template":"","format":"standard","meta":{"om_disable_all_campaigns":false,"_monsterinsights_skip_tracking":false,"_monsterinsights_sitenote_active":false,"_monsterinsights_sitenote_note":"","_monsterinsights_sitenote_category":0,"_uf_show_specific_survey":0,"_uf_disable_surveys":false,"jetpack_post_was_ever_published":false,"_jetpack_newsletter_access":"","_jetpack_dont_email_post_to_subs":false,"_jetpack_newsletter_tier_id":0,"_jetpack_memberships_contains_paywalled_content":false,"_jetpack_memberships_contains_paid_content":false,"footnotes":"","jetpack_publicize_message":"","jetpack_publicize_feature_enabled":true,"jetpack_social_post_already_shared":false,"jetpack_social_options":{"image_generator_settings":{"template":"highway","default_image_id":0,"font":"","enabled":false},"version":2}},"categories":[19],"tags":[],"class_list":["post-1486","post","type-post","status-publish","format-standard","has-post-thumbnail","hentry","category-educacion"],"aioseo_notices":[],"views":8,"jetpack_publicize_connections":[],"jetpack_featured_media_url":"https:\/\/i0.wp.com\/elterritorialweb.com.ar\/web\/wp-content\/uploads\/2020\/03\/CLASES.jpeg?fit=1024%2C576&ssl=1","jetpack_sharing_enabled":true,"_links":{"self":[{"href":"https:\/\/elterritorialweb.com.ar\/web\/wp-json\/wp\/v2\/posts\/1486","targetHints":{"allow":["GET"]}}],"collection":[{"href":"https:\/\/elterritorialweb.com.ar\/web\/wp-json\/wp\/v2\/posts"}],"about":[{"href":"https:\/\/elterritorialweb.com.ar\/web\/wp-json\/wp\/v2\/types\/post"}],"author":[{"embeddable":true,"href":"https:\/\/elterritorialweb.com.ar\/web\/wp-json\/wp\/v2\/users\/2"}],"replies":[{"embeddable":true,"href":"https:\/\/elterritorialweb.com.ar\/web\/wp-json\/wp\/v2\/comments?post=1486"}],"version-history":[{"count":1,"href":"https:\/\/elterritorialweb.com.ar\/web\/wp-json\/wp\/v2\/posts\/1486\/revisions"}],"predecessor-version":[{"id":1488,"href":"https:\/\/elterritorialweb.com.ar\/web\/wp-json\/wp\/v2\/posts\/1486\/revisions\/1488"}],"wp:featuredmedia":[{"embeddable":true,"href":"https:\/\/elterritorialweb.com.ar\/web\/wp-json\/wp\/v2\/media\/1487"}],"wp:attachment":[{"href":"https:\/\/elterritorialweb.com.ar\/web\/wp-json\/wp\/v2\/media?parent=1486"}],"wp:term":[{"taxonomy":"category","embeddable":true,"href":"https:\/\/elterritorialweb.com.ar\/web\/wp-json\/wp\/v2\/categories?post=1486"},{"taxonomy":"post_tag","embeddable":true,"href":"https:\/\/elterritorialweb.com.ar\/web\/wp-json\/wp\/v2\/tags?post=1486"}],"curies":[{"name":"wp","href":"https:\/\/api.w.org\/{rel}","templated":true}]}}