{"id":14928,"date":"2020-12-20T12:03:37","date_gmt":"2020-12-20T12:03:37","guid":{"rendered":"http:\/\/elterritorialweb.com.ar\/web\/?p=14928"},"modified":"2020-12-20T12:03:39","modified_gmt":"2020-12-20T12:03:39","slug":"nacion-ratifico-que-la-semana-proxima-llegan-las-primeras-dosis-de-la-vacuna-rusa","status":"publish","type":"post","link":"https:\/\/elterritorialweb.com.ar\/web\/nacion-ratifico-que-la-semana-proxima-llegan-las-primeras-dosis-de-la-vacuna-rusa\/","title":{"rendered":"NACI\u00d3N RATIFIC\u00d3 QUE LA SEMANA PR\u00d3XIMA LLEGAN LAS PRIMERAS DOSIS DE LA VACUNA RUSA"},"content":{"rendered":"\n<p>\u00abArgentina est\u00e1 preparada para la llegada de la vacuna la pr\u00f3xima semana\u00bb, asegur\u00f3 el subsecretario de Estrategias Sanitarias del Ministerio de Salud, Alejandro Costa en declaraciones a CNN radio, mientras la vicejefa de Gabinete, Cecilia Todesca, afirm\u00f3 que \u00abse har\u00e1n todos los esfuerzos para traer la mayor cantidad de vacunas\u00bb.<\/p>\n\n\n\n<figure class=\"wp-block-image size-large\"><a href=\"https:\/\/i0.wp.com\/elterritorialweb.com.ar\/web\/wp-content\/uploads\/2020\/12\/ALEJANDRO-COSTA.jpg\"><img data-recalc-dims=\"1\" decoding=\"async\" width=\"640\" height=\"360\" data-src=\"https:\/\/i0.wp.com\/elterritorialweb.com.ar\/web\/wp-content\/uploads\/2020\/12\/ALEJANDRO-COSTA.jpg?resize=640%2C360\" alt=\"\" class=\"wp-image-14929 lazyload\" data-srcset=\"https:\/\/i0.wp.com\/elterritorialweb.com.ar\/web\/wp-content\/uploads\/2020\/12\/ALEJANDRO-COSTA.jpg?w=679&amp;ssl=1 679w, https:\/\/i0.wp.com\/elterritorialweb.com.ar\/web\/wp-content\/uploads\/2020\/12\/ALEJANDRO-COSTA.jpg?resize=300%2C169&amp;ssl=1 300w\" data-sizes=\"(max-width: 640px) 100vw, 640px\" src=\"data:image\/svg+xml;base64,PHN2ZyB3aWR0aD0iMSIgaGVpZ2h0PSIxIiB4bWxucz0iaHR0cDovL3d3dy53My5vcmcvMjAwMC9zdmciPjwvc3ZnPg==\" style=\"--smush-placeholder-width: 640px; --smush-placeholder-aspect-ratio: 640\/360;\" \/><\/a><\/figure>\n\n\n\n<p>\u00abDesde el Ministerio de Salud estamos armando la log\u00edstica de la vacunaci\u00f3n en las provincias para que una vez que arribe la vacuna desde Rusia se pueda iniciar la campa\u00f1a en los centros de vacunaci\u00f3n, tres o cinco d\u00edas despu\u00e9s \u00ab, se\u00f1al\u00f3 Costa.<\/p>\n\n\n\n<p>Y en ese sentido, el funcionario advirti\u00f3: \u00abDespu\u00e9s de esos cinco d\u00edas como m\u00e1ximo, se podr\u00e1 empezar a vacunar, por lo que necesitamos la mayor celeridad administrativa y log\u00edstica\u00bb.<\/p>\n\n\n\n<p>El subsecretario Costa consider\u00f3 que \u00abel Gobierno argentino, a trav\u00e9s de su l\u00ednea a\u00e9rea de bandera Aerol\u00edneas Argentinas, ya tiene preparada toda la log\u00edstica para traer a partir del 22 de diciembre la vacuna\u00bb al pa\u00eds.<\/p>\n\n\n\n<p>\u00abEsperamos que las negociaciones, los di\u00e1logos y las evaluaciones finales que est\u00e1n haciendo desde el Gobierno argentino en Rusia permitan que ya la semana que viene podamos tener el primer embarque hacia nuestro pa\u00eds\u00bb, remarc\u00f3.<\/p>\n\n\n\n<p>Costa se refiri\u00f3 a las negociaciones que mantiene en Rusia la comitiva argentina, encabezada por la secretaria de Acceso a la Salud, Carla Vizzotti, la asesora presidencial Cecilia Nicolini y t\u00e9cnicos de la Administraci\u00f3n Nacional de Medicamentos, Alimentos y Tecnolog\u00eda M\u00e9dica (Anmat).<\/p>\n\n\n\n<p>En ese sentido, afirm\u00f3 que la comitiva est\u00e1 \u00aben Rusia haciendo las evaluaciones de la producci\u00f3n que trabajan en la cadena de la fabricaci\u00f3n de la vacuna\u00bb.<\/p>\n\n\n\n<p><strong>El vuelo del Airbus 330-200, que est\u00e1 siendo acondicionado para el traslado de las vacunas, partir\u00eda el pr\u00f3ximo martes 22 a las 3.30 de la madrugada y arribar\u00e1, sin escalas, al Aeropuerto Internacional de Mosc\u00fa-Sherem\u00e9tievo luego de 16 horas, mientras que el regreso est\u00e1 previsto para el mi\u00e9rcoles 23 a las 18.30.<\/strong><\/p>\n\n\n\n<p>El funcionario explic\u00f3 que, mientras tanto, la Anmat est\u00e1 recibiendo documentaci\u00f3n y dijo que&nbsp;<strong>\u00abla idea es que una vez llegada la vacuna est\u00e9 todo aprobado desde el punto de vista administrativo para que se d\u00e9 paso r\u00e1pidamente a la log\u00edstica\u00bb.<\/strong><\/p>\n\n\n\n<p>Asimismo, indic\u00f3 que el Gobierno nacional \u00abtambi\u00e9n est\u00e1 celebrando contratos con empresas de log\u00edstica para la distribuci\u00f3n de las vacunas en todo el pa\u00eds, que se realizar\u00e1n mediante las c\u00e1maras de vacunas provinciales\u00bb.<\/p>\n\n\n\n<p>Respecto de la aplicaci\u00f3n de la inmunizaci\u00f3n en mayores de 60 a\u00f1os, Costa afirm\u00f3 que en el Ministerio de Salud \u00abse est\u00e1 esperando que la cartera rusa de Salud apruebe la aplicaci\u00f3n en este grupo etario\u00bb.<\/p>\n\n\n\n<p>\u00abSeg\u00fan los datos que tenemos, un comit\u00e9 de expertos rusos sostuvieron que los resultados son \u00f3ptimos y ahora resta esperar la autorizaci\u00f3n del Ministerio de Salud de Rusia\u00bb, advirti\u00f3 el funcionario.<\/p>\n\n\n\n<p>Por otra parte, sobre las otras vacunas contra el coronavirus explic\u00f3 que \u00abse buscaron las mejores condiciones basadas en calidad, eficacia y seguridad y Rusia se comprometi\u00f3 a entregar primero\u00bb.<\/p>\n\n\n\n<p>Sobre las negociaciones con el laboratorio Pfizer para la compra de la vacuna que ya se aplica en Gran Breta\u00f1a, Costa sostuvo que \u00abArgentina tiene la m\u00e1xima vocaci\u00f3n de seguir dialogando con la empresa para adquirir nuevas vacunas\u00bb.<\/p>\n\n\n\n<figure class=\"wp-block-image size-large\"><a href=\"https:\/\/i0.wp.com\/elterritorialweb.com.ar\/web\/wp-content\/uploads\/2020\/12\/TODESCA.jpg\"><img data-recalc-dims=\"1\" decoding=\"async\" width=\"640\" height=\"560\" data-src=\"https:\/\/i0.wp.com\/elterritorialweb.com.ar\/web\/wp-content\/uploads\/2020\/12\/TODESCA.jpg?resize=640%2C560\" alt=\"\" class=\"wp-image-14930 lazyload\" data-srcset=\"https:\/\/i0.wp.com\/elterritorialweb.com.ar\/web\/wp-content\/uploads\/2020\/12\/TODESCA.jpg?w=680&amp;ssl=1 680w, https:\/\/i0.wp.com\/elterritorialweb.com.ar\/web\/wp-content\/uploads\/2020\/12\/TODESCA.jpg?resize=300%2C263&amp;ssl=1 300w\" data-sizes=\"(max-width: 640px) 100vw, 640px\" src=\"data:image\/svg+xml;base64,PHN2ZyB3aWR0aD0iMSIgaGVpZ2h0PSIxIiB4bWxucz0iaHR0cDovL3d3dy53My5vcmcvMjAwMC9zdmciPjwvc3ZnPg==\" style=\"--smush-placeholder-width: 640px; --smush-placeholder-aspect-ratio: 640\/560;\" \/><\/a><figcaption><strong>VICE JEFA DE GABINETE<\/strong> <strong>CECILIA TODESCA<\/strong><\/figcaption><\/figure>\n\n\n\n<p><strong>La campa\u00f1a de vacunaci\u00f3n<\/strong><\/p>\n\n\n\n<p>En tanto, Todesca pidi\u00f3 \u00abmantener un poco m\u00e1s la calma\u00bb y \u00abtener confianza\u00bb en que la campa\u00f1a de vacunaci\u00f3n contra el coronavirus va a \u00absalir bien\u00bb.<\/p>\n\n\n\n<p>\u00abVamos a hacer todos los esfuerzos para traer la mayor cantidad de vacunas al pa\u00eds y luego de que est\u00e9n en el territorio nacional poder vacunar seg\u00fan el orden que el Ministerio de Salud indique\u00bb, expres\u00f3 la vicejefa de Gabinete en declaraciones a Radio 10.<\/p>\n\n\n\n<p>\u00abEntiendo que estemos todos muy ansiosos, pero hay que mantener la calma porque lo vamos a ir resolviendo bien, ya que se demostr\u00f3 en esta pandemia que la Argentina tiene grandes capacidades en su sistema de salud. Tengamos confianza, lo vamos a hacer bien\u00bb, manifest\u00f3 la funcionaria.<\/p>\n\n\n\n<p>Al analizar cu\u00e1les ser\u00edan las medidas ante un hipot\u00e9tico rebrote en el pa\u00eds -como sucede actualmente en Europa-, Todesca afirm\u00f3 que \u00absi hay un escenario muy negativo, el Gobierno va a reformular todas las partidas para asistir al trabajo y la producci\u00f3n\u00bb.<\/p>\n\n\n\n<p>La Secretaria de Acceso a la Salud, Carla Vizzotti, dijo ayer desde Rusia que la comitiva que encabeza \u00abavanza en el trabajo de verificaci\u00f3n t\u00e9cnica\u00bb a cargo del Anmat y en las labores vinculadas a la log\u00edstica.<\/p>\n\n\n\n<p>\u00abHasta ahora tenemos la posibilidad de contar con dosis para vacunar entre 20 y 25 millones de personas entre enero y junio de 2021\u00bb, subray\u00f3 Vizzotti.<\/p>\n","protected":false},"excerpt":{"rendered":"<p>El Gobierno nacional ratific\u00f3 hoy que la semana pr\u00f3xima llegar\u00e1n al pa\u00eds desde Rusia las primeras dosis de la vacuna Sputnik V contra el coronavirus, en un vuelo que arribar\u00e1 en v\u00edsperas de la Navidad.<\/p>\n","protected":false},"author":2,"featured_media":12695,"comment_status":"open","ping_status":"open","sticky":false,"template":"","format":"standard","meta":{"om_disable_all_campaigns":false,"_monsterinsights_skip_tracking":false,"_monsterinsights_sitenote_active":false,"_monsterinsights_sitenote_note":"","_monsterinsights_sitenote_category":0,"_uf_show_specific_survey":0,"_uf_disable_surveys":false,"jetpack_post_was_ever_published":false,"_jetpack_newsletter_access":"","_jetpack_dont_email_post_to_subs":false,"_jetpack_newsletter_tier_id":0,"_jetpack_memberships_contains_paywalled_content":false,"_jetpack_memberships_contains_paid_content":false,"footnotes":"","jetpack_publicize_message":"","jetpack_publicize_feature_enabled":true,"jetpack_social_post_already_shared":false,"jetpack_social_options":{"image_generator_settings":{"template":"highway","default_image_id":0,"font":"","enabled":false},"version":2}},"categories":[3],"tags":[],"class_list":["post-14928","post","type-post","status-publish","format-standard","has-post-thumbnail","hentry","category-salud"],"aioseo_notices":[],"views":1,"jetpack_publicize_connections":[],"jetpack_featured_media_url":"https:\/\/i0.wp.com\/elterritorialweb.com.ar\/web\/wp-content\/uploads\/2020\/11\/VACUNAS-RUSAS.jpg?fit=680%2C452&ssl=1","jetpack_sharing_enabled":true,"_links":{"self":[{"href":"https:\/\/elterritorialweb.com.ar\/web\/wp-json\/wp\/v2\/posts\/14928","targetHints":{"allow":["GET"]}}],"collection":[{"href":"https:\/\/elterritorialweb.com.ar\/web\/wp-json\/wp\/v2\/posts"}],"about":[{"href":"https:\/\/elterritorialweb.com.ar\/web\/wp-json\/wp\/v2\/types\/post"}],"author":[{"embeddable":true,"href":"https:\/\/elterritorialweb.com.ar\/web\/wp-json\/wp\/v2\/users\/2"}],"replies":[{"embeddable":true,"href":"https:\/\/elterritorialweb.com.ar\/web\/wp-json\/wp\/v2\/comments?post=14928"}],"version-history":[{"count":1,"href":"https:\/\/elterritorialweb.com.ar\/web\/wp-json\/wp\/v2\/posts\/14928\/revisions"}],"predecessor-version":[{"id":14931,"href":"https:\/\/elterritorialweb.com.ar\/web\/wp-json\/wp\/v2\/posts\/14928\/revisions\/14931"}],"wp:featuredmedia":[{"embeddable":true,"href":"https:\/\/elterritorialweb.com.ar\/web\/wp-json\/wp\/v2\/media\/12695"}],"wp:attachment":[{"href":"https:\/\/elterritorialweb.com.ar\/web\/wp-json\/wp\/v2\/media?parent=14928"}],"wp:term":[{"taxonomy":"category","embeddable":true,"href":"https:\/\/elterritorialweb.com.ar\/web\/wp-json\/wp\/v2\/categories?post=14928"},{"taxonomy":"post_tag","embeddable":true,"href":"https:\/\/elterritorialweb.com.ar\/web\/wp-json\/wp\/v2\/tags?post=14928"}],"curies":[{"name":"wp","href":"https:\/\/api.w.org\/{rel}","templated":true}]}}