{"id":14939,"date":"2020-12-20T13:03:19","date_gmt":"2020-12-20T13:03:19","guid":{"rendered":"http:\/\/elterritorialweb.com.ar\/web\/?p=14939"},"modified":"2020-12-20T13:03:20","modified_gmt":"2020-12-20T13:03:20","slug":"tras-nueve-meses-de-aislamiento-volvio-mirtha-legrand-a-su-programa","status":"publish","type":"post","link":"https:\/\/elterritorialweb.com.ar\/web\/tras-nueve-meses-de-aislamiento-volvio-mirtha-legrand-a-su-programa\/","title":{"rendered":"TRAS NUEVE MESES DE AISLAMIENTO VOLVIO MIRTHA LEGRAND A SU PROGRAMA"},"content":{"rendered":"\n<p>Luego de nueve meses,\u00a0<strong>Mirtha Legrand<\/strong>\u00a0regres\u00f3 este s\u00e1bado a<strong>\u00a0\u00abLa noche de Mirtha\u00bb (El Trece)\u00a0<\/strong>y\u00a0<strong>Juana Viale<\/strong>\u00a0le pregunt\u00f3 c\u00f3mo transit\u00f3 la cuarentena que impuso el Gobierno nacional para prevenir el avance del coronavirus en el pa\u00eds.<\/p>\n\n\n\n<p><em>\u00abFue dif\u00edcil. Al principio era todo muy placentero por quedarse en casa y tener tiempo para ver televisi\u00f3n, leer y comer; despu\u00e9s estuve insoportable. Le mando un beso a Elvira, mi asistente\u00bb,<\/em>&nbsp;dijo la diva.<\/p>\n\n\n\n<figure class=\"wp-block-image size-large\"><a href=\"https:\/\/i0.wp.com\/elterritorialweb.com.ar\/web\/wp-content\/uploads\/2020\/12\/VOLVIO-MIRTHA-LEGRAND.jpg\"><img data-recalc-dims=\"1\" decoding=\"async\" width=\"630\" height=\"394\" data-src=\"https:\/\/i0.wp.com\/elterritorialweb.com.ar\/web\/wp-content\/uploads\/2020\/12\/VOLVIO-MIRTHA-LEGRAND.jpg?resize=630%2C394\" alt=\"\" class=\"wp-image-14941 lazyload\" data-srcset=\"https:\/\/i0.wp.com\/elterritorialweb.com.ar\/web\/wp-content\/uploads\/2020\/12\/VOLVIO-MIRTHA-LEGRAND.jpg?w=630&amp;ssl=1 630w, https:\/\/i0.wp.com\/elterritorialweb.com.ar\/web\/wp-content\/uploads\/2020\/12\/VOLVIO-MIRTHA-LEGRAND.jpg?resize=300%2C188&amp;ssl=1 300w\" data-sizes=\"(max-width: 630px) 100vw, 630px\" src=\"data:image\/svg+xml;base64,PHN2ZyB3aWR0aD0iMSIgaGVpZ2h0PSIxIiB4bWxucz0iaHR0cDovL3d3dy53My5vcmcvMjAwMC9zdmciPjwvc3ZnPg==\" style=\"--smush-placeholder-width: 630px; --smush-placeholder-aspect-ratio: 630\/394;\" \/><\/a><\/figure>\n\n\n\n<p>Y agreg\u00f3:\u00a0<em>\u00abQuer\u00eda salir, pero por protocolo no deb\u00eda. Yo estoy en zona de riesgo, ac\u00e1 me han hecho una burbuja y est\u00e1 todo esterilizado\u00bb.<\/em><\/p>\n\n\n\n<p><em>\u00abLa cosa est\u00e1 muy delicada, yo quiero aplicarme la vacuna\u00bb<\/em>, se\u00f1al\u00f3 Mirtha.<\/p>\n\n\n\n<p><em>\u00ab\u00bfQu\u00e9 vacuna te pondr\u00edas?\u00bb<\/em>, indag\u00f3 Juana.&nbsp;<em>\u00abLa de Pfizer. Hoy empezaban a aplicarla en Chile\u00bb,&nbsp;<\/em>dijo La Chiqui.<\/p>\n\n\n\n<p><em>\u00abLa rusa no te la pondr\u00edas\u00bb<\/em>, dedujo Juanita.<em>&nbsp;\u00abY\u2026 no s\u00e9\u00bb<\/em>, cerr\u00f3 Mirtha<\/p>\n","protected":false},"excerpt":{"rendered":"<p>\u00abLA NOCHE DE MIRTHA\u00bb QUE SE EMITE LOS SABADOS POR CANAL TRECE<\/p>\n","protected":false},"author":2,"featured_media":14940,"comment_status":"open","ping_status":"open","sticky":false,"template":"","format":"standard","meta":{"om_disable_all_campaigns":false,"_monsterinsights_skip_tracking":false,"_monsterinsights_sitenote_active":false,"_monsterinsights_sitenote_note":"","_monsterinsights_sitenote_category":0,"_uf_show_specific_survey":0,"_uf_disable_surveys":false,"jetpack_post_was_ever_published":false,"_jetpack_newsletter_access":"","_jetpack_dont_email_post_to_subs":false,"_jetpack_newsletter_tier_id":0,"_jetpack_memberships_contains_paywalled_content":false,"_jetpack_memberships_contains_paid_content":false,"footnotes":"","jetpack_publicize_message":"","jetpack_publicize_feature_enabled":true,"jetpack_social_post_already_shared":false,"jetpack_social_options":{"image_generator_settings":{"template":"highway","default_image_id":0,"font":"","enabled":false},"version":2}},"categories":[20],"tags":[],"class_list":["post-14939","post","type-post","status-publish","format-standard","has-post-thumbnail","hentry","category-especysociales"],"aioseo_notices":[],"views":18,"jetpack_publicize_connections":[],"jetpack_featured_media_url":"https:\/\/i0.wp.com\/elterritorialweb.com.ar\/web\/wp-content\/uploads\/2020\/12\/VOLVIO-MIRTHA-LEGRAND-1.jpg?fit=680%2C453&ssl=1","jetpack_sharing_enabled":true,"_links":{"self":[{"href":"https:\/\/elterritorialweb.com.ar\/web\/wp-json\/wp\/v2\/posts\/14939","targetHints":{"allow":["GET"]}}],"collection":[{"href":"https:\/\/elterritorialweb.com.ar\/web\/wp-json\/wp\/v2\/posts"}],"about":[{"href":"https:\/\/elterritorialweb.com.ar\/web\/wp-json\/wp\/v2\/types\/post"}],"author":[{"embeddable":true,"href":"https:\/\/elterritorialweb.com.ar\/web\/wp-json\/wp\/v2\/users\/2"}],"replies":[{"embeddable":true,"href":"https:\/\/elterritorialweb.com.ar\/web\/wp-json\/wp\/v2\/comments?post=14939"}],"version-history":[{"count":1,"href":"https:\/\/elterritorialweb.com.ar\/web\/wp-json\/wp\/v2\/posts\/14939\/revisions"}],"predecessor-version":[{"id":14942,"href":"https:\/\/elterritorialweb.com.ar\/web\/wp-json\/wp\/v2\/posts\/14939\/revisions\/14942"}],"wp:featuredmedia":[{"embeddable":true,"href":"https:\/\/elterritorialweb.com.ar\/web\/wp-json\/wp\/v2\/media\/14940"}],"wp:attachment":[{"href":"https:\/\/elterritorialweb.com.ar\/web\/wp-json\/wp\/v2\/media?parent=14939"}],"wp:term":[{"taxonomy":"category","embeddable":true,"href":"https:\/\/elterritorialweb.com.ar\/web\/wp-json\/wp\/v2\/categories?post=14939"},{"taxonomy":"post_tag","embeddable":true,"href":"https:\/\/elterritorialweb.com.ar\/web\/wp-json\/wp\/v2\/tags?post=14939"}],"curies":[{"name":"wp","href":"https:\/\/api.w.org\/{rel}","templated":true}]}}