{"id":14943,"date":"2020-12-20T13:44:56","date_gmt":"2020-12-20T13:44:56","guid":{"rendered":"http:\/\/elterritorialweb.com.ar\/web\/?p=14943"},"modified":"2020-12-20T13:44:57","modified_gmt":"2020-12-20T13:44:57","slug":"esta-noche-se-emitira-el-programa-de-marley-en-su-visita-a-santiago-del-estero","status":"publish","type":"post","link":"https:\/\/elterritorialweb.com.ar\/web\/esta-noche-se-emitira-el-programa-de-marley-en-su-visita-a-santiago-del-estero\/","title":{"rendered":"ESTA NOCHE SE EMITIRA EL PROGRAMA DE MARLEY EN SU VISITA A SANTIAGO DEL ESTERO"},"content":{"rendered":"\n<p>El conductor televisivo Alejandro \u00abMarley\u00bb Wiebe destac\u00f3 que con el nuevo formato que le imprimi\u00f3 a su programa \u00abPor el mundo (en casa)\u00bb durante la pandemia de coronavirus busca resaltar que Argentina \u00abes un pa\u00eds muy hermoso y variado, y hay que aprovechar para recorrerlo\u00bb.<\/p>\n\n\n\n<p>Este a\u00f1o, Marley no pudo hacer sus tradicionales viajes hacia otros pa\u00edses pero con su coconductora Lizy Tagliani comenz\u00f3 a viajar por el pa\u00eds para el programa de Telef\u00e9 y ma\u00f1ana, a las 20.30, se emitir\u00e1 el show desde Santiago del Estero para mostrar sus atractivos tur\u00edsticos.<\/p>\n\n\n\n<figure class=\"wp-block-image size-large\"><a href=\"https:\/\/i0.wp.com\/elterritorialweb.com.ar\/web\/wp-content\/uploads\/2020\/12\/MARLEY-Y-LIZZY-1.jpg\"><img data-recalc-dims=\"1\" decoding=\"async\" width=\"298\" height=\"169\" data-src=\"https:\/\/i0.wp.com\/elterritorialweb.com.ar\/web\/wp-content\/uploads\/2020\/12\/MARLEY-Y-LIZZY-1.jpg?resize=298%2C169\" alt=\"\" class=\"wp-image-14945 lazyload\" src=\"data:image\/svg+xml;base64,PHN2ZyB3aWR0aD0iMSIgaGVpZ2h0PSIxIiB4bWxucz0iaHR0cDovL3d3dy53My5vcmcvMjAwMC9zdmciPjwvc3ZnPg==\" style=\"--smush-placeholder-width: 298px; --smush-placeholder-aspect-ratio: 298\/169;\" \/><\/a><\/figure>\n\n\n\n<p>El programa se emitir\u00e1 este domingo, pero los conductores estuvieron d\u00edas atr\u00e1s en la provincia santiague\u00f1a, oportunidad en que recorrieron Las Termas de R\u00edo Hondo, donde visitaron el Museo del Autom\u00f3vil, el Golf Club, entre otros sitios; adem\u00e1s tambi\u00e9n visitaron el estadio de f\u00fatbol \u00abMadre de Ciudades\u00bb, el Centro cultural del Bicentenario, e incluso acudieron a la finca Mar\u00eda del Pilar, donde elaboran vinos y realizan visitas guiadas.<\/p>\n\n\n\n<p><strong>\u00abMe gust\u00f3 mucho Santiago del Estero, la recorr\u00ed bastante, yo no conoc\u00eda la Capital s\u00f3lo conoc\u00eda Las Termas, que es un lugar \u00fanico, seguramente todo el mundo oy\u00f3 hablar, pero est\u00e1 muy bueno visitar Santiago\u00bb<\/strong>, sostuvo Marley.<\/p>\n\n\n\n<figure class=\"wp-block-embed is-type-rich is-provider-twitter wp-block-embed-twitter\"><div class=\"wp-block-embed__wrapper\">\n<blockquote class=\"twitter-tweet\" data-width=\"550\" data-dnt=\"true\"><p lang=\"es\" dir=\"ltr\">En el museo de autos y motos m\u00e1s incre\u00edble!<br>Esta en Santiago del Estero, conocelo ma\u00f1ana domingo 20.30 <a href=\"https:\/\/twitter.com\/hashtag\/porelmundoencasa?src=hash&amp;ref_src=twsrc%5Etfw\">#porelmundoencasa<\/a> junto a <a href=\"https:\/\/twitter.com\/lizytagliani?ref_src=twsrc%5Etfw\">@lizytagliani<\/a> por <a href=\"https:\/\/twitter.com\/telefe?ref_src=twsrc%5Etfw\">@telefe<\/a> <a href=\"https:\/\/t.co\/SrvJNH1LPd\">pic.twitter.com\/SrvJNH1LPd<\/a><\/p>&mdash; MARLEY &#8211; ALE WIEBE (@marley_ok) <a href=\"https:\/\/twitter.com\/marley_ok\/status\/1340391221680812033?ref_src=twsrc%5Etfw\">December 19, 2020<\/a><\/blockquote><script async src=\"https:\/\/platform.twitter.com\/widgets.js\" charset=\"utf-8\"><\/script>\n<\/div><\/figure>\n\n\n\n<p>Y, apunt\u00f3: \u00abEs una provincia hermosa, con lugares muy originales y que no son tan conocidos y la verdad yo no sab\u00eda que estaban ah\u00ed en Santiago, as\u00ed que hay que conocer. En Las Termas vi toda la parte del automovilismo que es muy interesante, a los que les gustan los autos si o si deben ir a ah\u00ed y visitar el Museo que es muy completo\u00bb<\/p>\n\n\n\n<p>\u00abFue una muy grata sorpresa todo en Santiago del Estero\u00bb, expres\u00f3 y en ese aspecto sostuvo que \u00abme est\u00e1 pasando con varias provincias, que las estoy conociendo de otra manera\u00bb.<\/p>\n\n\n\n<p><strong>\u00abDe algunas ten\u00eda la imagen de c\u00f3mo ser\u00edan; est\u00e1n las provincias que son como las m\u00e1s populares como Misiones por las Cataratas de Iguaz\u00fa, pero hay que darse el tiempo para recorrer a las provincias porque aparecen mucho m\u00e1s lugares de los que uno conoce y hay provincias que uno no recorri\u00f3 mucho y se encuentra con grandes sorpresas\u00bb<\/strong>, asever\u00f3.<\/p>\n\n\n\n<p>Por su parte, Tagliani remarc\u00f3 que \u00abrecorrer el pa\u00eds es una experiencia linda, con el teatro tuve la oportunidad de recorrer much\u00edsimos lugares desde los m\u00e1s peque\u00f1os hasta los m\u00e1s grandes\u00bb.<\/p>\n\n\n\n<p>\u00abLo que m\u00e1s me dej\u00f3 estos viajes es la posibilidad de entender que todos los argentinos somos muy hospitalarios, de recibir al otro; no importan si viv\u00eds en el Norte o en el Sur, siempre somos muy acogedores\u00bb, a\u00f1adi\u00f3.<\/p>\n\n\n\n<p>A la vez, Marley pidi\u00f3 a los argentinos que \u00abse animen a viajar porque no podemos seguir con miedo y encerrados en nuestras casas, lo podemos hacer siendo responsables, tomando las medidas de precauci\u00f3n, llevando siempre el alcohol para cuando uno toca las cosas, llevando barbijo puesto y se puede tranquilamente viajar\u00bb.<\/p>\n\n\n\n<p><strong>\u00abNosotros estuvimos en nueve provincias ya y la verdad que estamos todos perfectos sanos, hemos viajado en avi\u00f3n, helic\u00f3ptero, distintos veh\u00edculos, hemos hecho de todo y estamos perfectos, as\u00ed que hay que animarse a viajar, porque hay que disfrutar de la vida y de nuestro pa\u00eds\u00bb<\/strong>, resalt\u00f3.<\/p>\n\n\n\n<p>En ese sentido, dijo que \u00abesta pandemia nos hizo valorar todo, las cosas simples, las reuniones familiares, el pasar m\u00e1s tiempo con nuestros hijos y bajar un poco la velocidad, que es lo positivo de este a\u00f1o que no ha sido muy bueno para nadie\u00bb.<\/p>\n","protected":false},"excerpt":{"rendered":"<p>El conductor televisivo Alejandro \u00abMarley\u00bb Wiebe destac\u00f3 que con el nuevo formato que le imprimi\u00f3&#8230;<\/p>\n","protected":false},"author":2,"featured_media":14944,"comment_status":"open","ping_status":"open","sticky":false,"template":"","format":"standard","meta":{"om_disable_all_campaigns":false,"_monsterinsights_skip_tracking":false,"_monsterinsights_sitenote_active":false,"_monsterinsights_sitenote_note":"","_monsterinsights_sitenote_category":0,"_uf_show_specific_survey":0,"_uf_disable_surveys":false,"jetpack_post_was_ever_published":false,"_jetpack_newsletter_access":"","_jetpack_dont_email_post_to_subs":false,"_jetpack_newsletter_tier_id":0,"_jetpack_memberships_contains_paywalled_content":false,"_jetpack_memberships_contains_paid_content":false,"footnotes":"","jetpack_publicize_message":"","jetpack_publicize_feature_enabled":true,"jetpack_social_post_already_shared":false,"jetpack_social_options":{"image_generator_settings":{"template":"highway","default_image_id":0,"font":"","enabled":false},"version":2}},"categories":[20],"tags":[],"class_list":["post-14943","post","type-post","status-publish","format-standard","has-post-thumbnail","hentry","category-especysociales"],"aioseo_notices":[],"views":6,"jetpack_publicize_connections":[],"jetpack_featured_media_url":"https:\/\/i0.wp.com\/elterritorialweb.com.ar\/web\/wp-content\/uploads\/2020\/12\/MARLEY-Y-LIZZY.jpg?fit=599%2C680&ssl=1","jetpack_sharing_enabled":true,"_links":{"self":[{"href":"https:\/\/elterritorialweb.com.ar\/web\/wp-json\/wp\/v2\/posts\/14943","targetHints":{"allow":["GET"]}}],"collection":[{"href":"https:\/\/elterritorialweb.com.ar\/web\/wp-json\/wp\/v2\/posts"}],"about":[{"href":"https:\/\/elterritorialweb.com.ar\/web\/wp-json\/wp\/v2\/types\/post"}],"author":[{"embeddable":true,"href":"https:\/\/elterritorialweb.com.ar\/web\/wp-json\/wp\/v2\/users\/2"}],"replies":[{"embeddable":true,"href":"https:\/\/elterritorialweb.com.ar\/web\/wp-json\/wp\/v2\/comments?post=14943"}],"version-history":[{"count":1,"href":"https:\/\/elterritorialweb.com.ar\/web\/wp-json\/wp\/v2\/posts\/14943\/revisions"}],"predecessor-version":[{"id":14946,"href":"https:\/\/elterritorialweb.com.ar\/web\/wp-json\/wp\/v2\/posts\/14943\/revisions\/14946"}],"wp:featuredmedia":[{"embeddable":true,"href":"https:\/\/elterritorialweb.com.ar\/web\/wp-json\/wp\/v2\/media\/14944"}],"wp:attachment":[{"href":"https:\/\/elterritorialweb.com.ar\/web\/wp-json\/wp\/v2\/media?parent=14943"}],"wp:term":[{"taxonomy":"category","embeddable":true,"href":"https:\/\/elterritorialweb.com.ar\/web\/wp-json\/wp\/v2\/categories?post=14943"},{"taxonomy":"post_tag","embeddable":true,"href":"https:\/\/elterritorialweb.com.ar\/web\/wp-json\/wp\/v2\/tags?post=14943"}],"curies":[{"name":"wp","href":"https:\/\/api.w.org\/{rel}","templated":true}]}}