{"id":14947,"date":"2020-12-20T14:01:29","date_gmt":"2020-12-20T14:01:29","guid":{"rendered":"http:\/\/elterritorialweb.com.ar\/web\/?p=14947"},"modified":"2020-12-20T14:01:30","modified_gmt":"2020-12-20T14:01:30","slug":"tras-17-anos-al-frente-del-telenoche-maria-laura-santillan-deja-su-conduccion","status":"publish","type":"post","link":"https:\/\/elterritorialweb.com.ar\/web\/tras-17-anos-al-frente-del-telenoche-maria-laura-santillan-deja-su-conduccion\/","title":{"rendered":"TRAS 17 A\u00d1OS AL FRENTE DEL TELENOCHE MAR\u00cdA LAURA SANTILLAN DEJA SU CONDUCCI\u00d3N"},"content":{"rendered":"\n<p><em>\u201cEstamos ac\u00e1 juntos porque se vienen nuevos tiempos en Telenoche, y eso significa tambi\u00e9n, cambios. El cambio m\u00e1s notorio, m\u00e1s evidente es que Mar\u00eda dejar\u00e1 la conducci\u00f3n despu\u00e9s de 17 a\u00f1os al frente del programa. Fueron 17 de a\u00f1os, 14 de ellos junto a Santo, en los cuales atravesaron todo tipo de noticias y momentos. Mar\u00eda ven\u00eda de hacer ciclos muy exitosos como Telenoche investiga y No matar\u00e1s y tuvo la enorme responsabilidad de continuar el legado de M\u00f3nica. Desde entonces, le imprimi\u00f3 su propio sello a Telenoche, el noticiero m\u00e1s tradicional de nuestra televisi\u00f3n\u00bb<\/em>, dijo Leuco.<\/p>\n\n\n\n<p><em>\u00abHoy llega el momento de hacer una pausa, para empezar un nuevo ciclo. Un nuevo ciclo que empezar\u00e1 en febrero y desde entonces junto a Luciana Geuna en la conducci\u00f3n, intentaremos renovar el compromiso con ustedes y obviamente estar a la altura de las expectativas\u00bb,&nbsp;<\/em>agreg\u00f3.<\/p>\n\n\n\n<p>Por \u00faltimo, dijo:&nbsp;<em>\u00abMientras tanto y como todos los veranos de Telenoche se van a hacer cargo, Domi y Dexter como solo ellos pueden hacerlo\u201d.&nbsp;<\/em>Por su parte,<strong>&nbsp;Luciana Geuna<\/strong>&nbsp;agreg\u00f3:<em>&nbsp;\u201cEsperamos desde ac\u00e1, nosotros dos, que acompa\u00f1es a Domi y Dex, que nos acompa\u00f1es a nosotros porque estamos preparando un nuevo Telenoche\u201c.<\/em><\/p>\n","protected":false},"excerpt":{"rendered":"<p>En la noche del viernes, el noticiero del Trece despidi\u00f3 a Mar\u00eda Laura Santill\u00e1n sin su presencia, y record\u00f3 su paso por la conducci\u00f3n de \u00abTelenoche\u00bb. Adem\u00e1s, Diego Leuco anunci\u00f3 los nuevos cambios para el 2021.<\/p>\n","protected":false},"author":2,"featured_media":14948,"comment_status":"open","ping_status":"open","sticky":false,"template":"","format":"standard","meta":{"om_disable_all_campaigns":false,"_monsterinsights_skip_tracking":false,"_monsterinsights_sitenote_active":false,"_monsterinsights_sitenote_note":"","_monsterinsights_sitenote_category":0,"_uf_show_specific_survey":0,"_uf_disable_surveys":false,"jetpack_post_was_ever_published":false,"_jetpack_newsletter_access":"","_jetpack_dont_email_post_to_subs":false,"_jetpack_newsletter_tier_id":0,"_jetpack_memberships_contains_paywalled_content":false,"_jetpack_memberships_contains_paid_content":false,"footnotes":"","jetpack_publicize_message":"","jetpack_publicize_feature_enabled":true,"jetpack_social_post_already_shared":false,"jetpack_social_options":{"image_generator_settings":{"template":"highway","default_image_id":0,"font":"","enabled":false},"version":2}},"categories":[20],"tags":[],"class_list":["post-14947","post","type-post","status-publish","format-standard","has-post-thumbnail","hentry","category-especysociales"],"aioseo_notices":[],"views":5,"jetpack_publicize_connections":[],"jetpack_featured_media_url":"https:\/\/i0.wp.com\/elterritorialweb.com.ar\/web\/wp-content\/uploads\/2020\/12\/MARIA-LAURA-SANTILLAN.jpeg?fit=700%2C378&ssl=1","jetpack_sharing_enabled":true,"_links":{"self":[{"href":"https:\/\/elterritorialweb.com.ar\/web\/wp-json\/wp\/v2\/posts\/14947","targetHints":{"allow":["GET"]}}],"collection":[{"href":"https:\/\/elterritorialweb.com.ar\/web\/wp-json\/wp\/v2\/posts"}],"about":[{"href":"https:\/\/elterritorialweb.com.ar\/web\/wp-json\/wp\/v2\/types\/post"}],"author":[{"embeddable":true,"href":"https:\/\/elterritorialweb.com.ar\/web\/wp-json\/wp\/v2\/users\/2"}],"replies":[{"embeddable":true,"href":"https:\/\/elterritorialweb.com.ar\/web\/wp-json\/wp\/v2\/comments?post=14947"}],"version-history":[{"count":1,"href":"https:\/\/elterritorialweb.com.ar\/web\/wp-json\/wp\/v2\/posts\/14947\/revisions"}],"predecessor-version":[{"id":14949,"href":"https:\/\/elterritorialweb.com.ar\/web\/wp-json\/wp\/v2\/posts\/14947\/revisions\/14949"}],"wp:featuredmedia":[{"embeddable":true,"href":"https:\/\/elterritorialweb.com.ar\/web\/wp-json\/wp\/v2\/media\/14948"}],"wp:attachment":[{"href":"https:\/\/elterritorialweb.com.ar\/web\/wp-json\/wp\/v2\/media?parent=14947"}],"wp:term":[{"taxonomy":"category","embeddable":true,"href":"https:\/\/elterritorialweb.com.ar\/web\/wp-json\/wp\/v2\/categories?post=14947"},{"taxonomy":"post_tag","embeddable":true,"href":"https:\/\/elterritorialweb.com.ar\/web\/wp-json\/wp\/v2\/tags?post=14947"}],"curies":[{"name":"wp","href":"https:\/\/api.w.org\/{rel}","templated":true}]}}