{"id":14950,"date":"2020-12-20T14:20:45","date_gmt":"2020-12-20T14:20:45","guid":{"rendered":"http:\/\/elterritorialweb.com.ar\/web\/?p=14950"},"modified":"2020-12-20T14:20:46","modified_gmt":"2020-12-20T14:20:46","slug":"argentina-definio-estrategias-para-captar-turistas-israelies","status":"publish","type":"post","link":"https:\/\/elterritorialweb.com.ar\/web\/argentina-definio-estrategias-para-captar-turistas-israelies\/","title":{"rendered":"ARGENTINA DEFINI\u00d3 ESTRATEGIAS PARA CAPTAR TURISTAS ISRAEL\u00cdES"},"content":{"rendered":"\n<p>Durante la reuni\u00f3n se identificaron cuatro productos tur\u00edsticos interesantes, uno de ellos apuntado a la captaci\u00f3n de los j\u00f3venes que, luego de finalizar el servicio militar y antes de iniciar la Universidad, se toman entre 6 y 12 meses sab\u00e1ticos para viajar por el mundo. Sudam\u00e9rica es uno de los destinos preferidos, por lo tanto, uno de los objetivos de INPROTUR poder atraerlos. Argentina es el primer destino de Am\u00e9rica del Sur que eligen los viajeros y viajeras israel\u00edes.<\/p>\n\n\n\n<p>La propuesta de bodas en Argentina es otro de los productos, como as\u00ed tambi\u00e9n fortalecer la propuesta del Kosher en el \u00e1mbito gastron\u00f3mico. Y se analiz\u00f3 la profundizaci\u00f3n de aprovechar la fuerte presencia que tiene el tango en Israel para incentivar la llegada de turistas de ese pa\u00eds.<\/p>\n\n\n\n<p>Otro punto central fue la&nbsp;<strong>conectividad a\u00e9rea<\/strong>. A pesar de la distancia geogr\u00e1fica y la ausencia de conectividad directa, el objetivo es generar un crecimiento del mercado israel\u00ed que se perdi\u00f3 en los \u00faltimos a\u00f1os. Al respecto se destaca el inicio de gestiones que realiz\u00f3 oportunamente a principios de a\u00f1o el Presidente de la Naci\u00f3n,&nbsp;<strong>Alberto Fern\u00e1ndez<\/strong>, para lograr a futuro conectividad por medio de vuelos directos desde Israel, aprovechando la predisposici\u00f3n de Aerol\u00edneas Argentinas o bien a trav\u00e9s de la aerol\u00ednea de bandera Israel\u00ed El Al.<\/p>\n\n\n\n<p><em>\u201cEs muy importante coordinar trabajos con la Embajada en un mercado que nos puede dar grandes beneficios, como el de Israel. Argentina tiene un gran potencial para ofrecer, no solo por la identificaci\u00f3n de oportunidades que generamos en el mercado israel\u00ed, sino por todo lo que tienen Argentina en el \u00e1mbito del Patrimonio Cultural. Las posibilidades son muy variadas y de excelente calidad\u201d<\/em>, declar\u00f3 el secretario ejecutivo de INPROTUR,&nbsp;<strong>Ricardo Sosa<\/strong>.<\/p>\n\n\n\n<p>A\u00f1adi\u00f3 que entre los desaf\u00edos que se establecieron a futuro, m\u00e1s all\u00e1 de la coyuntura del coronavirus, es recuperar todo el espacio perdido por Argentina en ese mercado. Es que el turismo emisivo israel\u00ed cay\u00f3 hacia Argentina en los \u00faltimos 8 a\u00f1os. En 2011 llegaban 60 mil y en 2019 lo hicieron casi 45 mil. En forma paralela, en los mismos per\u00edodos el turismo emisivo israel\u00ed al mundo pas\u00f3 de 4,4M a 8,5M, duplicando la cantidad de viajeros. Asimismo se puede resaltar que al analizar la llegada por diferentes v\u00edas, se observa un decrecimiento por v\u00eda terrestre de 40.000 en 2011 a casi 25.000 en 2019. De igual manera, en ese mismo per\u00edodo, pero por v\u00eda a\u00e9rea, decreci\u00f3 de 18.000 a casi 17.000.<\/p>\n\n\n\n<p>Por otro lado, el gasto promedio de estad\u00eda \u2013por v\u00eda a\u00e9rea- de turistas israel\u00edes, descendi\u00f3 de USD 2.085 en 2012 a USD 1.450 en 2019 mientras que en ese mismo per\u00edodo el gasto del turista israel\u00ed al mundo pr\u00e1cticamente se duplic\u00f3.<\/p>\n\n\n\n<p><em>\u201cSon los desaf\u00edos que nos establecimos junto al Embajador Urribarri, siguiendo los lineamientos del Ministro de Turismo y Deportes, Mat\u00edas Lammens, pensando acciones en lo inmediato pero tambi\u00e9n a mediano y largo plazo\u201d<\/em>, afirm\u00f3 Sosa.<\/p>\n","protected":false},"excerpt":{"rendered":"<p>El Secretario Ejecutivo del INPROTUR, Ricardo Sosa, se reuni\u00f3 con el Embajador argentino en Israel, Sergio Urribarri, y junto a los equipos t\u00e9cnicos de ambas partes, trabajaron para establecer las estrategias de promoci\u00f3n para los pr\u00f3ximos a\u00f1os, conformando una calendarizaci\u00f3n de acciones que incluye el desarrollo y propuesta de nuevos productos tur\u00edsticos, la identificaci\u00f3n de oportunidades en la vida israel\u00ed y el fortalecimiento de las acciones que inici\u00f3 oportunamente el Presidente, Alberto Fern\u00e1ndez, que tienen como objeto la mejora en la conectividad a\u00e9rea.<\/p>\n","protected":false},"author":2,"featured_media":14951,"comment_status":"open","ping_status":"open","sticky":false,"template":"","format":"standard","meta":{"om_disable_all_campaigns":false,"_monsterinsights_skip_tracking":false,"_monsterinsights_sitenote_active":false,"_monsterinsights_sitenote_note":"","_monsterinsights_sitenote_category":0,"_uf_show_specific_survey":0,"_uf_disable_surveys":false,"jetpack_post_was_ever_published":false,"_jetpack_newsletter_access":"","_jetpack_dont_email_post_to_subs":false,"_jetpack_newsletter_tier_id":0,"_jetpack_memberships_contains_paywalled_content":false,"_jetpack_memberships_contains_paid_content":false,"footnotes":"","jetpack_publicize_message":"","jetpack_publicize_feature_enabled":true,"jetpack_social_post_already_shared":false,"jetpack_social_options":{"image_generator_settings":{"template":"highway","default_image_id":0,"font":"","enabled":false},"version":2}},"categories":[7],"tags":[],"class_list":["post-14950","post","type-post","status-publish","format-standard","has-post-thumbnail","hentry","category-nacionales"],"aioseo_notices":[],"views":3,"jetpack_publicize_connections":[],"jetpack_featured_media_url":"https:\/\/i0.wp.com\/elterritorialweb.com.ar\/web\/wp-content\/uploads\/2020\/12\/improtur-turistas-islaelies.jpg?fit=1280%2C524&ssl=1","jetpack_sharing_enabled":true,"_links":{"self":[{"href":"https:\/\/elterritorialweb.com.ar\/web\/wp-json\/wp\/v2\/posts\/14950","targetHints":{"allow":["GET"]}}],"collection":[{"href":"https:\/\/elterritorialweb.com.ar\/web\/wp-json\/wp\/v2\/posts"}],"about":[{"href":"https:\/\/elterritorialweb.com.ar\/web\/wp-json\/wp\/v2\/types\/post"}],"author":[{"embeddable":true,"href":"https:\/\/elterritorialweb.com.ar\/web\/wp-json\/wp\/v2\/users\/2"}],"replies":[{"embeddable":true,"href":"https:\/\/elterritorialweb.com.ar\/web\/wp-json\/wp\/v2\/comments?post=14950"}],"version-history":[{"count":1,"href":"https:\/\/elterritorialweb.com.ar\/web\/wp-json\/wp\/v2\/posts\/14950\/revisions"}],"predecessor-version":[{"id":14952,"href":"https:\/\/elterritorialweb.com.ar\/web\/wp-json\/wp\/v2\/posts\/14950\/revisions\/14952"}],"wp:featuredmedia":[{"embeddable":true,"href":"https:\/\/elterritorialweb.com.ar\/web\/wp-json\/wp\/v2\/media\/14951"}],"wp:attachment":[{"href":"https:\/\/elterritorialweb.com.ar\/web\/wp-json\/wp\/v2\/media?parent=14950"}],"wp:term":[{"taxonomy":"category","embeddable":true,"href":"https:\/\/elterritorialweb.com.ar\/web\/wp-json\/wp\/v2\/categories?post=14950"},{"taxonomy":"post_tag","embeddable":true,"href":"https:\/\/elterritorialweb.com.ar\/web\/wp-json\/wp\/v2\/tags?post=14950"}],"curies":[{"name":"wp","href":"https:\/\/api.w.org\/{rel}","templated":true}]}}