{"id":14973,"date":"2020-12-21T03:53:12","date_gmt":"2020-12-21T03:53:12","guid":{"rendered":"http:\/\/elterritorialweb.com.ar\/web\/?p=14973"},"modified":"2020-12-21T03:53:13","modified_gmt":"2020-12-21T03:53:13","slug":"los-caps-municipales-continuan-con-los-hisopados-por-el-covid-19","status":"publish","type":"post","link":"https:\/\/elterritorialweb.com.ar\/web\/los-caps-municipales-continuan-con-los-hisopados-por-el-covid-19\/","title":{"rendered":"LOS CAPS MUNICIPALES CONTIN\u00daAN CON LOS HISOPADOS POR EL COVID-19"},"content":{"rendered":"\n<p>En los Centros de Atenci\u00f3n Primaria de la Salud de los barrios Los Flores, Los Lagos, Francisco de Aguirre y Tradici\u00f3n, adem\u00e1s del Centro de Atenci\u00f3n Comunitaria (CIC) del Campo Contreras, se concretar\u00e1 otra jornada de toma de muestras de mucosas de nasofaringe.<\/p>\n\n\n\n<p>Los hisopados se realizan de acuerdo con el otorgamiento de un turno programado, como resultado de la detecci\u00f3n de casos sospechosos de las zonas de influencia de los CAPS municipales y de las UPAS que dependen del Ministerio de Salud de la provincia.<\/p>\n\n\n\n<p>Los materiales obtenidos en los hisopados son enviados para sus respectivos an\u00e1lisis en el laboratorio del ministerio. En tanto, este lunes, seguir\u00e1 en el barrio Jorge Newbery el trabajo de campo para identificar a las personas potencialmente m\u00e1s vulnerables al Covid \u2013 19, en el marco del plan de vacunaci\u00f3n nacional que se est\u00e1 preparando.<\/p>\n\n\n\n<p>En el encuentro con los vecinos, el personal de Salud de la Capital record\u00f3 que en el actual contexto epidemiol\u00f3gico es necesario mantener el uso correcto del barbijo, el lavado de manos, la distancia interpersonal y resto de las medidas de bioseguridad para evitar los contagios.<a href=\"https:\/\/www.facebook.com\/264403147583987\/photos\/a.359512004739767\/683479599009671\/?__cft__[0]=AZVhJ61jwwZ7o-AAtjClgyMcgB2Aviq-H3lhS4Vh61iPRGF5Ew_1dKKaMrkkLxSMWHWQAo5-YYaPRUURi05Ffou3ggpRtiuSB7_WJsDPlbdeoGza9jVQ5DR4u1r-yLTvTpgRn1Xt3PrPAC-WAt15L1p0&amp;__tn__=EH-R\"><\/a><\/p>\n\n\n\n<p><\/p>\n","protected":false},"excerpt":{"rendered":"<p>Los equipos de Salud de la Municipalidad de la Capital continuar\u00e1n este lunes con sus trabajos preventivos por la pandemia del Covid \u2013 19, con la b\u00fasqueda de pacientes con s\u00edntomas , la realizaci\u00f3n de hisopados y el relevamiento de personas de mayor riesgo ante el coronavirus.<\/p>\n","protected":false},"author":2,"featured_media":14974,"comment_status":"open","ping_status":"open","sticky":false,"template":"","format":"standard","meta":{"om_disable_all_campaigns":false,"_monsterinsights_skip_tracking":false,"_monsterinsights_sitenote_active":false,"_monsterinsights_sitenote_note":"","_monsterinsights_sitenote_category":0,"_uf_show_specific_survey":0,"_uf_disable_surveys":false,"jetpack_post_was_ever_published":false,"_jetpack_newsletter_access":"","_jetpack_dont_email_post_to_subs":false,"_jetpack_newsletter_tier_id":0,"_jetpack_memberships_contains_paywalled_content":false,"_jetpack_memberships_contains_paid_content":false,"footnotes":"","jetpack_publicize_message":"","jetpack_publicize_feature_enabled":true,"jetpack_social_post_already_shared":false,"jetpack_social_options":{"image_generator_settings":{"template":"highway","default_image_id":0,"font":"","enabled":false},"version":2}},"categories":[3],"tags":[],"class_list":["post-14973","post","type-post","status-publish","format-standard","has-post-thumbnail","hentry","category-salud"],"aioseo_notices":[],"views":4,"jetpack_publicize_connections":[],"jetpack_featured_media_url":"https:\/\/i0.wp.com\/elterritorialweb.com.ar\/web\/wp-content\/uploads\/2020\/12\/CAPS-MUNICIPALES.jpg?fit=810%2C540&ssl=1","jetpack_sharing_enabled":true,"_links":{"self":[{"href":"https:\/\/elterritorialweb.com.ar\/web\/wp-json\/wp\/v2\/posts\/14973","targetHints":{"allow":["GET"]}}],"collection":[{"href":"https:\/\/elterritorialweb.com.ar\/web\/wp-json\/wp\/v2\/posts"}],"about":[{"href":"https:\/\/elterritorialweb.com.ar\/web\/wp-json\/wp\/v2\/types\/post"}],"author":[{"embeddable":true,"href":"https:\/\/elterritorialweb.com.ar\/web\/wp-json\/wp\/v2\/users\/2"}],"replies":[{"embeddable":true,"href":"https:\/\/elterritorialweb.com.ar\/web\/wp-json\/wp\/v2\/comments?post=14973"}],"version-history":[{"count":1,"href":"https:\/\/elterritorialweb.com.ar\/web\/wp-json\/wp\/v2\/posts\/14973\/revisions"}],"predecessor-version":[{"id":14975,"href":"https:\/\/elterritorialweb.com.ar\/web\/wp-json\/wp\/v2\/posts\/14973\/revisions\/14975"}],"wp:featuredmedia":[{"embeddable":true,"href":"https:\/\/elterritorialweb.com.ar\/web\/wp-json\/wp\/v2\/media\/14974"}],"wp:attachment":[{"href":"https:\/\/elterritorialweb.com.ar\/web\/wp-json\/wp\/v2\/media?parent=14973"}],"wp:term":[{"taxonomy":"category","embeddable":true,"href":"https:\/\/elterritorialweb.com.ar\/web\/wp-json\/wp\/v2\/categories?post=14973"},{"taxonomy":"post_tag","embeddable":true,"href":"https:\/\/elterritorialweb.com.ar\/web\/wp-json\/wp\/v2\/tags?post=14973"}],"curies":[{"name":"wp","href":"https:\/\/api.w.org\/{rel}","templated":true}]}}