{"id":14976,"date":"2020-12-21T04:00:42","date_gmt":"2020-12-21T04:00:42","guid":{"rendered":"http:\/\/elterritorialweb.com.ar\/web\/?p=14976"},"modified":"2020-12-21T04:00:44","modified_gmt":"2020-12-21T04:00:44","slug":"lucha-contra-el-dengue-en-frias-realizan-relevamiento-de-indice-larvario-en-la-ciudad","status":"publish","type":"post","link":"https:\/\/elterritorialweb.com.ar\/web\/lucha-contra-el-dengue-en-frias-realizan-relevamiento-de-indice-larvario-en-la-ciudad\/","title":{"rendered":"LUCHA CONTRA EL DENGUE EN FR\u00cdAS: REALIZAN RELEVAMIENTO DE \u00cdNDICE LARVARIO EN LA CIUDAD"},"content":{"rendered":"\n<p>Se llev\u00f3 a cabo en la Ciudad de Fr\u00edas un intenso trabajo de relevamiento de \u00edndices larvarios (mosquitos transmisores de Dengue) por iniciativa del equipo de Atenci\u00f3n Primaria de la Salud (APS) del Hospital Zonal Fr\u00edas, coordinado por el Dr. Maximiliano Palacios y con el apoyo de la Direcci\u00f3n de Vectores del Ministerio de Salud de la Provincia, quienes tuvieron el acompa\u00f1amiento de los Agentes Sanitarios (AS) municipales conducidos por la Coordinadora de Salud local Prof. Marcela Gali.<\/p>\n\n\n\n<figure class=\"wp-block-image size-large\"><a href=\"https:\/\/i0.wp.com\/elterritorialweb.com.ar\/web\/wp-content\/uploads\/2020\/12\/FRIAS-DENGUE-1.jpg\"><img data-recalc-dims=\"1\" decoding=\"async\" width=\"640\" height=\"853\" data-src=\"https:\/\/i0.wp.com\/elterritorialweb.com.ar\/web\/wp-content\/uploads\/2020\/12\/FRIAS-DENGUE-1.jpg?resize=640%2C853\" alt=\"\" class=\"wp-image-14978 lazyload\" data-srcset=\"https:\/\/i0.wp.com\/elterritorialweb.com.ar\/web\/wp-content\/uploads\/2020\/12\/FRIAS-DENGUE-1.jpg?w=720&amp;ssl=1 720w, https:\/\/i0.wp.com\/elterritorialweb.com.ar\/web\/wp-content\/uploads\/2020\/12\/FRIAS-DENGUE-1.jpg?resize=225%2C300&amp;ssl=1 225w\" data-sizes=\"(max-width: 640px) 100vw, 640px\" src=\"data:image\/svg+xml;base64,PHN2ZyB3aWR0aD0iMSIgaGVpZ2h0PSIxIiB4bWxucz0iaHR0cDovL3d3dy53My5vcmcvMjAwMC9zdmciPjwvc3ZnPg==\" style=\"--smush-placeholder-width: 640px; --smush-placeholder-aspect-ratio: 640\/853;\" \/><\/a><\/figure>\n\n\n\n<p>La actividad const\u00f3 en la realizaci\u00f3n de muestreo en diferentes manzanas de pr\u00e1cticamente todos los barrios de la ciudad. Dentro de esas manzanas se tomaron de manera aleatoria cinco viviendas para la posible detecci\u00f3n de larvas de mosquitos, muestras que ser\u00e1n enviadas al Ministerio de Salud de la Provincia con los datos de referencias correspondientes.<\/p>\n\n\n\n<figure class=\"wp-block-image size-large\"><a href=\"https:\/\/i0.wp.com\/elterritorialweb.com.ar\/web\/wp-content\/uploads\/2020\/12\/FRIAS-DENGUE-2.jpg\"><img data-recalc-dims=\"1\" decoding=\"async\" width=\"640\" height=\"853\" data-src=\"https:\/\/i0.wp.com\/elterritorialweb.com.ar\/web\/wp-content\/uploads\/2020\/12\/FRIAS-DENGUE-2.jpg?resize=640%2C853\" alt=\"\" class=\"wp-image-14979 lazyload\" data-srcset=\"https:\/\/i0.wp.com\/elterritorialweb.com.ar\/web\/wp-content\/uploads\/2020\/12\/FRIAS-DENGUE-2.jpg?w=720&amp;ssl=1 720w, https:\/\/i0.wp.com\/elterritorialweb.com.ar\/web\/wp-content\/uploads\/2020\/12\/FRIAS-DENGUE-2.jpg?resize=225%2C300&amp;ssl=1 225w\" data-sizes=\"(max-width: 640px) 100vw, 640px\" src=\"data:image\/svg+xml;base64,PHN2ZyB3aWR0aD0iMSIgaGVpZ2h0PSIxIiB4bWxucz0iaHR0cDovL3d3dy53My5vcmcvMjAwMC9zdmciPjwvc3ZnPg==\" style=\"--smush-placeholder-width: 640px; --smush-placeholder-aspect-ratio: 640\/853;\" \/><\/a><\/figure>\n\n\n\n<p>Simult\u00e1neamente se hizo Educaci\u00f3n Sanitaria en cada visita a a los hogares, informando acerca de las acciones de prevenci\u00f3n del Dengue y otras enfermedades asociadas, como Zika y Chikungunya .<\/p>\n","protected":false},"excerpt":{"rendered":"<p>MUNICIPALIDAD DE FR\u00cdAS <\/p>\n","protected":false},"author":2,"featured_media":14977,"comment_status":"open","ping_status":"open","sticky":false,"template":"","format":"standard","meta":{"om_disable_all_campaigns":false,"_monsterinsights_skip_tracking":false,"_monsterinsights_sitenote_active":false,"_monsterinsights_sitenote_note":"","_monsterinsights_sitenote_category":0,"_uf_show_specific_survey":0,"_uf_disable_surveys":false,"jetpack_post_was_ever_published":false,"_jetpack_newsletter_access":"","_jetpack_dont_email_post_to_subs":false,"_jetpack_newsletter_tier_id":0,"_jetpack_memberships_contains_paywalled_content":false,"_jetpack_memberships_contains_paid_content":false,"footnotes":"","jetpack_publicize_message":"","jetpack_publicize_feature_enabled":true,"jetpack_social_post_already_shared":false,"jetpack_social_options":{"image_generator_settings":{"template":"highway","default_image_id":0,"font":"","enabled":false},"version":2}},"categories":[3],"tags":[],"class_list":["post-14976","post","type-post","status-publish","format-standard","has-post-thumbnail","hentry","category-salud"],"aioseo_notices":[],"views":5,"jetpack_publicize_connections":[],"jetpack_featured_media_url":"https:\/\/i0.wp.com\/elterritorialweb.com.ar\/web\/wp-content\/uploads\/2020\/12\/FRIAS-DENGUE.jpg?fit=450%2C600&ssl=1","jetpack_sharing_enabled":true,"_links":{"self":[{"href":"https:\/\/elterritorialweb.com.ar\/web\/wp-json\/wp\/v2\/posts\/14976","targetHints":{"allow":["GET"]}}],"collection":[{"href":"https:\/\/elterritorialweb.com.ar\/web\/wp-json\/wp\/v2\/posts"}],"about":[{"href":"https:\/\/elterritorialweb.com.ar\/web\/wp-json\/wp\/v2\/types\/post"}],"author":[{"embeddable":true,"href":"https:\/\/elterritorialweb.com.ar\/web\/wp-json\/wp\/v2\/users\/2"}],"replies":[{"embeddable":true,"href":"https:\/\/elterritorialweb.com.ar\/web\/wp-json\/wp\/v2\/comments?post=14976"}],"version-history":[{"count":1,"href":"https:\/\/elterritorialweb.com.ar\/web\/wp-json\/wp\/v2\/posts\/14976\/revisions"}],"predecessor-version":[{"id":14980,"href":"https:\/\/elterritorialweb.com.ar\/web\/wp-json\/wp\/v2\/posts\/14976\/revisions\/14980"}],"wp:featuredmedia":[{"embeddable":true,"href":"https:\/\/elterritorialweb.com.ar\/web\/wp-json\/wp\/v2\/media\/14977"}],"wp:attachment":[{"href":"https:\/\/elterritorialweb.com.ar\/web\/wp-json\/wp\/v2\/media?parent=14976"}],"wp:term":[{"taxonomy":"category","embeddable":true,"href":"https:\/\/elterritorialweb.com.ar\/web\/wp-json\/wp\/v2\/categories?post=14976"},{"taxonomy":"post_tag","embeddable":true,"href":"https:\/\/elterritorialweb.com.ar\/web\/wp-json\/wp\/v2\/tags?post=14976"}],"curies":[{"name":"wp","href":"https:\/\/api.w.org\/{rel}","templated":true}]}}