{"id":14981,"date":"2020-12-21T04:05:35","date_gmt":"2020-12-21T04:05:35","guid":{"rendered":"http:\/\/elterritorialweb.com.ar\/web\/?p=14981"},"modified":"2020-12-21T04:05:36","modified_gmt":"2020-12-21T04:05:36","slug":"la-banda-contara-con-la-refuncionalizacion-de-los-pasos-a-niveles","status":"publish","type":"post","link":"https:\/\/elterritorialweb.com.ar\/web\/la-banda-contara-con-la-refuncionalizacion-de-los-pasos-a-niveles\/","title":{"rendered":"LA BANDA CONTAR\u00c1 CON LA REFUNCIONALIZACI\u00d3N DE LOS PASOS A NIVELES"},"content":{"rendered":"\n<p>En este sentido, el intendente Pablo Mirolo brind\u00f3 detalles del proyecto que se ejecutar\u00e1 durante el 2021 en el que se encuentra contemplada la reestructuraci\u00f3n y modernizaci\u00f3n de la estaci\u00f3n de trenes de la ciudad como as\u00ed tambi\u00e9n la refuncionalizaci\u00f3n de cada uno de los paso a niveles.<\/p>\n\n\n\n<p>Al respecto, Mirolo se\u00f1al\u00f3: \u00abPara nosotros la visita de Sergio Massa trajo muy buenas noticias, ya que nuestra ciudad es ferroviaria desde su origen y contin\u00faa siendo un punto comercial importante para quienes vienen de localidades del interior\u00bb.<\/p>\n\n\n\n<p>Agreg\u00f3: \u00abEste ambicioso proyecto tendr\u00e1 por objetivo tambi\u00e9n la se\u00f1alizaci\u00f3n activa y pasiva ferroviaria y vial. Adem\u00e1s de la se\u00f1alizaci\u00f3n y construcci\u00f3n de laberintos y veredas de acceso peatonal. Al igual que la disposici\u00f3n de barreras autom\u00e1ticas y la construcci\u00f3n del centro de comando de las mismas\u00bb, coment\u00f3, Mirolo.<\/p>\n\n\n\n<p>Asimismo, la obra de refuncionalizaci\u00f3n de los PAN, brindar\u00e1 la renovaci\u00f3n total de la infraestructura del paquete estructural de cada paso a nivel.<\/p>\n","protected":false},"excerpt":{"rendered":"<p>Como parte del anuncio realizado por el presidente de la C\u00e1mara de Diputados de la Naci\u00f3n, Sergio Massa en su reciente visita a la ciudad de La Banda, junto al Ministro de transporte Mario Meoni se realizar\u00e1n tareas de refuncionalizaci\u00f3n de los pasos a niveles en toda la ciudad.<\/p>\n","protected":false},"author":2,"featured_media":14982,"comment_status":"open","ping_status":"open","sticky":false,"template":"","format":"standard","meta":{"om_disable_all_campaigns":false,"_monsterinsights_skip_tracking":false,"_monsterinsights_sitenote_active":false,"_monsterinsights_sitenote_note":"","_monsterinsights_sitenote_category":0,"_uf_show_specific_survey":0,"_uf_disable_surveys":false,"jetpack_post_was_ever_published":false,"_jetpack_newsletter_access":"","_jetpack_dont_email_post_to_subs":false,"_jetpack_newsletter_tier_id":0,"_jetpack_memberships_contains_paywalled_content":false,"_jetpack_memberships_contains_paid_content":false,"footnotes":"","jetpack_publicize_message":"","jetpack_publicize_feature_enabled":true,"jetpack_social_post_already_shared":false,"jetpack_social_options":{"image_generator_settings":{"template":"highway","default_image_id":0,"font":"","enabled":false},"version":2}},"categories":[21],"tags":[],"class_list":["post-14981","post","type-post","status-publish","format-standard","has-post-thumbnail","hentry","category-locales"],"aioseo_notices":[],"views":2,"jetpack_publicize_connections":[],"jetpack_featured_media_url":"https:\/\/i0.wp.com\/elterritorialweb.com.ar\/web\/wp-content\/uploads\/2020\/12\/MIROLO-PASOS-NIVELES.jpeg?fit=1030%2C725&ssl=1","jetpack_sharing_enabled":true,"_links":{"self":[{"href":"https:\/\/elterritorialweb.com.ar\/web\/wp-json\/wp\/v2\/posts\/14981","targetHints":{"allow":["GET"]}}],"collection":[{"href":"https:\/\/elterritorialweb.com.ar\/web\/wp-json\/wp\/v2\/posts"}],"about":[{"href":"https:\/\/elterritorialweb.com.ar\/web\/wp-json\/wp\/v2\/types\/post"}],"author":[{"embeddable":true,"href":"https:\/\/elterritorialweb.com.ar\/web\/wp-json\/wp\/v2\/users\/2"}],"replies":[{"embeddable":true,"href":"https:\/\/elterritorialweb.com.ar\/web\/wp-json\/wp\/v2\/comments?post=14981"}],"version-history":[{"count":1,"href":"https:\/\/elterritorialweb.com.ar\/web\/wp-json\/wp\/v2\/posts\/14981\/revisions"}],"predecessor-version":[{"id":14983,"href":"https:\/\/elterritorialweb.com.ar\/web\/wp-json\/wp\/v2\/posts\/14981\/revisions\/14983"}],"wp:featuredmedia":[{"embeddable":true,"href":"https:\/\/elterritorialweb.com.ar\/web\/wp-json\/wp\/v2\/media\/14982"}],"wp:attachment":[{"href":"https:\/\/elterritorialweb.com.ar\/web\/wp-json\/wp\/v2\/media?parent=14981"}],"wp:term":[{"taxonomy":"category","embeddable":true,"href":"https:\/\/elterritorialweb.com.ar\/web\/wp-json\/wp\/v2\/categories?post=14981"},{"taxonomy":"post_tag","embeddable":true,"href":"https:\/\/elterritorialweb.com.ar\/web\/wp-json\/wp\/v2\/tags?post=14981"}],"curies":[{"name":"wp","href":"https:\/\/api.w.org\/{rel}","templated":true}]}}