{"id":14984,"date":"2020-12-21T04:13:44","date_gmt":"2020-12-21T04:13:44","guid":{"rendered":"http:\/\/elterritorialweb.com.ar\/web\/?p=14984"},"modified":"2020-12-21T04:15:29","modified_gmt":"2020-12-21T04:15:29","slug":"comite-de-emergencia-santiago-se-mantendra-en-dispo-hasta-el-31-de-enero","status":"publish","type":"post","link":"https:\/\/elterritorialweb.com.ar\/web\/comite-de-emergencia-santiago-se-mantendra-en-dispo-hasta-el-31-de-enero\/","title":{"rendered":"COMITE DE EMERGENCIA: SANTIAGO SE MANTENDR\u00c1 EN DISPO HASTA EL 31 DE ENERO"},"content":{"rendered":"\n<p>En la jornada de este domingo, se realiz\u00f3 una nueva reuni\u00f3n del Comit\u00e9 de Emergencia; y de acuerdo al compromiso asumido de dar conocimiento a la poblaci\u00f3n, tanto de la evoluci\u00f3n epidemiol\u00f3gica semanal c\u00f3mo de los pasos a seguir.<\/p>\n\n\n\n<p><strong>COMUNICADO<\/strong><\/p>\n\n\n\n<p><em>Resumen semanal (desde el domingo 13\/12 hasta hoy domingo 20\/12 inclusive): <\/em><\/p>\n\n\n\n<p><em>El n\u00famero de casos fue de 378.<\/em><\/p>\n\n\n\n<p><em>El promedio diario de contagios en estos 8 d\u00edas fue de 47,25 casos positivos.<\/em><\/p>\n\n\n\n<p><em>El porcentaje de ocupaci\u00f3n de camas Covid:<\/em><\/p>\n\n\n\n<p><em>a) UTI -UCI 20%<\/em><\/p>\n\n\n\n<p><em>b) Camas Covid leves y moderados 25%.<\/em><\/p>\n\n\n\n<p><strong><em>Por otra parte, la provincia se mantendr\u00e1 dentro del distanciamiento preventivo social obligatorio (DISPO) dispuesto por las autoridades nacionales hasta el 31 de enero 2021. <\/em><\/strong><\/p>\n\n\n\n<p><em>Es necesario recordar a todos los comprovincianos, que tenemos circulaci\u00f3n comunitaria, y por lo tanto fundamental el cumplimiento de las medidas de prevenci\u00f3n y protocolos vigentes, evitando los contactos estrechos con personas que no sean del grupo familiar conviviente; mantener siempre la distancia social, como el uso correcto del tapabocas y la higiene permanente de las manos. <\/em><\/p>\n\n\n\n<p><em>Firman: Elias Suarez, Jefe de Gabinete de Ministros &#8211; Natividad Nassif, Ministra de Salud<\/em><\/p>\n","protected":false},"excerpt":{"rendered":"<p>COMIT\u00c9 DE EMERGENCIA LOCAL<\/p>\n","protected":false},"author":2,"featured_media":14985,"comment_status":"open","ping_status":"open","sticky":false,"template":"","format":"standard","meta":{"om_disable_all_campaigns":false,"_monsterinsights_skip_tracking":false,"_monsterinsights_sitenote_active":false,"_monsterinsights_sitenote_note":"","_monsterinsights_sitenote_category":0,"_uf_show_specific_survey":0,"_uf_disable_surveys":false,"jetpack_post_was_ever_published":false,"_jetpack_newsletter_access":"","_jetpack_dont_email_post_to_subs":false,"_jetpack_newsletter_tier_id":0,"_jetpack_memberships_contains_paywalled_content":false,"_jetpack_memberships_contains_paid_content":false,"footnotes":"","jetpack_publicize_message":"","jetpack_publicize_feature_enabled":true,"jetpack_social_post_already_shared":false,"jetpack_social_options":{"image_generator_settings":{"template":"highway","default_image_id":0,"font":"","enabled":false},"version":2}},"categories":[3],"tags":[],"class_list":["post-14984","post","type-post","status-publish","format-standard","has-post-thumbnail","hentry","category-salud"],"aioseo_notices":[],"views":6,"jetpack_publicize_connections":[],"jetpack_featured_media_url":"https:\/\/i0.wp.com\/elterritorialweb.com.ar\/web\/wp-content\/uploads\/2020\/12\/COMITE-DE-EMERGENCIA-20-DE-DICIEMBRE.jpg?fit=810%2C540&ssl=1","jetpack_sharing_enabled":true,"_links":{"self":[{"href":"https:\/\/elterritorialweb.com.ar\/web\/wp-json\/wp\/v2\/posts\/14984","targetHints":{"allow":["GET"]}}],"collection":[{"href":"https:\/\/elterritorialweb.com.ar\/web\/wp-json\/wp\/v2\/posts"}],"about":[{"href":"https:\/\/elterritorialweb.com.ar\/web\/wp-json\/wp\/v2\/types\/post"}],"author":[{"embeddable":true,"href":"https:\/\/elterritorialweb.com.ar\/web\/wp-json\/wp\/v2\/users\/2"}],"replies":[{"embeddable":true,"href":"https:\/\/elterritorialweb.com.ar\/web\/wp-json\/wp\/v2\/comments?post=14984"}],"version-history":[{"count":2,"href":"https:\/\/elterritorialweb.com.ar\/web\/wp-json\/wp\/v2\/posts\/14984\/revisions"}],"predecessor-version":[{"id":14988,"href":"https:\/\/elterritorialweb.com.ar\/web\/wp-json\/wp\/v2\/posts\/14984\/revisions\/14988"}],"wp:featuredmedia":[{"embeddable":true,"href":"https:\/\/elterritorialweb.com.ar\/web\/wp-json\/wp\/v2\/media\/14985"}],"wp:attachment":[{"href":"https:\/\/elterritorialweb.com.ar\/web\/wp-json\/wp\/v2\/media?parent=14984"}],"wp:term":[{"taxonomy":"category","embeddable":true,"href":"https:\/\/elterritorialweb.com.ar\/web\/wp-json\/wp\/v2\/categories?post=14984"},{"taxonomy":"post_tag","embeddable":true,"href":"https:\/\/elterritorialweb.com.ar\/web\/wp-json\/wp\/v2\/tags?post=14984"}],"curies":[{"name":"wp","href":"https:\/\/api.w.org\/{rel}","templated":true}]}}