{"id":14993,"date":"2020-12-22T02:44:41","date_gmt":"2020-12-22T02:44:41","guid":{"rendered":"http:\/\/elterritorialweb.com.ar\/web\/?p=14993"},"modified":"2020-12-22T02:44:41","modified_gmt":"2020-12-22T02:44:41","slug":"recuerdan-las-disposiciones-para-el-25-de-diciembre-y-1-de-enero","status":"publish","type":"post","link":"https:\/\/elterritorialweb.com.ar\/web\/recuerdan-las-disposiciones-para-el-25-de-diciembre-y-1-de-enero\/","title":{"rendered":"RECUERDAN LAS DISPOSICIONES PARA EL 25 DE DICIEMBRE Y 1 DE ENERO"},"content":{"rendered":"\n<p>En ambos casos la circulaci\u00f3n ser\u00e1 libre, pero la restricci\u00f3n horaria para negocios, bares, restaurantes, confiter\u00edas, helader\u00edas, etc., ser\u00e1 hasta las 02 horas de la ma\u00f1ana. <\/p>\n\n\n\n<p>La libre circulaci\u00f3n est\u00e1 permitida para que los integrantes de las familias puedan compartir y saludar a sus seres queridos. Asimismo se recuerda que estar\u00e1n permitidas las reuniones familiares en un m\u00e1ximo de hasta veinte (20) personas, para los d\u00edas mencionados. No est\u00e1n autorizadas las reuniones sociales de ninguna \u00edndole<\/p>\n","protected":false},"excerpt":{"rendered":"<p>El Comit\u00e9 de Emergencia de la provincia recuerda la vigencia del Distanciamiento Social Obligatorio (DISPO) en toda la provincia y se reitera las disposiciones para los d\u00edas 25 de diciembre de 2020 y 01 de enero de 2021.<\/p>\n","protected":false},"author":2,"featured_media":8185,"comment_status":"open","ping_status":"open","sticky":false,"template":"","format":"standard","meta":{"om_disable_all_campaigns":false,"_monsterinsights_skip_tracking":false,"_monsterinsights_sitenote_active":false,"_monsterinsights_sitenote_note":"","_monsterinsights_sitenote_category":0,"_uf_show_specific_survey":0,"_uf_disable_surveys":false,"jetpack_post_was_ever_published":false,"_jetpack_newsletter_access":"","_jetpack_dont_email_post_to_subs":false,"_jetpack_newsletter_tier_id":0,"_jetpack_memberships_contains_paywalled_content":false,"_jetpack_memberships_contains_paid_content":false,"footnotes":"","jetpack_publicize_message":"","jetpack_publicize_feature_enabled":true,"jetpack_social_post_already_shared":false,"jetpack_social_options":{"image_generator_settings":{"template":"highway","default_image_id":0,"font":"","enabled":false},"version":2}},"categories":[21],"tags":[],"class_list":["post-14993","post","type-post","status-publish","format-standard","has-post-thumbnail","hentry","category-locales"],"aioseo_notices":[],"views":14,"jetpack_publicize_connections":[],"jetpack_featured_media_url":"https:\/\/i0.wp.com\/elterritorialweb.com.ar\/web\/wp-content\/uploads\/2020\/07\/REPORTE-DIARIO-DE-25-DE-JULIO.jpg?fit=1032%2C774&ssl=1","jetpack_sharing_enabled":true,"_links":{"self":[{"href":"https:\/\/elterritorialweb.com.ar\/web\/wp-json\/wp\/v2\/posts\/14993","targetHints":{"allow":["GET"]}}],"collection":[{"href":"https:\/\/elterritorialweb.com.ar\/web\/wp-json\/wp\/v2\/posts"}],"about":[{"href":"https:\/\/elterritorialweb.com.ar\/web\/wp-json\/wp\/v2\/types\/post"}],"author":[{"embeddable":true,"href":"https:\/\/elterritorialweb.com.ar\/web\/wp-json\/wp\/v2\/users\/2"}],"replies":[{"embeddable":true,"href":"https:\/\/elterritorialweb.com.ar\/web\/wp-json\/wp\/v2\/comments?post=14993"}],"version-history":[{"count":1,"href":"https:\/\/elterritorialweb.com.ar\/web\/wp-json\/wp\/v2\/posts\/14993\/revisions"}],"predecessor-version":[{"id":14994,"href":"https:\/\/elterritorialweb.com.ar\/web\/wp-json\/wp\/v2\/posts\/14993\/revisions\/14994"}],"wp:featuredmedia":[{"embeddable":true,"href":"https:\/\/elterritorialweb.com.ar\/web\/wp-json\/wp\/v2\/media\/8185"}],"wp:attachment":[{"href":"https:\/\/elterritorialweb.com.ar\/web\/wp-json\/wp\/v2\/media?parent=14993"}],"wp:term":[{"taxonomy":"category","embeddable":true,"href":"https:\/\/elterritorialweb.com.ar\/web\/wp-json\/wp\/v2\/categories?post=14993"},{"taxonomy":"post_tag","embeddable":true,"href":"https:\/\/elterritorialweb.com.ar\/web\/wp-json\/wp\/v2\/tags?post=14993"}],"curies":[{"name":"wp","href":"https:\/\/api.w.org\/{rel}","templated":true}]}}