{"id":14995,"date":"2020-12-22T02:49:09","date_gmt":"2020-12-22T02:49:09","guid":{"rendered":"http:\/\/elterritorialweb.com.ar\/web\/?p=14995"},"modified":"2020-12-22T02:49:42","modified_gmt":"2020-12-22T02:49:42","slug":"cronograma-de-pago-de-sueldos-de-la-administracion-publica","status":"publish","type":"post","link":"https:\/\/elterritorialweb.com.ar\/web\/cronograma-de-pago-de-sueldos-de-la-administracion-publica\/","title":{"rendered":"CRONOGRAMA DE PAGO DE SUELDOS DE LA ADMINISTRACI\u00d3N P\u00daBLICA"},"content":{"rendered":"\n<p>Como ya viene siendo una particularidad, como consecuencia del protocolo de distanciamiento y seguridad establecido por la pandemia del Covid \u2013 19; el pago se realizar\u00e1 teniendo en cuenta el \u00faltimo digito del DNI y el dinero estar\u00e1 disponible en los cajeros, a partir de las 8 hs., de acuerdo al siguiente cronograma:<\/p>\n\n\n\n<p><strong>Los DNI terminados en 0, 1, 2, 3 y 4 cobraran el lunes 28 de diciembre<\/strong>.<\/p>\n\n\n\n<p><strong>Los DNI terminados en 5, 6, 7, 8 y 9 cobraran el martes 29 de diciembre.<\/strong><\/p>\n\n\n\n<p>Se aclara que dicha modalidad de pago se implementa para evitar la aglomeraci\u00f3n de las personas en los cajeros y, as\u00ed, poder respetar el distanciamiento social.<\/p>\n","protected":false},"excerpt":{"rendered":"<p>El Ministerio de Econom\u00eda de la Provincia de Santiago del Estero informa que el pago de sueldos correspondiente al mes de DICIEMBRE, se efectuar\u00e1 a partir del d\u00eda lunes 28 de diciembre, desde las 8 hs. de la ma\u00f1ana.<\/p>\n","protected":false},"author":2,"featured_media":2860,"comment_status":"open","ping_status":"open","sticky":false,"template":"","format":"standard","meta":{"om_disable_all_campaigns":false,"_monsterinsights_skip_tracking":false,"_monsterinsights_sitenote_active":false,"_monsterinsights_sitenote_note":"","_monsterinsights_sitenote_category":0,"_uf_show_specific_survey":0,"_uf_disable_surveys":false,"jetpack_post_was_ever_published":false,"_jetpack_newsletter_access":"","_jetpack_dont_email_post_to_subs":false,"_jetpack_newsletter_tier_id":0,"_jetpack_memberships_contains_paywalled_content":false,"_jetpack_memberships_contains_paid_content":false,"footnotes":"","jetpack_publicize_message":"","jetpack_publicize_feature_enabled":true,"jetpack_social_post_already_shared":false,"jetpack_social_options":{"image_generator_settings":{"template":"highway","default_image_id":0,"font":"","enabled":false},"version":2}},"categories":[21],"tags":[],"class_list":["post-14995","post","type-post","status-publish","format-standard","has-post-thumbnail","hentry","category-locales"],"aioseo_notices":[],"views":5,"jetpack_publicize_connections":[],"jetpack_featured_media_url":"https:\/\/i0.wp.com\/elterritorialweb.com.ar\/web\/wp-content\/uploads\/2020\/03\/CAJEROS-AUTO.jpg?fit=715%2C402&ssl=1","jetpack_sharing_enabled":true,"_links":{"self":[{"href":"https:\/\/elterritorialweb.com.ar\/web\/wp-json\/wp\/v2\/posts\/14995","targetHints":{"allow":["GET"]}}],"collection":[{"href":"https:\/\/elterritorialweb.com.ar\/web\/wp-json\/wp\/v2\/posts"}],"about":[{"href":"https:\/\/elterritorialweb.com.ar\/web\/wp-json\/wp\/v2\/types\/post"}],"author":[{"embeddable":true,"href":"https:\/\/elterritorialweb.com.ar\/web\/wp-json\/wp\/v2\/users\/2"}],"replies":[{"embeddable":true,"href":"https:\/\/elterritorialweb.com.ar\/web\/wp-json\/wp\/v2\/comments?post=14995"}],"version-history":[{"count":1,"href":"https:\/\/elterritorialweb.com.ar\/web\/wp-json\/wp\/v2\/posts\/14995\/revisions"}],"predecessor-version":[{"id":14996,"href":"https:\/\/elterritorialweb.com.ar\/web\/wp-json\/wp\/v2\/posts\/14995\/revisions\/14996"}],"wp:featuredmedia":[{"embeddable":true,"href":"https:\/\/elterritorialweb.com.ar\/web\/wp-json\/wp\/v2\/media\/2860"}],"wp:attachment":[{"href":"https:\/\/elterritorialweb.com.ar\/web\/wp-json\/wp\/v2\/media?parent=14995"}],"wp:term":[{"taxonomy":"category","embeddable":true,"href":"https:\/\/elterritorialweb.com.ar\/web\/wp-json\/wp\/v2\/categories?post=14995"},{"taxonomy":"post_tag","embeddable":true,"href":"https:\/\/elterritorialweb.com.ar\/web\/wp-json\/wp\/v2\/tags?post=14995"}],"curies":[{"name":"wp","href":"https:\/\/api.w.org\/{rel}","templated":true}]}}