{"id":14997,"date":"2020-12-22T03:10:24","date_gmt":"2020-12-22T03:10:24","guid":{"rendered":"http:\/\/elterritorialweb.com.ar\/web\/?p=14997"},"modified":"2020-12-22T03:15:11","modified_gmt":"2020-12-22T03:15:11","slug":"la-ministra-omill-y-autoridades-judiciales-visitaron-el-penal-de-varones","status":"publish","type":"post","link":"https:\/\/elterritorialweb.com.ar\/web\/la-ministra-omill-y-autoridades-judiciales-visitaron-el-penal-de-varones\/","title":{"rendered":"LA MINISTRA MATILDE O\u00b4MILL Y AUTORIDADES JUDICIALES  VISITARON EL PENAL DE VARONES"},"content":{"rendered":"\n<p>Acompa\u00f1aron a la ministra, el presidente del Superior Tribunal de Justicia, <strong>Dr. Federico L\u00f3pez Alzogaray<\/strong>, los vicepresidentes primero y segundo del Alto Cuerpo, <strong>Dres. Ana Rosa Rodr\u00edguez<\/strong> y <strong>Eduardo Ram\u00f3n Llugdar<\/strong>, como tambi\u00e9n los <strong>Dres. Luis Alberto de la R\u00faa<\/strong> y <strong>Enrique Jos\u00e9 Billaud<\/strong>, titulares del Ministerio P\u00fablico Fiscal y Ministerio P\u00fablico de la Defensa, respectivamente, como as\u00ed tambi\u00e9n el <strong>Dr. Rub\u00e9n Omar Seiler<\/strong>, juez de Ejecuci\u00f3n Penal de la provincia, y la <strong>Dra. Olga Mariela Bitar de Papa<\/strong>, coordinadora de la Unidad Fiscal de Recursos del Ministerio P\u00fablico Fiscal.<\/p>\n\n\n\n<figure class=\"wp-block-image size-large\"><a href=\"https:\/\/i0.wp.com\/elterritorialweb.com.ar\/web\/wp-content\/uploads\/2020\/12\/VISITA-AL-PENAL-DE-VARONES-1.jpg\"><img data-recalc-dims=\"1\" decoding=\"async\" width=\"640\" height=\"428\" data-src=\"https:\/\/i0.wp.com\/elterritorialweb.com.ar\/web\/wp-content\/uploads\/2020\/12\/VISITA-AL-PENAL-DE-VARONES-1.jpg?resize=640%2C428\" alt=\"\" class=\"wp-image-14999 lazyload\" data-srcset=\"https:\/\/i0.wp.com\/elterritorialweb.com.ar\/web\/wp-content\/uploads\/2020\/12\/VISITA-AL-PENAL-DE-VARONES-1.jpg?resize=1024%2C684&amp;ssl=1 1024w, https:\/\/i0.wp.com\/elterritorialweb.com.ar\/web\/wp-content\/uploads\/2020\/12\/VISITA-AL-PENAL-DE-VARONES-1.jpg?resize=300%2C200&amp;ssl=1 300w, https:\/\/i0.wp.com\/elterritorialweb.com.ar\/web\/wp-content\/uploads\/2020\/12\/VISITA-AL-PENAL-DE-VARONES-1.jpg?resize=768%2C513&amp;ssl=1 768w, https:\/\/i0.wp.com\/elterritorialweb.com.ar\/web\/wp-content\/uploads\/2020\/12\/VISITA-AL-PENAL-DE-VARONES-1.jpg?resize=1536%2C1025&amp;ssl=1 1536w, https:\/\/i0.wp.com\/elterritorialweb.com.ar\/web\/wp-content\/uploads\/2020\/12\/VISITA-AL-PENAL-DE-VARONES-1.jpg?resize=675%2C450&amp;ssl=1 675w, https:\/\/i0.wp.com\/elterritorialweb.com.ar\/web\/wp-content\/uploads\/2020\/12\/VISITA-AL-PENAL-DE-VARONES-1.jpg?w=1967&amp;ssl=1 1967w, https:\/\/i0.wp.com\/elterritorialweb.com.ar\/web\/wp-content\/uploads\/2020\/12\/VISITA-AL-PENAL-DE-VARONES-1.jpg?w=1280 1280w\" data-sizes=\"(max-width: 640px) 100vw, 640px\" src=\"data:image\/svg+xml;base64,PHN2ZyB3aWR0aD0iMSIgaGVpZ2h0PSIxIiB4bWxucz0iaHR0cDovL3d3dy53My5vcmcvMjAwMC9zdmciPjwvc3ZnPg==\" style=\"--smush-placeholder-width: 640px; --smush-placeholder-aspect-ratio: 640\/428;\" \/><\/a><\/figure>\n\n\n\n<p>Las autoridades fueron recibidas en el Penal de Varones por el subsecretario de Justicia de la Provincia <strong>Dr. Ramiro Santill\u00e1n<\/strong>, junto a quien se entrevistaron con autoridades del instituto carcelario, las cuales les informaron las novedades y cuestiones atinentes a los reclusos all\u00ed alojados.<\/p>\n","protected":false},"excerpt":{"rendered":"<p>Cumpliendo las normas y protocolos correspondientes, la ministra de Justicia y Derechos Humanos de la provincia, Dra. Matilde O\u2019Mill, acompa\u00f1ada de autoridades del Superior Tribunal de Justicia, efectuaron la \u00faltima visita del a\u00f1o al penal de varones de la Capital.<\/p>\n","protected":false},"author":2,"featured_media":14998,"comment_status":"open","ping_status":"open","sticky":false,"template":"","format":"standard","meta":{"om_disable_all_campaigns":false,"_monsterinsights_skip_tracking":false,"_monsterinsights_sitenote_active":false,"_monsterinsights_sitenote_note":"","_monsterinsights_sitenote_category":0,"_uf_show_specific_survey":0,"_uf_disable_surveys":false,"jetpack_post_was_ever_published":false,"_jetpack_newsletter_access":"","_jetpack_dont_email_post_to_subs":false,"_jetpack_newsletter_tier_id":0,"_jetpack_memberships_contains_paywalled_content":false,"_jetpack_memberships_contains_paid_content":false,"footnotes":"","jetpack_publicize_message":"","jetpack_publicize_feature_enabled":true,"jetpack_social_post_already_shared":false,"jetpack_social_options":{"image_generator_settings":{"template":"highway","default_image_id":0,"font":"","enabled":false},"version":2}},"categories":[21],"tags":[],"class_list":["post-14997","post","type-post","status-publish","format-standard","has-post-thumbnail","hentry","category-locales"],"aioseo_notices":[],"views":24,"jetpack_publicize_connections":[],"jetpack_featured_media_url":"https:\/\/i0.wp.com\/elterritorialweb.com.ar\/web\/wp-content\/uploads\/2020\/12\/VISITA-AL-PENAL-DE-VARONES.jpg?fit=1967%2C1313&ssl=1","jetpack_sharing_enabled":true,"_links":{"self":[{"href":"https:\/\/elterritorialweb.com.ar\/web\/wp-json\/wp\/v2\/posts\/14997","targetHints":{"allow":["GET"]}}],"collection":[{"href":"https:\/\/elterritorialweb.com.ar\/web\/wp-json\/wp\/v2\/posts"}],"about":[{"href":"https:\/\/elterritorialweb.com.ar\/web\/wp-json\/wp\/v2\/types\/post"}],"author":[{"embeddable":true,"href":"https:\/\/elterritorialweb.com.ar\/web\/wp-json\/wp\/v2\/users\/2"}],"replies":[{"embeddable":true,"href":"https:\/\/elterritorialweb.com.ar\/web\/wp-json\/wp\/v2\/comments?post=14997"}],"version-history":[{"count":2,"href":"https:\/\/elterritorialweb.com.ar\/web\/wp-json\/wp\/v2\/posts\/14997\/revisions"}],"predecessor-version":[{"id":15001,"href":"https:\/\/elterritorialweb.com.ar\/web\/wp-json\/wp\/v2\/posts\/14997\/revisions\/15001"}],"wp:featuredmedia":[{"embeddable":true,"href":"https:\/\/elterritorialweb.com.ar\/web\/wp-json\/wp\/v2\/media\/14998"}],"wp:attachment":[{"href":"https:\/\/elterritorialweb.com.ar\/web\/wp-json\/wp\/v2\/media?parent=14997"}],"wp:term":[{"taxonomy":"category","embeddable":true,"href":"https:\/\/elterritorialweb.com.ar\/web\/wp-json\/wp\/v2\/categories?post=14997"},{"taxonomy":"post_tag","embeddable":true,"href":"https:\/\/elterritorialweb.com.ar\/web\/wp-json\/wp\/v2\/tags?post=14997"}],"curies":[{"name":"wp","href":"https:\/\/api.w.org\/{rel}","templated":true}]}}