{"id":15002,"date":"2020-12-22T03:23:29","date_gmt":"2020-12-22T03:23:29","guid":{"rendered":"http:\/\/elterritorialweb.com.ar\/web\/?p=15002"},"modified":"2020-12-22T03:23:31","modified_gmt":"2020-12-22T03:23:31","slug":"sesion-extraordinaria-diputados-provinciales-trataran-dos-importantes-proyectos","status":"publish","type":"post","link":"https:\/\/elterritorialweb.com.ar\/web\/sesion-extraordinaria-diputados-provinciales-trataran-dos-importantes-proyectos\/","title":{"rendered":"SESI\u00d3N EXTRAORDINARIA: DIPUTADOS PROVINCIALES TRATARAN DOS IMPORTANTES PROYECTOS"},"content":{"rendered":"\n<p><strong>Proyecto de ley <\/strong>por el cual ratifica el acuerdo del <strong>Consenso Fiscal 2020 <\/strong>suscripto entre el Estado Nacional y el Gobierno de la Provincia, rubricado conjuntamente con gobernadores de todo el pa\u00eds. Acuerdo firmado entre el presidente de la Naci\u00f3n, Dr. Alberto Fern\u00e1ndez y el gobernador de la provincia, Dr. Gerardo Zamora, junto con los dem\u00e1s gobernadores, que \u201cha sido consensuado en el marco de los objetivos comunes de todas las jurisdicciones provinciales y el Estado Federal\u201d.<\/p>\n\n\n\n<p> <strong>Proyecto de ley<\/strong> que crea un <strong>R\u00e9gimen Tarifario Especial para los usuarios del Servicio P\u00fablico de Distribuci\u00f3n de Electricidad<\/strong> que revistan la condici\u00f3n de pacientes electrodependientes por cuestiones de salud, consistente en la bonificaci\u00f3n mensual del 100 % de la tarifa el\u00e9ctrica, la eximici\u00f3n del pago de los derechos de conexi\u00f3n en la habilitaci\u00f3n de nuevos suministros y dem\u00e1s cargos de la factura de energ\u00eda el\u00e9ctrica de acuerdo a las normas vigentes<\/p>\n","protected":false},"excerpt":{"rendered":"<p>La C\u00e1mara de Diputados de la provincia tratar\u00e1 ma\u00f1ana (martes 22 de diciembre), en sesi\u00f3n extraordinaria dos Proyectos de Ley que fueron enviados por el Gobernador de la provincia, Dr. Gerardo Zamora.<\/p>\n","protected":false},"author":2,"featured_media":14775,"comment_status":"open","ping_status":"open","sticky":false,"template":"","format":"standard","meta":{"om_disable_all_campaigns":false,"_monsterinsights_skip_tracking":false,"_monsterinsights_sitenote_active":false,"_monsterinsights_sitenote_note":"","_monsterinsights_sitenote_category":0,"_uf_show_specific_survey":0,"_uf_disable_surveys":false,"jetpack_post_was_ever_published":false,"_jetpack_newsletter_access":"","_jetpack_dont_email_post_to_subs":false,"_jetpack_newsletter_tier_id":0,"_jetpack_memberships_contains_paywalled_content":false,"_jetpack_memberships_contains_paid_content":false,"footnotes":"","jetpack_publicize_message":"","jetpack_publicize_feature_enabled":true,"jetpack_social_post_already_shared":false,"jetpack_social_options":{"image_generator_settings":{"template":"highway","default_image_id":0,"font":"","enabled":false},"version":2}},"categories":[18],"tags":[],"class_list":["post-15002","post","type-post","status-publish","format-standard","has-post-thumbnail","hentry","category-politica"],"aioseo_notices":[],"views":7,"jetpack_publicize_connections":[],"jetpack_featured_media_url":"https:\/\/i0.wp.com\/elterritorialweb.com.ar\/web\/wp-content\/uploads\/2020\/12\/DIPUTADOS-PRESUPUESTO-3.jpg?fit=960%2C603&ssl=1","jetpack_sharing_enabled":true,"_links":{"self":[{"href":"https:\/\/elterritorialweb.com.ar\/web\/wp-json\/wp\/v2\/posts\/15002","targetHints":{"allow":["GET"]}}],"collection":[{"href":"https:\/\/elterritorialweb.com.ar\/web\/wp-json\/wp\/v2\/posts"}],"about":[{"href":"https:\/\/elterritorialweb.com.ar\/web\/wp-json\/wp\/v2\/types\/post"}],"author":[{"embeddable":true,"href":"https:\/\/elterritorialweb.com.ar\/web\/wp-json\/wp\/v2\/users\/2"}],"replies":[{"embeddable":true,"href":"https:\/\/elterritorialweb.com.ar\/web\/wp-json\/wp\/v2\/comments?post=15002"}],"version-history":[{"count":1,"href":"https:\/\/elterritorialweb.com.ar\/web\/wp-json\/wp\/v2\/posts\/15002\/revisions"}],"predecessor-version":[{"id":15003,"href":"https:\/\/elterritorialweb.com.ar\/web\/wp-json\/wp\/v2\/posts\/15002\/revisions\/15003"}],"wp:featuredmedia":[{"embeddable":true,"href":"https:\/\/elterritorialweb.com.ar\/web\/wp-json\/wp\/v2\/media\/14775"}],"wp:attachment":[{"href":"https:\/\/elterritorialweb.com.ar\/web\/wp-json\/wp\/v2\/media?parent=15002"}],"wp:term":[{"taxonomy":"category","embeddable":true,"href":"https:\/\/elterritorialweb.com.ar\/web\/wp-json\/wp\/v2\/categories?post=15002"},{"taxonomy":"post_tag","embeddable":true,"href":"https:\/\/elterritorialweb.com.ar\/web\/wp-json\/wp\/v2\/tags?post=15002"}],"curies":[{"name":"wp","href":"https:\/\/api.w.org\/{rel}","templated":true}]}}