{"id":15004,"date":"2020-12-22T03:32:27","date_gmt":"2020-12-22T03:32:27","guid":{"rendered":"http:\/\/elterritorialweb.com.ar\/web\/?p=15004"},"modified":"2020-12-22T03:32:28","modified_gmt":"2020-12-22T03:32:28","slug":"entregan-equipamiento-digital-para-optimizar-la-autogestion-hospitalaria","status":"publish","type":"post","link":"https:\/\/elterritorialweb.com.ar\/web\/entregan-equipamiento-digital-para-optimizar-la-autogestion-hospitalaria\/","title":{"rendered":"ENTREGAN EQUIPAMIENTO DIGITAL PARA OPTIMIZAR LA AUTOGESTION HOSPITALARIA"},"content":{"rendered":"\n<p>El objetivo es fortalecer el actual sistema de recupero en los centros de salud y aportar herramientas imprescindibles para optimizar las capacidades de los efectores en el registro y manejo digital de los datos sanitarios.<\/p>\n\n\n\n<p>El equipamiento est\u00e1 destinado a 11 hospitales del interior como as\u00ed tambi\u00e9n, a los hospitales Regional \u201cRam\u00f3n Carrillo\u201d, Independencia; Neumonol\u00f3gico \u201cDr. Gumersindo Sayago\u201d; de Oftalmolog\u00eda \u201cDr. Demar\u00eda; Centro de Chagas y Patolog\u00eda Regional; Laboratorio Central, Direcci\u00f3n de Unidades Sanitarias M\u00f3viles y 4 Upas de la ciudad Capital a cargo de la Direcci\u00f3n de Atenci\u00f3n Primaria.<\/p>\n\n\n\n<p>En el mismo acto, el Programa Proteger, coordinado por la Dra. Guadalupe D\u00edaz Araujo, hizo entrega de kits para agentes sanitarios de atenci\u00f3n primaria, compuestos por tensi\u00f3metros (adultos y pedi\u00e1tricos), term\u00f3metros y balanzas. \u201cLos equipos de salud est\u00e1n recibiendo herramientas para mejorar la gesti\u00f3n y aumentar la capacidad de recupero lo que permitir\u00e1 ampliar las posibilidades de resolver las necesidades que se identifiquen en el centro de salud, a partir de fondos gestionados por prestaciones realizadas a obras sociales y a compa\u00f1\u00edas de seguros\u201d, explic\u00f3 la Ministra. <\/p>\n\n\n\n<p>En este sentido destac\u00f3, que durante este a\u00f1o se ha logrado mejorar la gesti\u00f3n del sistema sanitario \u201ctrabajando en red, cogestionando las situaciones dif\u00edciles que nos ha tocado enfrentar pero tambi\u00e9n poniendo en marcha un proceso de informatizaci\u00f3n de la actividad que realiza el sistema sanitario\u201d, subray\u00f3 y destac\u00f3 que esto har\u00e1 posible que tanto hospitales como UPAs puedan compartir en tiempo real la informaci\u00f3n sanitaria de la poblaci\u00f3n usuaria del sistema p\u00fablico de salud.<\/p>\n\n\n\n<p>Por otro lado se refiri\u00f3 al importante esfuerzo realizado por el Gobierno Provincia y por el Gobierno de la Naci\u00f3n \u201cque ha fortalecido la articulaci\u00f3n federal teniendo en cuenta la necesidad de cada jurisdicci\u00f3n. En funci\u00f3n de ello se han destinado recursos importantes que han venido complementar los recursos del sistema provincial para la contenci\u00f3n de la pandemia\u201d.<\/p>\n\n\n\n<p>Por su parte, la CPN. Adela Liendo Roca destac\u00f3 la articulaci\u00f3n permanente con el Ministerio de Salud de la Naci\u00f3n a trav\u00e9s de la Coordinaci\u00f3n Nacional de Recupero de Costos dependiente de la Secretar\u00eda de Equidad, a cargo del CPN Fernando de Rito \u201cquienes nos ayudaron y pusieron todo a su disposici\u00f3n para lograr agilizar un incremento en el recupero\u201d. <\/p>\n\n\n\n<p>Por otro lado, agradeci\u00f3 todo el apoyo de la Ministra y el Subsecretario.<\/p>\n\n\n\n<p>Participaron del evento, la directora del Interior, Dra. Graciela Alzogaray; el Director de Atenci\u00f3n M\u00e9dica; Dr. Oscar Gallardo; la directora de APS; Dra Martha Tarchini; el director de las Unidades Sanitarias M\u00f3viles, Jos\u00e9 Alzogaray; la directora de Enfermedades Transmisibles por Vectores, Dra. Sandra Seu; la Secretaria de Laboratorio, Dra. Viviana Montero; los directores de los hospitales Independencia; Dra. Andrea Dorado, Regional \u201cDr Ram\u00f3n Carrillo\u201d, Dr. Gerardo Montenegro; Neumonol\u00f3gico Dr. Walter Isa; Oftalmol\u00f3gico Dra. Dolores Coronel y la asesora legal del Depto de Autogesti\u00f3n, Dra. Miriam Jugo.<a href=\"https:\/\/www.facebook.com\/prensacasadegobiernosantiago\/photos\/a.1462909460504887\/3385329211596226\/?__cft__[0]=AZVsllOfLL5wNkKsUzgg_oi__aR3Phth6ytLworSniPSKI8uvJiFDUjWl6CAQhHCwWaZyMg747mDuII1Z5-2Ln3Zq1-H_sDAka4Nn_3Bea4sDVwxqq2AxuEldcayv2hDvaXKkcsjIXKkz2w_mjN4e1au&amp;__tn__=EH-R\"><\/a><\/p>\n","protected":false},"excerpt":{"rendered":"<p>La Ministra de Salud, Lic. Natividad Nassif y el subsecretario Dr. C\u00e9sar Monti junto a la directora del Depto. de Autogesti\u00f3n Hospitalaria, CPN Adela Liendo, hicieron entrega a directores de Hospitales de Capital y a distintas \u00e1reas de la cartera sanitaria, de 25 scanner y 72 lectoras \u00f3pticas de DNI, provistas por la Coordinaci\u00f3n Nacional de Recupero de Costo.<\/p>\n","protected":false},"author":2,"featured_media":15005,"comment_status":"open","ping_status":"open","sticky":false,"template":"","format":"standard","meta":{"om_disable_all_campaigns":false,"_monsterinsights_skip_tracking":false,"_monsterinsights_sitenote_active":false,"_monsterinsights_sitenote_note":"","_monsterinsights_sitenote_category":0,"_uf_show_specific_survey":0,"_uf_disable_surveys":false,"jetpack_post_was_ever_published":false,"_jetpack_newsletter_access":"","_jetpack_dont_email_post_to_subs":false,"_jetpack_newsletter_tier_id":0,"_jetpack_memberships_contains_paywalled_content":false,"_jetpack_memberships_contains_paid_content":false,"footnotes":"","jetpack_publicize_message":"","jetpack_publicize_feature_enabled":true,"jetpack_social_post_already_shared":false,"jetpack_social_options":{"image_generator_settings":{"template":"highway","default_image_id":0,"font":"","enabled":false},"version":2}},"categories":[3],"tags":[],"class_list":["post-15004","post","type-post","status-publish","format-standard","has-post-thumbnail","hentry","category-salud"],"aioseo_notices":[],"views":9,"jetpack_publicize_connections":[],"jetpack_featured_media_url":"https:\/\/i0.wp.com\/elterritorialweb.com.ar\/web\/wp-content\/uploads\/2020\/12\/SALUD-ENTREGA-EQUIPAMIENTO.jpg?fit=2048%2C1367&ssl=1","jetpack_sharing_enabled":true,"_links":{"self":[{"href":"https:\/\/elterritorialweb.com.ar\/web\/wp-json\/wp\/v2\/posts\/15004","targetHints":{"allow":["GET"]}}],"collection":[{"href":"https:\/\/elterritorialweb.com.ar\/web\/wp-json\/wp\/v2\/posts"}],"about":[{"href":"https:\/\/elterritorialweb.com.ar\/web\/wp-json\/wp\/v2\/types\/post"}],"author":[{"embeddable":true,"href":"https:\/\/elterritorialweb.com.ar\/web\/wp-json\/wp\/v2\/users\/2"}],"replies":[{"embeddable":true,"href":"https:\/\/elterritorialweb.com.ar\/web\/wp-json\/wp\/v2\/comments?post=15004"}],"version-history":[{"count":1,"href":"https:\/\/elterritorialweb.com.ar\/web\/wp-json\/wp\/v2\/posts\/15004\/revisions"}],"predecessor-version":[{"id":15006,"href":"https:\/\/elterritorialweb.com.ar\/web\/wp-json\/wp\/v2\/posts\/15004\/revisions\/15006"}],"wp:featuredmedia":[{"embeddable":true,"href":"https:\/\/elterritorialweb.com.ar\/web\/wp-json\/wp\/v2\/media\/15005"}],"wp:attachment":[{"href":"https:\/\/elterritorialweb.com.ar\/web\/wp-json\/wp\/v2\/media?parent=15004"}],"wp:term":[{"taxonomy":"category","embeddable":true,"href":"https:\/\/elterritorialweb.com.ar\/web\/wp-json\/wp\/v2\/categories?post=15004"},{"taxonomy":"post_tag","embeddable":true,"href":"https:\/\/elterritorialweb.com.ar\/web\/wp-json\/wp\/v2\/tags?post=15004"}],"curies":[{"name":"wp","href":"https:\/\/api.w.org\/{rel}","templated":true}]}}