{"id":15010,"date":"2020-12-22T03:47:56","date_gmt":"2020-12-22T03:47:56","guid":{"rendered":"http:\/\/elterritorialweb.com.ar\/web\/?p=15010"},"modified":"2020-12-22T03:47:57","modified_gmt":"2020-12-22T03:47:57","slug":"el-presidente-coloco-una-ofrenda-floral-en-el-monumento-a-los-heroes-de-malvinas-en-rio-grande","status":"publish","type":"post","link":"https:\/\/elterritorialweb.com.ar\/web\/el-presidente-coloco-una-ofrenda-floral-en-el-monumento-a-los-heroes-de-malvinas-en-rio-grande\/","title":{"rendered":"EL PRESIDENTE COLOC\u00d3 UNA OFRENDA FLORAL EN EL MONUMENTO A LOS HEROES DE MALVINAS EN R\u00cdO GRANDE"},"content":{"rendered":"\n<p>Visita la provincia en la primera reuni\u00f3n del Gabinete Federal, en el marco del programa Capitales Alternas, acompa\u00f1ado por parte del Ejecutivo nacional: el jefe de Gabinete, Santiago Cafiero; los ministros del Interior, Eduardo de Pedro; de Desarrollo Productivo, Mat\u00edas Kulfas; de Transporte, Mario Meoni; de Obras P\u00fablicas, Gabriel Katopodis, y de Desarrollo Territorial y H\u00e1bitat, Jorge Ferraresi; y la ministra de las Mujeres, G\u00e9neros y Diversidad, Elizabeth G\u00f3mez Alcorta.<\/p>\n\n\n\n<p>Forman tambi\u00e9n parte de la comitiva los secretarios General de Presidencia, Julio Vitobello, y de Comunicaci\u00f3n y Prensa, Juan Pablo Biondi; la directora ejecutiva de la ANSES, Fernanda Raverta, y el secretario de Energ\u00eda, Dar\u00edo Mart\u00ednez.<\/p>\n","protected":false},"excerpt":{"rendered":"<p>El Presidente rindi\u00f3 hoy un homenaje y coloc\u00f3 una ofrenda floral en el Monumento a los H\u00e9roes de Malvinas de la ciudad fueguina de R\u00edo Grande, donde a su llegada fue recibido por el gobernador, Gustavo Melella, y el intendente local, Mart\u00edn P\u00e9rez.<\/p>\n","protected":false},"author":2,"featured_media":15011,"comment_status":"open","ping_status":"open","sticky":false,"template":"","format":"standard","meta":{"om_disable_all_campaigns":false,"_monsterinsights_skip_tracking":false,"_monsterinsights_sitenote_active":false,"_monsterinsights_sitenote_note":"","_monsterinsights_sitenote_category":0,"_uf_show_specific_survey":0,"_uf_disable_surveys":false,"jetpack_post_was_ever_published":false,"_jetpack_newsletter_access":"","_jetpack_dont_email_post_to_subs":false,"_jetpack_newsletter_tier_id":0,"_jetpack_memberships_contains_paywalled_content":false,"_jetpack_memberships_contains_paid_content":false,"footnotes":"","jetpack_publicize_message":"","jetpack_publicize_feature_enabled":true,"jetpack_social_post_already_shared":false,"jetpack_social_options":{"image_generator_settings":{"template":"highway","default_image_id":0,"font":"","enabled":false},"version":2}},"categories":[7],"tags":[],"class_list":["post-15010","post","type-post","status-publish","format-standard","has-post-thumbnail","hentry","category-nacionales"],"aioseo_notices":[],"views":17,"jetpack_publicize_connections":[],"jetpack_featured_media_url":"https:\/\/i0.wp.com\/elterritorialweb.com.ar\/web\/wp-content\/uploads\/2020\/12\/ALBERTO-OFRENDA-FLORALES-A-HEROES-DE-MALVINAS.jpg?fit=1940%2C1293&ssl=1","jetpack_sharing_enabled":true,"_links":{"self":[{"href":"https:\/\/elterritorialweb.com.ar\/web\/wp-json\/wp\/v2\/posts\/15010","targetHints":{"allow":["GET"]}}],"collection":[{"href":"https:\/\/elterritorialweb.com.ar\/web\/wp-json\/wp\/v2\/posts"}],"about":[{"href":"https:\/\/elterritorialweb.com.ar\/web\/wp-json\/wp\/v2\/types\/post"}],"author":[{"embeddable":true,"href":"https:\/\/elterritorialweb.com.ar\/web\/wp-json\/wp\/v2\/users\/2"}],"replies":[{"embeddable":true,"href":"https:\/\/elterritorialweb.com.ar\/web\/wp-json\/wp\/v2\/comments?post=15010"}],"version-history":[{"count":1,"href":"https:\/\/elterritorialweb.com.ar\/web\/wp-json\/wp\/v2\/posts\/15010\/revisions"}],"predecessor-version":[{"id":15012,"href":"https:\/\/elterritorialweb.com.ar\/web\/wp-json\/wp\/v2\/posts\/15010\/revisions\/15012"}],"wp:featuredmedia":[{"embeddable":true,"href":"https:\/\/elterritorialweb.com.ar\/web\/wp-json\/wp\/v2\/media\/15011"}],"wp:attachment":[{"href":"https:\/\/elterritorialweb.com.ar\/web\/wp-json\/wp\/v2\/media?parent=15010"}],"wp:term":[{"taxonomy":"category","embeddable":true,"href":"https:\/\/elterritorialweb.com.ar\/web\/wp-json\/wp\/v2\/categories?post=15010"},{"taxonomy":"post_tag","embeddable":true,"href":"https:\/\/elterritorialweb.com.ar\/web\/wp-json\/wp\/v2\/tags?post=15010"}],"curies":[{"name":"wp","href":"https:\/\/api.w.org\/{rel}","templated":true}]}}