{"id":15013,"date":"2020-12-22T03:56:45","date_gmt":"2020-12-22T03:56:45","guid":{"rendered":"http:\/\/elterritorialweb.com.ar\/web\/?p=15013"},"modified":"2020-12-22T03:56:46","modified_gmt":"2020-12-22T03:56:46","slug":"capitales-alternas-el-presidente-anuncio-obras-y-suscribio-acuerdos-en-tierra-del-fuego","status":"publish","type":"post","link":"https:\/\/elterritorialweb.com.ar\/web\/capitales-alternas-el-presidente-anuncio-obras-y-suscribio-acuerdos-en-tierra-del-fuego\/","title":{"rendered":"CAPITALES ALTERNAS: EL PRESIDENTE ANUNCI\u00d3 OBRAS Y SUSCRIBI\u00d3 ACUERDOS EN TIERRA DEL FUEGO"},"content":{"rendered":"\n<p>Durante el encuentro, en el que los miembros del Gabinete nacional anunciaron obras y suscribieron acuerdos con sus pares provinciales, el mandatario se\u00f1al\u00f3: \u201cTierra del Fuego es la Argentina, y hay que hacerla crecer como a todo el pa\u00eds. Ese debe ser el compromiso de todos\u201d.<\/p>\n\n\n\n<p>\u201cTierra del Fuego es un lugar \u00fanico para cualquier argentino porque es donde se termina Am\u00e9rica Latina y es donde el territorio se ampl\u00eda en la Ant\u00e1rtida, que es nuestra\u201d, explic\u00f3 el jefe de Estado y a\u00f1adi\u00f3: \u201cAsumimos el compromiso de campa\u00f1a de poner tantas capitales alternativas como provincias tiene la Argentina, y en Tierra del Fuego hacemos el primer encuentro de trabajo porque es un gran s\u00edmbolo\u201d para el pa\u00eds.<\/p>\n\n\n\n<p>Sobre el hist\u00f3rico reclamo de la Argentina sobre las Islas Malvinas, el mandatario reflexion\u00f3: \u201cEsa tierra usurpada me duele tanto como a cada uno de ustedes, y valoro y quiero entra\u00f1ablemente a cada uno de los que lucharon por recuperar esa tierra\u201d.<\/p>\n\n\n\n<p>El jefe de Estado estuvo acompa\u00f1ado por el jefe de Gabinete, Santiago Cafiero; los ministros del Interior, Eduardo de Pedro; Mujeres, G\u00e9neros y Diversidad, Elizabeth G\u00f3mez Alcorta; Desarrollo Productivo, Mat\u00edas Kulfas; Transporte, Mario Meoni; Obras P\u00fablicas, Gabriel Katopodis, y Desarrollo Territorial y H\u00e1bitat, Jorge Ferraresi.<\/p>\n\n\n\n<p>Tambi\u00e9n participaron los secretarios General de la Presidencia, Julio Vitobello, y de Comunicaci\u00f3n y Prensa, Juan Pablo Biondi; la directora ejecutiva de la ANSES, Fernanda Raverta; y el secretario de Energ\u00eda, Dar\u00edo Mart\u00ednez. Por parte de Tierra del Fuego estuvieron presentes la vicegobernadora, M\u00f3nica Urquiza; y los intendentes de R\u00edo Grande, Mart\u00edn P\u00e9rez; y Ushuaia, Walter Vuoto.<\/p>\n\n\n\n<p>Estuvieron presentes adem\u00e1s, mediante videoconferencia, los gobernadores de Chaco, Jorge Capitanich; La Pampa, Sergio Ziliotto; y Buenos Aires, Axel Kicillof; adem\u00e1s del CEO de la empresa Globant, Mart\u00edn Migoya, desde Espa\u00f1a; la directora nacional de Migraciones, Florencia Carignano, y el director nacional de Asuntos T\u00e9cnicos de Fronteras, Adri\u00e1n L\u00f3pez, desde el Centro de Frontera, San Sebasti\u00e1n.<\/p>\n\n\n\n<p>Al exponer, el gobernador Melella subray\u00f3 la disposici\u00f3n del Gabinete nacional \u201cen la cantidad de acciones de gobierno y de obras que llegan a la provincia, que son important\u00edsimas para el plan de ampliaci\u00f3n de nuestra matriz productiva\u201d e indic\u00f3: \u201cTenemos el compromiso de seguir trabajando porque para nosotros empleo es igual a soberan\u00eda\u201d.<\/p>\n\n\n\n<p>El ministro del Interior, Eduardo de Pedro, en tanto, explic\u00f3 que los acuerdos firmados durante el Gabinete Federal demuestran la existencia de \u201cun gobierno federal, que genera igualdad y empleo genuino para todas y todos\u201d, y defini\u00f3: \u201cArgentina es uno de los pa\u00edses con m\u00e1s concentraci\u00f3n en el mundo, con m\u00e1s del 40 por ciento de la poblaci\u00f3n concentrada en el AMBA, pero nuestra fuerza pol\u00edtica tiene representantes y militantes en el resto del pa\u00eds que nos dicen y nos marcan que se puede tener una Argentina federal y multipolar donde cada econom\u00eda funcione\u201d.<\/p>\n\n\n\n<p>A su turno, el intendente de R\u00edo Grande, Mart\u00edn P\u00e9rez, expres\u00f3 que el proyecto de Capitales Alternas fue una \u201cdecisi\u00f3n pol\u00edtica y una promesa de campa\u00f1a cumplida\u201d, al tiempo que agradeci\u00f3 al Presidente por \u201cabrazar la causa Malvinas como la abraza todo el pueblo de la provincia\u201d.<\/p>\n\n\n\n<p>En primer lugar, el titular de la cartera de Interior suscribi\u00f3 con el gobernador Melella un convenio marco de adhesi\u00f3n al Programa de Fortalecimiento de Gesti\u00f3n Provincial, por el cual otorga un Aporte No Reembolsable de 255 millones de pesos. El objetivo de esta medida, financiada con recursos del BID y de la Agencia Francesa de Desarrollo (AFD), es impulsar el plan fueguino de desarrollo territorial mediante la ampliaci\u00f3n, diversificaci\u00f3n y complejizaci\u00f3n de su matriz productiva.<\/p>\n\n\n\n<p>Adem\u00e1s, mediante una videoconferencia con el Centro de Fronteras San Sebasti\u00e1n, de Pedro anunci\u00f3 su puesta en funcionamiento por una inversi\u00f3n de m\u00e1s de 50 millones de pesos. El Centro, que tiene un movimiento migratorio anual de 411.126 personas y de 56.789 transportes de carga, contar\u00e1 con diez cabinas para el control migratorio, la Direcci\u00f3n General de Aduanas, el SENASA y la Gendarmer\u00eda Nacional; c\u00e1maras lectoras de patentes, y de seguridad de corto y largo alcance, y nuevas instalaciones administrativas.<\/p>\n\n\n\n<p>A continuaci\u00f3n, el secretario de Energ\u00eda, Dar\u00edo Mart\u00ednez, firm\u00f3 con la Provincia de Tierra del Fuego un acuerdo por el que la misma ser\u00e1 incorporada al fideicomiso del Gas Subsidiado GLP y como agente del Mercado El\u00e9ctrico Mayorista (MEM). De esta manera, si bien por razones de \u00edndole t\u00e9cnica la vinculaci\u00f3n f\u00edsica a\u00fan no se ha producido, el sistema fueguino va a contar con el mismo marco normativo que hoy en d\u00eda tienen los generadores y distribuidores del resto del pa\u00eds a trav\u00e9s del establecimiento de un precio estacional, la provisi\u00f3n de combustible y la remuneraci\u00f3n a los generadores.<\/p>\n\n\n\n<p>Por su parte, el ministro de Transporte, Mario Meoni, rubric\u00f3 con el Gobernador el convenio marco para la ampliaci\u00f3n del muelle comercial del puerto de la ciudad de Ushuaia, que pasar\u00e1 a contar con 80 metros de largo y 28 metros de ancho y aumentar\u00e1, de esa forma, el \u00e1rea log\u00edstica de trabajo en aproximadamente 2.240 metros cuadrados.<\/p>\n\n\n\n<p>La cartera de Transporte suscribi\u00f3 adem\u00e1s convenios de asistencia t\u00e9cnica y econ\u00f3mica para el desarrollo de nuevas terminales de \u00f3mnibus, que contar\u00e1n con una inversi\u00f3n de 80 millones de pesos en R\u00edo Grande, y de 155 millones en Ushuaia.<\/p>\n\n\n\n<p>Luego, la ministra de las Mujeres, G\u00e9neros y Diversidad, Elizabeth G\u00f3mez Alcorta, suscribi\u00f3 una serie de acuerdos con los intendentes en el marco del Plan Nacional de Acci\u00f3n contra las Violencias por motivos de G\u00e9nero. Los mismos implicar\u00e1n la construcci\u00f3n de un Centro Territorial para el desarrollo de pol\u00edticas de g\u00e9nero y diversidad de alrededor de 600 metros cuadrados en la ciudad de Ushuaia, con una inversi\u00f3n de aproximadamente 80 millones de pesos destinada a las obras y al equipamiento de las instalaciones.<\/p>\n\n\n\n<p>Adem\u00e1s, la ministra firm\u00f3 el convenio con R\u00edo Grande y Ushuaia para la implementaci\u00f3n de los programas Acompa\u00f1ar y Generar, cuyo objetivo se centra en el acompa\u00f1amiento econ\u00f3mico y el fortalecimiento psicosocial de mujeres y personas LGBTI+ en riesgo por situaciones de violencia de g\u00e9nero.<\/p>\n\n\n\n<p>En tanto, el ministro de Obras P\u00fablicas, Gabriel Katopodis, firm\u00f3 el convenio marco para impulsar el programa \u201cArgentina Hace\u201d en Tierra del Fuego, que con una inversi\u00f3n de 600 millones de pesos impulsar\u00e1 obras de agua y saneamiento, mejoramiento vial y urbano, equipamiento social y gesti\u00f3n de recursos h\u00eddricos que beneficiar\u00e1n a la poblaci\u00f3n de los municipios de Ushuaia, R\u00edo Grande y Tolhuin.<\/p>\n\n\n\n<p>Esa cartera encabezar\u00e1 la finalizaci\u00f3n de la rehabilitaci\u00f3n y mantenimiento de la Ruta Nacional N\u00b03, en el tramo que une San Sebasti\u00e1n con Tolhuin, por una inversi\u00f3n de 1.315 millones de pesos. Esta obra contribuye a la conectividad de los tres municipios de la Provincia, beneficia el tr\u00e1nsito de 1.680 veh\u00edculos por d\u00eda, optimiza la conexi\u00f3n con Chile a trav\u00e9s del Paso San Sebasti\u00e1n y favorece la producci\u00f3n de hidrocarburos, las industrias de R\u00edo Grande y el turismo.<\/p>\n\n\n\n<p>Por su parte, el Ente Nacional de Obras H\u00eddricas de Saneamiento (Enohsa) anunci\u00f3 una inversi\u00f3n estimada de 2.379 millones de pesos en siete proyectos que beneficiar\u00e1n a m\u00e1s de 46 mil habitantes mediante la ampliaci\u00f3n de la cobertura de los servicios b\u00e1sicos de agua potable y cloaca, y el mejoramiento de la situaci\u00f3n del ambiente marino-costero de la regi\u00f3n.<\/p>\n\n\n\n<p>La titular de Anses, Fernanda Raverta, en tanto, rubric\u00f3 un convenio con la provincia y el municipio de R\u00edo Grande para la apertura de un punto de atenci\u00f3n de ese organismo en la margen sur de la referida ciudad. El punto fijo tendr\u00e1 las facultades de resolver tr\u00e1mites de gesti\u00f3n de expedientes, adem\u00e1s de ampliar el sector de c\u00f3mputos.<\/p>\n\n\n\n<p>A su turno, el Ministerio de Desarrollo Productivo anunci\u00f3 que la empresa de ingenier\u00eda de software y tecnolog\u00eda, Globant, abrir\u00e1 oficinas en Tierra del Fuego por una inversi\u00f3n de 7.5 millones de d\u00f3lares en los pr\u00f3ximos tres a\u00f1os. Lo hizo mediante una videoconferencia con el CEO de la compa\u00f1\u00eda, Mart\u00edn Migoya, desde Madrid, Espa\u00f1a.<\/p>\n\n\n\n<p>El ministro Kulfas firm\u00f3, adem\u00e1s, una serie de convenios para subsidiar la tasa de inter\u00e9s y aportar garant\u00edas en el otorgamiento de cr\u00e9ditos a micro, peque\u00f1as y medianas empresas fueguinas; y para incorporar a la provincia al programa de Parques Industriales, que destina 60 millones de pesos de aporte no reembolsable por cada predio y subsidios de tasa para el financiamiento de obras y desarrollos.<\/p>\n\n\n\n<p>Mientras que el ministro de Desarrollo Territorial y H\u00e1bitat, Jorge Ferraresi, present\u00f3 el Plan \u201cCasa Propia \u2013 Construir Futuro\u201d, una pol\u00edtica de desarrollo territorial, urbano y habitacional de alcance federal y con una perspectiva integral que busca mejorar las condiciones de acceso al h\u00e1bitat. El plan incluye 264 mil soluciones habitacionales con un enfoque integral que atienda a la diversidad de la demanda habitacional con perspectiva de g\u00e9nero, y viviendas para trabajadores y trabajadoras, adultos mayores y h\u00e1bitat rural.<\/p>\n\n\n\n<p>Ferraresi mantuvo una videoconferencia con los gobernadores de Chaco, La Pampa y Buenos Aires, cuyas provincias suscribieron los acuerdos para incorporarse a los distintos planes de viviendas del Gobierno nacional. \u201cLas viviendas tienen que ser dignas, generar posibilidades de crecer y arraigarse y tener una sustentabilidad en funci\u00f3n de donde uno trabaja\u201d, explic\u00f3 el ministro durante la comunicaci\u00f3n.<\/p>\n\n\n\n<p>Desde Chaco, Jorge Capitanich suscribi\u00f3 el acta Procrear para el inicio del desarrollo urban\u00edstico de Roque S\u00e1enz Pe\u00f1a que incluye 74 viviendas por una inversi\u00f3n de 293 millones de pesos, y firm\u00f3 la inclusi\u00f3n en el Plan Casa Propia-Construir Futuro por 120 mil viviendas.<\/p>\n\n\n\n<p>En tanto, el gobernador de Buenos Aires, Axel Kicillof, adhiri\u00f3 desde Mar del Plata al convenio para el Plan Nacional de Suelo para 12 municipios, por 2269 lotes, que demandar\u00e1 una inversi\u00f3n de m\u00e1s de 900 millones de pesos. Por \u00faltimo, el gobernador de La Pampa, Sergio Ziliotto, firm\u00f3 la adhesi\u00f3n al convenio Argentina Construye Solidaria por 28 millones de pesos.<\/p>\n","protected":false},"excerpt":{"rendered":"<p>El presidente Alberto Fern\u00e1ndez encabez\u00f3 esta ma\u00f1ana la primera reuni\u00f3n de Gabinete Federal en la ciudad fueguina de R\u00edo Grande, donde puso en marcha el proyecto de Capitales Alternas, junto al gobernador provincial, Gustavo Melella.<\/p>\n","protected":false},"author":2,"featured_media":15014,"comment_status":"open","ping_status":"open","sticky":false,"template":"","format":"standard","meta":{"om_disable_all_campaigns":false,"_monsterinsights_skip_tracking":false,"_monsterinsights_sitenote_active":false,"_monsterinsights_sitenote_note":"","_monsterinsights_sitenote_category":0,"_uf_show_specific_survey":0,"_uf_disable_surveys":false,"jetpack_post_was_ever_published":false,"_jetpack_newsletter_access":"","_jetpack_dont_email_post_to_subs":false,"_jetpack_newsletter_tier_id":0,"_jetpack_memberships_contains_paywalled_content":false,"_jetpack_memberships_contains_paid_content":false,"footnotes":"","jetpack_publicize_message":"","jetpack_publicize_feature_enabled":true,"jetpack_social_post_already_shared":false,"jetpack_social_options":{"image_generator_settings":{"template":"highway","default_image_id":0,"font":"","enabled":false},"version":2}},"categories":[18],"tags":[],"class_list":["post-15013","post","type-post","status-publish","format-standard","has-post-thumbnail","hentry","category-politica"],"aioseo_notices":[],"views":148,"jetpack_publicize_connections":[],"jetpack_featured_media_url":"https:\/\/i0.wp.com\/elterritorialweb.com.ar\/web\/wp-content\/uploads\/2020\/12\/ECO_4414.jpg?fit=2000%2C1334&ssl=1","jetpack_sharing_enabled":true,"_links":{"self":[{"href":"https:\/\/elterritorialweb.com.ar\/web\/wp-json\/wp\/v2\/posts\/15013","targetHints":{"allow":["GET"]}}],"collection":[{"href":"https:\/\/elterritorialweb.com.ar\/web\/wp-json\/wp\/v2\/posts"}],"about":[{"href":"https:\/\/elterritorialweb.com.ar\/web\/wp-json\/wp\/v2\/types\/post"}],"author":[{"embeddable":true,"href":"https:\/\/elterritorialweb.com.ar\/web\/wp-json\/wp\/v2\/users\/2"}],"replies":[{"embeddable":true,"href":"https:\/\/elterritorialweb.com.ar\/web\/wp-json\/wp\/v2\/comments?post=15013"}],"version-history":[{"count":1,"href":"https:\/\/elterritorialweb.com.ar\/web\/wp-json\/wp\/v2\/posts\/15013\/revisions"}],"predecessor-version":[{"id":15015,"href":"https:\/\/elterritorialweb.com.ar\/web\/wp-json\/wp\/v2\/posts\/15013\/revisions\/15015"}],"wp:featuredmedia":[{"embeddable":true,"href":"https:\/\/elterritorialweb.com.ar\/web\/wp-json\/wp\/v2\/media\/15014"}],"wp:attachment":[{"href":"https:\/\/elterritorialweb.com.ar\/web\/wp-json\/wp\/v2\/media?parent=15013"}],"wp:term":[{"taxonomy":"category","embeddable":true,"href":"https:\/\/elterritorialweb.com.ar\/web\/wp-json\/wp\/v2\/categories?post=15013"},{"taxonomy":"post_tag","embeddable":true,"href":"https:\/\/elterritorialweb.com.ar\/web\/wp-json\/wp\/v2\/tags?post=15013"}],"curies":[{"name":"wp","href":"https:\/\/api.w.org\/{rel}","templated":true}]}}