{"id":15021,"date":"2020-12-22T17:07:24","date_gmt":"2020-12-22T17:07:24","guid":{"rendered":"http:\/\/elterritorialweb.com.ar\/web\/?p=15021"},"modified":"2020-12-22T17:20:23","modified_gmt":"2020-12-22T17:20:23","slug":"el-programa-de-marley-sobre-santiago-saldra-en-mtv","status":"publish","type":"post","link":"https:\/\/elterritorialweb.com.ar\/web\/el-programa-de-marley-sobre-santiago-saldra-en-mtv\/","title":{"rendered":"EL PROGRAMA DE MARLEY SOBRE SANTIAGO SALDR\u00c1 EN MTV"},"content":{"rendered":"\n<p>En ese sentido, el programa emitido sobre&nbsp;<strong>Santiago del Estero<\/strong>&nbsp;y&nbsp;<strong>Tucum\u00e1n<\/strong>&nbsp;se difundir\u00e1 este&nbsp;<strong>martes 22 de diciembre a las 21.30 en el canal MTV<\/strong>, apuntando a un p\u00fablico que gusta de la m\u00fasica y consecuentemente incentivando las ganas de viajar.<\/p>\n\n\n\n<p>El Secretario Ejecutivo del INPROTUR,&nbsp;<strong>Ricardo Sosa<\/strong>, se\u00f1al\u00f3 que de esta manera&nbsp;<em>\u00abla audiencia latina de MTV podr\u00e1 conocer todas las propuestas que tienen ambas provincias, que se suman a los programas que ya se realizaron sobre Misiones, Mendoza o Neuqu\u00e9n, que tambi\u00e9n se difundieron en MTV y que ser\u00e1 de la misma manera con los pr\u00f3ximos programas\u00bb<\/em>.<\/p>\n\n\n\n<p><em>\u00abEs un gran esfuerzo para seguir mostrando tur\u00edsticamente las provincias en este proceso de recuperaci\u00f3n en pandemia, el trabajo debe ser constante y llegar al potencial turista para que tenga todas las ganas de viajar apenas pueda\u00bb,<\/em>&nbsp;a\u00f1adi\u00f3.<\/p>\n","protected":false},"excerpt":{"rendered":"<p>Santiago del Estero y Tucum\u00e1n mostrar\u00e1n sus atractivos tur\u00edsticos a Latinoam\u00e9rica tras el acuerdo generado por el INPROTUR con Viacoms para difundir el programa \u00abPor el Mundo en Casa\u00bb en el canal MTV.<\/p>\n","protected":false},"author":2,"featured_media":14945,"comment_status":"open","ping_status":"open","sticky":false,"template":"","format":"standard","meta":{"om_disable_all_campaigns":false,"_monsterinsights_skip_tracking":false,"_monsterinsights_sitenote_active":false,"_monsterinsights_sitenote_note":"","_monsterinsights_sitenote_category":0,"_uf_show_specific_survey":0,"_uf_disable_surveys":false,"jetpack_post_was_ever_published":false,"_jetpack_newsletter_access":"","_jetpack_dont_email_post_to_subs":false,"_jetpack_newsletter_tier_id":0,"_jetpack_memberships_contains_paywalled_content":false,"_jetpack_memberships_contains_paid_content":false,"footnotes":"","jetpack_publicize_message":"","jetpack_publicize_feature_enabled":true,"jetpack_social_post_already_shared":false,"jetpack_social_options":{"image_generator_settings":{"template":"highway","default_image_id":0,"font":"","enabled":false},"version":2}},"categories":[7],"tags":[],"class_list":["post-15021","post","type-post","status-publish","format-standard","has-post-thumbnail","hentry","category-nacionales"],"aioseo_notices":[],"views":4,"jetpack_publicize_connections":[],"jetpack_featured_media_url":"https:\/\/i0.wp.com\/elterritorialweb.com.ar\/web\/wp-content\/uploads\/2020\/12\/MARLEY-Y-LIZZY-1.jpg?fit=298%2C169&ssl=1","jetpack_sharing_enabled":true,"_links":{"self":[{"href":"https:\/\/elterritorialweb.com.ar\/web\/wp-json\/wp\/v2\/posts\/15021","targetHints":{"allow":["GET"]}}],"collection":[{"href":"https:\/\/elterritorialweb.com.ar\/web\/wp-json\/wp\/v2\/posts"}],"about":[{"href":"https:\/\/elterritorialweb.com.ar\/web\/wp-json\/wp\/v2\/types\/post"}],"author":[{"embeddable":true,"href":"https:\/\/elterritorialweb.com.ar\/web\/wp-json\/wp\/v2\/users\/2"}],"replies":[{"embeddable":true,"href":"https:\/\/elterritorialweb.com.ar\/web\/wp-json\/wp\/v2\/comments?post=15021"}],"version-history":[{"count":1,"href":"https:\/\/elterritorialweb.com.ar\/web\/wp-json\/wp\/v2\/posts\/15021\/revisions"}],"predecessor-version":[{"id":15023,"href":"https:\/\/elterritorialweb.com.ar\/web\/wp-json\/wp\/v2\/posts\/15021\/revisions\/15023"}],"wp:featuredmedia":[{"embeddable":true,"href":"https:\/\/elterritorialweb.com.ar\/web\/wp-json\/wp\/v2\/media\/14945"}],"wp:attachment":[{"href":"https:\/\/elterritorialweb.com.ar\/web\/wp-json\/wp\/v2\/media?parent=15021"}],"wp:term":[{"taxonomy":"category","embeddable":true,"href":"https:\/\/elterritorialweb.com.ar\/web\/wp-json\/wp\/v2\/categories?post=15021"},{"taxonomy":"post_tag","embeddable":true,"href":"https:\/\/elterritorialweb.com.ar\/web\/wp-json\/wp\/v2\/tags?post=15021"}],"curies":[{"name":"wp","href":"https:\/\/api.w.org\/{rel}","templated":true}]}}