{"id":15024,"date":"2020-12-22T17:55:06","date_gmt":"2020-12-22T17:55:06","guid":{"rendered":"http:\/\/elterritorialweb.com.ar\/web\/?p=15024"},"modified":"2020-12-22T18:02:21","modified_gmt":"2020-12-22T18:02:21","slug":"autoridades-anuncian-la-llegada-de-las-primeras-dosis-y-el-inicio-del-proceso-de-vacunacion-contra-covid-19","status":"publish","type":"post","link":"https:\/\/elterritorialweb.com.ar\/web\/autoridades-anuncian-la-llegada-de-las-primeras-dosis-y-el-inicio-del-proceso-de-vacunacion-contra-covid-19\/","title":{"rendered":"AUTORIDADES ANUNCIAN LA LLEGADA DE LAS PRIMERAS DOSIS Y EL INICIO DEL PROCESO DE VACUNACI\u00d3N CONTRA COVID-19"},"content":{"rendered":"\n<p><strong>\u00bfA qui\u00e9n se vacunar\u00e1? <\/strong><\/p>\n\n\n\n<p>La vacunaci\u00f3n se realizar\u00e1 de manera secuencial, a medida que vayan llegando las dosis de las vacunas. Se espera llegar a vacunar a 281.000 santiague\u00f1os y santiague\u00f1as con condiciones de riesgo hasta el mes de junio de 2021.<\/p>\n\n\n\n<p><strong>1\u00b0 Etapa:<\/strong> personal de salud, luego a las fuerzas de seguridad y a medida que vayan llegando las dosis a las personas mayores de 60 a\u00f1os.<\/p>\n\n\n\n<p><strong>2\u00b0 Etapa: <\/strong>docentes y no docentes y personas de 18 a 59 a\u00f1os con condiciones de riesgo.<\/p>\n\n\n\n<p><strong>3\u00b0 Etapa: <\/strong>Se vacunar\u00e1 al resto de la poblaci\u00f3n a definir seg\u00fan disponibilidad<\/p>\n\n\n\n<p><strong>\u00bfCu\u00e1ndo comienza la vacunaci\u00f3n?<\/strong><\/p>\n\n\n\n<p><strong>El 28 de diciembre llega la primera partida de 5.900 dosis de la vacuna Sputnik V a la provincia.<\/strong><\/p>\n\n\n\n<figure class=\"wp-block-image size-large\"><a href=\"https:\/\/i0.wp.com\/elterritorialweb.com.ar\/web\/wp-content\/uploads\/2020\/12\/2020-12-22-3-1.png\"><img data-recalc-dims=\"1\" decoding=\"async\" width=\"640\" height=\"359\" data-src=\"https:\/\/i0.wp.com\/elterritorialweb.com.ar\/web\/wp-content\/uploads\/2020\/12\/2020-12-22-3-1.png?resize=640%2C359\" alt=\"\" class=\"wp-image-15030 lazyload\" data-srcset=\"https:\/\/i0.wp.com\/elterritorialweb.com.ar\/web\/wp-content\/uploads\/2020\/12\/2020-12-22-3-1.png?resize=1024%2C575&amp;ssl=1 1024w, https:\/\/i0.wp.com\/elterritorialweb.com.ar\/web\/wp-content\/uploads\/2020\/12\/2020-12-22-3-1.png?resize=300%2C169&amp;ssl=1 300w, https:\/\/i0.wp.com\/elterritorialweb.com.ar\/web\/wp-content\/uploads\/2020\/12\/2020-12-22-3-1.png?resize=768%2C432&amp;ssl=1 768w, https:\/\/i0.wp.com\/elterritorialweb.com.ar\/web\/wp-content\/uploads\/2020\/12\/2020-12-22-3-1.png?w=1121&amp;ssl=1 1121w\" data-sizes=\"(max-width: 640px) 100vw, 640px\" src=\"data:image\/svg+xml;base64,PHN2ZyB3aWR0aD0iMSIgaGVpZ2h0PSIxIiB4bWxucz0iaHR0cDovL3d3dy53My5vcmcvMjAwMC9zdmciPjwvc3ZnPg==\" style=\"--smush-placeholder-width: 640px; --smush-placeholder-aspect-ratio: 640\/359;\" \/><\/a><\/figure>\n\n\n\n<p>La primera fase de la Etapa 1 comenzar\u00e1 el 29 de diciembre vacunando a los equipos de salud que est\u00e1n en la atenci\u00f3n de personas sospechosas o confirmadas con COVID-19 de los 7 hospitales del \u00e1rea Metropolitana de Capital y Banda y luego a los hospitales del interior.<\/p>\n\n\n\n<p>Todas las personas que reciban la vacuna ser\u00e1n registradas en el sistema NOMIVAC de registro.<\/p>\n\n\n\n<p>La vacuna que se colocar\u00e1 cuenta de 2 dosis. La segunda, a los 21 d\u00edas.<\/p>\n\n\n\n<p>Las dos dosis son imprescindibles para lograr la inmunidad.<\/p>\n\n\n\n<p><strong>\u00bfCu\u00e1l es el objetivo de la vacunaci\u00f3n?<\/strong><\/p>\n\n\n\n<p>El objetivo es reducir la morbilidad y la mortalidad (es decir el riesgo de enfermar gravemente o morir) a causa de esta enfermedad mediante la vacunaci\u00f3n frente a COVID-19, en un contexto de disponibilidad progresiva de dosis que ingresen al pa\u00eds, y protegiendo a los grupos m\u00e1s vulnerables. <\/p>\n\n\n\n<p>Pero el virus continuar\u00e1 circulando por lo tanto deben mantenerse todas las medidas de prevenci\u00f3n: barbijo, distanciamiento f\u00edsico, higiene de manos, evitar concentraciones.<\/p>\n\n\n\n<p>Desde un primer momento de la pandemia, el Ministerio de Salud de la Naci\u00f3n traz\u00f3 los lineamientos de distribuci\u00f3n de acuerdo a un criterio federal y equitativo.<\/p>\n\n\n\n<p>Como provincia nos sentimos muy acompa\u00f1ados por el Gobierno Nacional y tambi\u00e9n por el liderazgo que nuestro gobernador, Gerardo Zamora, ejerci\u00f3 durante todo este proceso. Y un liderazgo se sostiene en tres aspectos: decir la verdad, querer a la provincia y e ir en forma permanente en la b\u00fasqueda de la equidad.<\/p>\n","protected":false},"excerpt":{"rendered":"<p>Autoridades sanitaria anunciaron en conferencia de prensa, la llegada de las primeras dosis de la vacuna Sputnik V y como ser\u00e1n las etapas de la vacunaci\u00f3n en Santiago del Estero. <\/p>\n","protected":false},"author":2,"featured_media":15025,"comment_status":"open","ping_status":"open","sticky":false,"template":"","format":"standard","meta":{"om_disable_all_campaigns":false,"_monsterinsights_skip_tracking":false,"_monsterinsights_sitenote_active":false,"_monsterinsights_sitenote_note":"","_monsterinsights_sitenote_category":0,"_uf_show_specific_survey":0,"_uf_disable_surveys":false,"jetpack_post_was_ever_published":false,"_jetpack_newsletter_access":"","_jetpack_dont_email_post_to_subs":false,"_jetpack_newsletter_tier_id":0,"_jetpack_memberships_contains_paywalled_content":false,"_jetpack_memberships_contains_paid_content":false,"footnotes":"","jetpack_publicize_message":"","jetpack_publicize_feature_enabled":true,"jetpack_social_post_already_shared":false,"jetpack_social_options":{"image_generator_settings":{"template":"highway","default_image_id":0,"font":"","enabled":false},"version":2}},"categories":[3],"tags":[],"class_list":["post-15024","post","type-post","status-publish","format-standard","has-post-thumbnail","hentry","category-salud"],"aioseo_notices":[],"views":3,"jetpack_publicize_connections":[],"jetpack_featured_media_url":"https:\/\/i0.wp.com\/elterritorialweb.com.ar\/web\/wp-content\/uploads\/2020\/12\/2020-12-22-3.png?fit=1163%2C654&ssl=1","jetpack_sharing_enabled":true,"_links":{"self":[{"href":"https:\/\/elterritorialweb.com.ar\/web\/wp-json\/wp\/v2\/posts\/15024","targetHints":{"allow":["GET"]}}],"collection":[{"href":"https:\/\/elterritorialweb.com.ar\/web\/wp-json\/wp\/v2\/posts"}],"about":[{"href":"https:\/\/elterritorialweb.com.ar\/web\/wp-json\/wp\/v2\/types\/post"}],"author":[{"embeddable":true,"href":"https:\/\/elterritorialweb.com.ar\/web\/wp-json\/wp\/v2\/users\/2"}],"replies":[{"embeddable":true,"href":"https:\/\/elterritorialweb.com.ar\/web\/wp-json\/wp\/v2\/comments?post=15024"}],"version-history":[{"count":3,"href":"https:\/\/elterritorialweb.com.ar\/web\/wp-json\/wp\/v2\/posts\/15024\/revisions"}],"predecessor-version":[{"id":15031,"href":"https:\/\/elterritorialweb.com.ar\/web\/wp-json\/wp\/v2\/posts\/15024\/revisions\/15031"}],"wp:featuredmedia":[{"embeddable":true,"href":"https:\/\/elterritorialweb.com.ar\/web\/wp-json\/wp\/v2\/media\/15025"}],"wp:attachment":[{"href":"https:\/\/elterritorialweb.com.ar\/web\/wp-json\/wp\/v2\/media?parent=15024"}],"wp:term":[{"taxonomy":"category","embeddable":true,"href":"https:\/\/elterritorialweb.com.ar\/web\/wp-json\/wp\/v2\/categories?post=15024"},{"taxonomy":"post_tag","embeddable":true,"href":"https:\/\/elterritorialweb.com.ar\/web\/wp-json\/wp\/v2\/tags?post=15024"}],"curies":[{"name":"wp","href":"https:\/\/api.w.org\/{rel}","templated":true}]}}