{"id":15035,"date":"2020-12-22T18:17:08","date_gmt":"2020-12-22T18:17:08","guid":{"rendered":"http:\/\/elterritorialweb.com.ar\/web\/?p=15035"},"modified":"2020-12-22T18:17:09","modified_gmt":"2020-12-22T18:17:09","slug":"la-banda-desplegara-un-operativo-de-ordenamiento-en-el-microcentro-por-las-compras-navidenas","status":"publish","type":"post","link":"https:\/\/elterritorialweb.com.ar\/web\/la-banda-desplegara-un-operativo-de-ordenamiento-en-el-microcentro-por-las-compras-navidenas\/","title":{"rendered":"LA BANDA DESPLEGAR\u00c1 UN OPERATIVO DE ORDENAMIENTO EN EL MICROCENTRO POR LAS COMPRAS NAVIDE\u00d1AS"},"content":{"rendered":"\n<p>El Sistema de Seguridad Municipal \u201cAlerta Banda\u201d reforzar\u00e1 las tareas de ordenamiento y patrullaje urbano en la zona del microcentro de la ciudad donde se ha incrementado notablemente el movimiento comercial por la cercan\u00eda de las festividades de fin de a\u00f1o.<\/p>\n\n\n\n<p>En este sentido, desde el \u00e1rea se indic\u00f3 que se organizaron los operativos de patrullaje urbano para brindar mayor seguridad a los ciudadanos en las zonas de mayor movimiento comercial.<\/p>\n\n\n\n<p>Asimismo, se supervisar\u00e1 que se cumplan con las normas de bioseguridad como el distanciamiento social y el uso correcto del barbijo o tapaboca.<\/p>\n\n\n\n<p>Al respecto, la coordinadora del \u00e1rea, Carolina Montenegro, manifest\u00f3: \u201cEl trabajo que realizaremos con el personal afectado para tal funci\u00f3n, ser\u00e1 reforzado por el monitoreo que se realiza en la ciudad a trav\u00e9s de las c\u00e1maras de seguridad, que nos permiten controlar el normal funcionamiento del tr\u00e1nsito y cualquier hecho de inseguridad que pudiera presentarse\u201d.<\/p>\n\n\n\n<p>Agreg\u00f3: \u201cSon fechas muy importantes en las que la mayor\u00eda de los ciudadanos concurren a la microcentro para realizar sus compras, as\u00ed que desde el municipio queremos brindarles la tranquilidad de que estaremos a su disposici\u00f3n y les pedimos tambi\u00e9n su colaboraci\u00f3n para que entre todos podamos cuidarnos\u201d.<\/p>\n\n\n\n<p>Cabe destacar, que&nbsp;&nbsp;Servicios P\u00fablicos, Gobierno, Tr\u00e1nsito y Transporte, Ordenamiento Urbano, Calidad de Vida, Defensa al Consumidor, Bromatolog\u00eda y otras a\u00e9reas marcaran presencia durante los d\u00edas festivos acompa\u00f1ando al vecino bande\u00f1o.<\/p>\n","protected":false},"excerpt":{"rendered":"<p>Por la llegada de las fiestas de fin de a\u00f1o, diferentes  a\u00e9reas de la Municipalidad de la Banda llevar\u00e1n a cabo un ordenamiento, control y permanencia en el microcentro para resguardar y colaborar con un normal desarrollo de las actividades comerciales en la ciudad.<\/p>\n","protected":false},"author":2,"featured_media":15036,"comment_status":"open","ping_status":"open","sticky":false,"template":"","format":"standard","meta":{"om_disable_all_campaigns":false,"_monsterinsights_skip_tracking":false,"_monsterinsights_sitenote_active":false,"_monsterinsights_sitenote_note":"","_monsterinsights_sitenote_category":0,"_uf_show_specific_survey":0,"_uf_disable_surveys":false,"jetpack_post_was_ever_published":false,"_jetpack_newsletter_access":"","_jetpack_dont_email_post_to_subs":false,"_jetpack_newsletter_tier_id":0,"_jetpack_memberships_contains_paywalled_content":false,"_jetpack_memberships_contains_paid_content":false,"footnotes":"","jetpack_publicize_message":"","jetpack_publicize_feature_enabled":true,"jetpack_social_post_already_shared":false,"jetpack_social_options":{"image_generator_settings":{"template":"highway","default_image_id":0,"font":"","enabled":false},"version":2}},"categories":[21],"tags":[],"class_list":["post-15035","post","type-post","status-publish","format-standard","has-post-thumbnail","hentry","category-locales"],"aioseo_notices":[],"views":3,"jetpack_publicize_connections":[],"jetpack_featured_media_url":"https:\/\/i0.wp.com\/elterritorialweb.com.ar\/web\/wp-content\/uploads\/2020\/12\/LA-BANDA-ORDENAMIENTO-CENTRO.jpeg?fit=1024%2C768&ssl=1","jetpack_sharing_enabled":true,"_links":{"self":[{"href":"https:\/\/elterritorialweb.com.ar\/web\/wp-json\/wp\/v2\/posts\/15035","targetHints":{"allow":["GET"]}}],"collection":[{"href":"https:\/\/elterritorialweb.com.ar\/web\/wp-json\/wp\/v2\/posts"}],"about":[{"href":"https:\/\/elterritorialweb.com.ar\/web\/wp-json\/wp\/v2\/types\/post"}],"author":[{"embeddable":true,"href":"https:\/\/elterritorialweb.com.ar\/web\/wp-json\/wp\/v2\/users\/2"}],"replies":[{"embeddable":true,"href":"https:\/\/elterritorialweb.com.ar\/web\/wp-json\/wp\/v2\/comments?post=15035"}],"version-history":[{"count":1,"href":"https:\/\/elterritorialweb.com.ar\/web\/wp-json\/wp\/v2\/posts\/15035\/revisions"}],"predecessor-version":[{"id":15037,"href":"https:\/\/elterritorialweb.com.ar\/web\/wp-json\/wp\/v2\/posts\/15035\/revisions\/15037"}],"wp:featuredmedia":[{"embeddable":true,"href":"https:\/\/elterritorialweb.com.ar\/web\/wp-json\/wp\/v2\/media\/15036"}],"wp:attachment":[{"href":"https:\/\/elterritorialweb.com.ar\/web\/wp-json\/wp\/v2\/media?parent=15035"}],"wp:term":[{"taxonomy":"category","embeddable":true,"href":"https:\/\/elterritorialweb.com.ar\/web\/wp-json\/wp\/v2\/categories?post=15035"},{"taxonomy":"post_tag","embeddable":true,"href":"https:\/\/elterritorialweb.com.ar\/web\/wp-json\/wp\/v2\/tags?post=15035"}],"curies":[{"name":"wp","href":"https:\/\/api.w.org\/{rel}","templated":true}]}}