{"id":15038,"date":"2020-12-22T18:42:45","date_gmt":"2020-12-22T18:42:45","guid":{"rendered":"http:\/\/elterritorialweb.com.ar\/web\/?p=15038"},"modified":"2020-12-22T18:42:46","modified_gmt":"2020-12-22T18:42:46","slug":"diputados-ratifican-consenso-fiscal-2020-y-aprueban-tarifa-especial-para-pacientes-electrodependientes","status":"publish","type":"post","link":"https:\/\/elterritorialweb.com.ar\/web\/diputados-ratifican-consenso-fiscal-2020-y-aprueban-tarifa-especial-para-pacientes-electrodependientes\/","title":{"rendered":"DIPUTADOS RATIFICAN CONSENSO FISCAL 2020 Y APRUEBAN TARIFA ESPECIAL PARA PACIENTES ELECTRODEPENDIENTES"},"content":{"rendered":"\n<p>En primer t\u00e9rmino, la Legislatura provincial aprob\u00f3 y ratific\u00f3 el acuerdo firmado entre el presidente de la Naci\u00f3n, Dr. Alberto Fern\u00e1ndez y el gobernador de la provincia, Dr. Gerardo Zamora, en forma conjunta con sus pares gobernadores de todo el pa\u00eds, que \u201cfue consensuado en el marco de los objetivos comunes de todas las jurisdicciones provinciales y el Estado Federal\u201d.\u201cEste acuerdo se rubric\u00f3 bajo la premisa del federalismo de concertaci\u00f3n, que desde la d\u00e9cada del 90&#8242;, la Naci\u00f3n, provincias y la CABA emprendieron en forma conjunta con el claro prop\u00f3sito de buscar soluciones comunes que incluyan a todas las partes evitando dirimir sus conflictos, en sede judicial\u201d, establece la norma.<\/p>\n\n\n\n<p>Los elementos esenciales a los que compromete la provincia son: Profundizar la adecuaci\u00f3n del funcionamiento de los reg\u00edmenes de retenci\u00f3n, percepci\u00f3n y recaudaci\u00f3n del ISIB, respetando las pautas generales establecidas por la Comisi\u00f3n Arbitral y procurar las medidas necesarias en los procedimientos vigentes en cada jurisdicci\u00f3n a efectos de aplicar mecanismos de compensaci\u00f3n, devoluci\u00f3n, o transferencia de cr\u00e9ditos en el ISIB, entre otros.<\/p>\n\n\n\n<p>Luego, los diputados aprobaron por unanimidad el proyecto de ley remitido por el Poder Ejecutivo que crea un R\u00e9gimen Tarifario Especial para los usuarios del Servicio P\u00fablico de Distribuci\u00f3n de Electricidad que revistan la condici\u00f3n de pacientes electrodependientes por cuestiones de salud, consistente en la bonificaci\u00f3n mensual del 100 % de la tarifa el\u00e9ctrica, la eximici\u00f3n del pago de los derechos de conexi\u00f3n en la habilitaci\u00f3n de nuevos suministros y dem\u00e1s cargos de la factura de energ\u00eda el\u00e9ctrica de acuerdo a las normas vigentes.<\/p>\n\n\n\n<p>En sus articulados, la ley aclara que se entiende por paciente electrodependiente por cuestiones de salud a \u201caquellas personas que necesiten de manera constante, ininterrumpida y estable del suministro de energ\u00eda el\u00e9ctrica para alimentar equipos espec\u00edficos destinados a la preservaci\u00f3n de la vida o su salud en su residencia\u201d. Agrega: \u201cLa condici\u00f3n de paciente electrodependiente ser\u00e1 acreditada por el Certificado \u00danico de Discapacidad (CUD), que debe emitirse conforme lo establece la normativa vigente en la materia. La prestaci\u00f3n garantizada del servicio de energ\u00eda el\u00e9ctrica en forma permanente, ser\u00e1 asignada a una \u00fanica unidad habitacional por beneficiario\u201d.<\/p>\n\n\n\n<p>Asimismo, la norma crea en el \u00e1mbito del Ministerio de Salud de la provincia el Registro de Pacientes Electrodependientes, que ser\u00e1 actualizado estableciendo tipos y pautas.<\/p>\n","protected":false},"excerpt":{"rendered":"<p>En una sesi\u00f3n virtual extraordinaria conducida por el vicegobernador de la provincia y titular natural del Poder Legislativo, Dr. Carlos Silva Neder, la C\u00e1mara de Diputados ratific\u00f3 el acuerdo del Consenso Fiscal 2020 y aprob\u00f3 un proyecto que establece una tarifa especial para electrodependientes, dos iniciativas que fueron remitidas por el Poder Ejecutivo Provincial.<\/p>\n","protected":false},"author":2,"featured_media":15039,"comment_status":"open","ping_status":"open","sticky":false,"template":"","format":"standard","meta":{"om_disable_all_campaigns":false,"_monsterinsights_skip_tracking":false,"_monsterinsights_sitenote_active":false,"_monsterinsights_sitenote_note":"","_monsterinsights_sitenote_category":0,"_uf_show_specific_survey":0,"_uf_disable_surveys":false,"jetpack_post_was_ever_published":false,"_jetpack_newsletter_access":"","_jetpack_dont_email_post_to_subs":false,"_jetpack_newsletter_tier_id":0,"_jetpack_memberships_contains_paywalled_content":false,"_jetpack_memberships_contains_paid_content":false,"footnotes":"","jetpack_publicize_message":"","jetpack_publicize_feature_enabled":true,"jetpack_social_post_already_shared":false,"jetpack_social_options":{"image_generator_settings":{"template":"highway","default_image_id":0,"font":"","enabled":false},"version":2}},"categories":[18],"tags":[],"class_list":["post-15038","post","type-post","status-publish","format-standard","has-post-thumbnail","hentry","category-politica"],"aioseo_notices":[],"views":5,"jetpack_publicize_connections":[],"jetpack_featured_media_url":"https:\/\/i0.wp.com\/elterritorialweb.com.ar\/web\/wp-content\/uploads\/2020\/12\/DIPUTADOS-RATIFICN-CONSENSO.jpg?fit=597%2C350&ssl=1","jetpack_sharing_enabled":true,"_links":{"self":[{"href":"https:\/\/elterritorialweb.com.ar\/web\/wp-json\/wp\/v2\/posts\/15038","targetHints":{"allow":["GET"]}}],"collection":[{"href":"https:\/\/elterritorialweb.com.ar\/web\/wp-json\/wp\/v2\/posts"}],"about":[{"href":"https:\/\/elterritorialweb.com.ar\/web\/wp-json\/wp\/v2\/types\/post"}],"author":[{"embeddable":true,"href":"https:\/\/elterritorialweb.com.ar\/web\/wp-json\/wp\/v2\/users\/2"}],"replies":[{"embeddable":true,"href":"https:\/\/elterritorialweb.com.ar\/web\/wp-json\/wp\/v2\/comments?post=15038"}],"version-history":[{"count":1,"href":"https:\/\/elterritorialweb.com.ar\/web\/wp-json\/wp\/v2\/posts\/15038\/revisions"}],"predecessor-version":[{"id":15040,"href":"https:\/\/elterritorialweb.com.ar\/web\/wp-json\/wp\/v2\/posts\/15038\/revisions\/15040"}],"wp:featuredmedia":[{"embeddable":true,"href":"https:\/\/elterritorialweb.com.ar\/web\/wp-json\/wp\/v2\/media\/15039"}],"wp:attachment":[{"href":"https:\/\/elterritorialweb.com.ar\/web\/wp-json\/wp\/v2\/media?parent=15038"}],"wp:term":[{"taxonomy":"category","embeddable":true,"href":"https:\/\/elterritorialweb.com.ar\/web\/wp-json\/wp\/v2\/categories?post=15038"},{"taxonomy":"post_tag","embeddable":true,"href":"https:\/\/elterritorialweb.com.ar\/web\/wp-json\/wp\/v2\/tags?post=15038"}],"curies":[{"name":"wp","href":"https:\/\/api.w.org\/{rel}","templated":true}]}}