{"id":15041,"date":"2020-12-22T23:47:27","date_gmt":"2020-12-22T23:47:27","guid":{"rendered":"http:\/\/elterritorialweb.com.ar\/web\/?p=15041"},"modified":"2020-12-22T23:47:28","modified_gmt":"2020-12-22T23:47:28","slug":"el-programa-provincial-mis-primeros-1700-dias-capacito-a-beneficiarios-de-ojo-de-agua","status":"publish","type":"post","link":"https:\/\/elterritorialweb.com.ar\/web\/el-programa-provincial-mis-primeros-1700-dias-capacito-a-beneficiarios-de-ojo-de-agua\/","title":{"rendered":"EL PROGRAMA PROVINCIAL \u00abMIS PRIMEROS 1700 D\u00cdAS\u00bb CAPACIT\u00d3 A BENEFICIARIOS DE OJO DE AGUA"},"content":{"rendered":"\n<p>Es importante resaltar que este programa busca proteger la salud de mujeres, ni\u00f1os y ni\u00f1as garantizando que todos tengan las mismas oportunidades de acceder a un desarrollo integral en sus condiciones f\u00edsicas, cognitivas, sociales y culturales. Para ello se refuerza su nutrici\u00f3n, el acompa\u00f1amiento por parte del equipo de salud y los controles de salud necesarios desde el comienzo de su vida. <\/p>\n\n\n\n<p>En la presentaci\u00f3n del programa estuvo el Dr. Benjam\u00edn Coria, referente<br>del Programa, acompa\u00f1ado por el personal t\u00e9cnico, que fue explicando y<br>capacitando a las mujeres sobre la utilizaci\u00f3n adecuada de cada uno de los<br>productos para mejorar la alimentaci\u00f3n de los m\u00e1s peque\u00f1os.<\/p>\n\n\n\n<figure class=\"wp-block-image size-large\"><a href=\"https:\/\/i0.wp.com\/elterritorialweb.com.ar\/web\/wp-content\/uploads\/2020\/12\/ojo-de-agua-1.jpg\"><img data-recalc-dims=\"1\" decoding=\"async\" width=\"640\" height=\"426\" data-src=\"https:\/\/i0.wp.com\/elterritorialweb.com.ar\/web\/wp-content\/uploads\/2020\/12\/ojo-de-agua-1.jpg?resize=640%2C426\" alt=\"\" class=\"wp-image-15043 lazyload\" data-srcset=\"https:\/\/i0.wp.com\/elterritorialweb.com.ar\/web\/wp-content\/uploads\/2020\/12\/ojo-de-agua-1.jpg?w=1004&amp;ssl=1 1004w, https:\/\/i0.wp.com\/elterritorialweb.com.ar\/web\/wp-content\/uploads\/2020\/12\/ojo-de-agua-1.jpg?resize=300%2C200&amp;ssl=1 300w, https:\/\/i0.wp.com\/elterritorialweb.com.ar\/web\/wp-content\/uploads\/2020\/12\/ojo-de-agua-1.jpg?resize=768%2C512&amp;ssl=1 768w, https:\/\/i0.wp.com\/elterritorialweb.com.ar\/web\/wp-content\/uploads\/2020\/12\/ojo-de-agua-1.jpg?resize=675%2C450&amp;ssl=1 675w\" data-sizes=\"(max-width: 640px) 100vw, 640px\" src=\"data:image\/svg+xml;base64,PHN2ZyB3aWR0aD0iMSIgaGVpZ2h0PSIxIiB4bWxucz0iaHR0cDovL3d3dy53My5vcmcvMjAwMC9zdmciPjwvc3ZnPg==\" style=\"--smush-placeholder-width: 640px; --smush-placeholder-aspect-ratio: 640\/426;\" \/><\/a><\/figure>\n\n\n\n<p>El encuentro se desarroll\u00f3 en el Polideportivo Municipal, en donde todos los integrantes del Programa fueron recibidos por el intendente local, Antonio Bittar y dem\u00e1s miembros de la Municipalidad de Ojo de Agua.<\/p>\n\n\n\n<p>En este marco, las palabras de bienvenida estuvieron a cargo del Intendente de la ciudad quien remarco, \u201cquiero agradecerle al Gobierno de la Provincia por seguir preocup\u00e1ndose todos los d\u00edas por nuestros ni\u00f1os\u201d.<\/p>\n\n\n\n<p>Seguidamente, el Dr. Benjamin Coria salud\u00f3 a todos en nombre del Gobernador de la Provincia, Dr. Gerardo Zamora y de la Presidente Provisional del Senado de la Naci\u00f3n, Dra. Claudia de Zamora.<br>\u201cQuiero pedirles que este programa siga ampli\u00e1ndose y que sigamos incorporando a m\u00e1s familias\u201d expres\u00f3 el referente del programa Provincial<br>\u201cMis Primeros 1700 d\u00edas\u201d.<\/p>\n","protected":false},"excerpt":{"rendered":"<p>Lleg\u00f3 a la ciudad de Ojo de Agua, departamento Ojo de Agua, el Programa Provincial \u201cMis Primeros 1700 d\u00edas\u201d, con el objetivo de asistir y acompa\u00f1ar a mujeres, ni\u00f1os, ni\u00f1as y familias de dichas comunidades y de los parajes vecinos. <\/p>\n","protected":false},"author":2,"featured_media":15042,"comment_status":"open","ping_status":"open","sticky":false,"template":"","format":"standard","meta":{"om_disable_all_campaigns":false,"_monsterinsights_skip_tracking":false,"_monsterinsights_sitenote_active":false,"_monsterinsights_sitenote_note":"","_monsterinsights_sitenote_category":0,"_uf_show_specific_survey":0,"_uf_disable_surveys":false,"jetpack_post_was_ever_published":false,"_jetpack_newsletter_access":"","_jetpack_dont_email_post_to_subs":false,"_jetpack_newsletter_tier_id":0,"_jetpack_memberships_contains_paywalled_content":false,"_jetpack_memberships_contains_paid_content":false,"footnotes":"","jetpack_publicize_message":"","jetpack_publicize_feature_enabled":true,"jetpack_social_post_already_shared":false,"jetpack_social_options":{"image_generator_settings":{"template":"highway","default_image_id":0,"font":"","enabled":false},"version":2}},"categories":[21],"tags":[],"class_list":["post-15041","post","type-post","status-publish","format-standard","has-post-thumbnail","hentry","category-locales"],"aioseo_notices":[],"views":5,"jetpack_publicize_connections":[],"jetpack_featured_media_url":"https:\/\/i0.wp.com\/elterritorialweb.com.ar\/web\/wp-content\/uploads\/2020\/12\/ojo-de-agua-.jpg?fit=1004%2C669&ssl=1","jetpack_sharing_enabled":true,"_links":{"self":[{"href":"https:\/\/elterritorialweb.com.ar\/web\/wp-json\/wp\/v2\/posts\/15041","targetHints":{"allow":["GET"]}}],"collection":[{"href":"https:\/\/elterritorialweb.com.ar\/web\/wp-json\/wp\/v2\/posts"}],"about":[{"href":"https:\/\/elterritorialweb.com.ar\/web\/wp-json\/wp\/v2\/types\/post"}],"author":[{"embeddable":true,"href":"https:\/\/elterritorialweb.com.ar\/web\/wp-json\/wp\/v2\/users\/2"}],"replies":[{"embeddable":true,"href":"https:\/\/elterritorialweb.com.ar\/web\/wp-json\/wp\/v2\/comments?post=15041"}],"version-history":[{"count":1,"href":"https:\/\/elterritorialweb.com.ar\/web\/wp-json\/wp\/v2\/posts\/15041\/revisions"}],"predecessor-version":[{"id":15044,"href":"https:\/\/elterritorialweb.com.ar\/web\/wp-json\/wp\/v2\/posts\/15041\/revisions\/15044"}],"wp:featuredmedia":[{"embeddable":true,"href":"https:\/\/elterritorialweb.com.ar\/web\/wp-json\/wp\/v2\/media\/15042"}],"wp:attachment":[{"href":"https:\/\/elterritorialweb.com.ar\/web\/wp-json\/wp\/v2\/media?parent=15041"}],"wp:term":[{"taxonomy":"category","embeddable":true,"href":"https:\/\/elterritorialweb.com.ar\/web\/wp-json\/wp\/v2\/categories?post=15041"},{"taxonomy":"post_tag","embeddable":true,"href":"https:\/\/elterritorialweb.com.ar\/web\/wp-json\/wp\/v2\/tags?post=15041"}],"curies":[{"name":"wp","href":"https:\/\/api.w.org\/{rel}","templated":true}]}}