{"id":15045,"date":"2020-12-23T00:07:21","date_gmt":"2020-12-23T00:07:21","guid":{"rendered":"http:\/\/elterritorialweb.com.ar\/web\/?p=15045"},"modified":"2020-12-23T00:10:45","modified_gmt":"2020-12-23T00:10:45","slug":"estamos-haciendo-una-argentina-mas-federal-dijo-el-presidente-en-entre-rios","status":"publish","type":"post","link":"https:\/\/elterritorialweb.com.ar\/web\/estamos-haciendo-una-argentina-mas-federal-dijo-el-presidente-en-entre-rios\/","title":{"rendered":"\u00abESTAMOS HACIENDO UNA ARGENTINA M\u00c1S FEDERAL\u00bb DIJO EL PRESIDENTE EN ENTRE R\u00cdOS"},"content":{"rendered":"\n<p>\u201cEstamos favoreciendo un polo de desarrollo que hasta hoy no exist\u00eda\u201d, destac\u00f3 Fern\u00e1ndez durante el acto que presidi\u00f3 en las instalaciones del aeropuerto \u201cComodoro Pierrestegui\u201d junto al gobernador de Entre R\u00edos, Gustavo Bordet, y el presidente municipal (intendente), Alfredo Francolini.<\/p>\n\n\n\n<p>El mandatario nacional viaj\u00f3 junto al jefe de Gabinete, Santiago Cafiero; los ministros de Obras P\u00fablicas, Gabriel Katopodis; de Transporte, Mario Meoni; y del Interior, Eduardo de Pedro; y el secretario general de la Presidencia, Julio Vitobello. Tambi\u00e9n estuvo presente el embajador argentino en Uruguay, Alberto Iribarne.<\/p>\n\n\n\n<p>El proyecto, que ser\u00e1 financiado a trav\u00e9s de un cr\u00e9dito del Banco Interamericano de Desarrollo (BID) por 50 millones de d\u00f3lares, busca adecuar la terminal a\u00e9rea a la operaci\u00f3n de vuelos comerciales regulares, tanto para el transporte de pasajeros como de cargas, y contribuir al aumento de la competitividad de los sectores productivos y tur\u00edsticos de la regi\u00f3n del Salto Grande.<\/p>\n\n\n\n<p>Ser\u00e1n beneficiados especialmente los habitantes de Concordia, Federaci\u00f3n y Salto (Uruguay), ya que podr\u00e1n contar con un nuevo servicio de transporte (transfers) y se agilizar\u00e1 el paso fronterizo.<\/p>\n\n\n\n<p>\u201cCuando nos pusimos de acuerdo con Gustavo en trabajar juntos, los dos lo hicimos sabiendo de la necesidad que tiene la Argentina de funcionar con otra l\u00f3gica\u201d, expres\u00f3 el Presidente<\/p>\n\n\n\n<figure class=\"wp-block-image size-large\"><a href=\"https:\/\/i0.wp.com\/elterritorialweb.com.ar\/web\/wp-content\/uploads\/2020\/12\/FERNANDEZ-EN-CONCORDIA-1.jpg\"><img data-recalc-dims=\"1\" decoding=\"async\" width=\"640\" height=\"939\" data-src=\"https:\/\/i0.wp.com\/elterritorialweb.com.ar\/web\/wp-content\/uploads\/2020\/12\/FERNANDEZ-EN-CONCORDIA-1.jpg?resize=640%2C939\" alt=\"\" class=\"wp-image-15048 lazyload\" data-srcset=\"https:\/\/i0.wp.com\/elterritorialweb.com.ar\/web\/wp-content\/uploads\/2020\/12\/FERNANDEZ-EN-CONCORDIA-1.jpg?resize=698%2C1024&amp;ssl=1 698w, https:\/\/i0.wp.com\/elterritorialweb.com.ar\/web\/wp-content\/uploads\/2020\/12\/FERNANDEZ-EN-CONCORDIA-1.jpg?resize=204%2C300&amp;ssl=1 204w, https:\/\/i0.wp.com\/elterritorialweb.com.ar\/web\/wp-content\/uploads\/2020\/12\/FERNANDEZ-EN-CONCORDIA-1.jpg?resize=768%2C1127&amp;ssl=1 768w, https:\/\/i0.wp.com\/elterritorialweb.com.ar\/web\/wp-content\/uploads\/2020\/12\/FERNANDEZ-EN-CONCORDIA-1.jpg?resize=1047%2C1536&amp;ssl=1 1047w, https:\/\/i0.wp.com\/elterritorialweb.com.ar\/web\/wp-content\/uploads\/2020\/12\/FERNANDEZ-EN-CONCORDIA-1.jpg?resize=1024%2C1503&amp;ssl=1 1024w, https:\/\/i0.wp.com\/elterritorialweb.com.ar\/web\/wp-content\/uploads\/2020\/12\/FERNANDEZ-EN-CONCORDIA-1.jpg?w=1125&amp;ssl=1 1125w\" data-sizes=\"(max-width: 640px) 100vw, 640px\" src=\"data:image\/svg+xml;base64,PHN2ZyB3aWR0aD0iMSIgaGVpZ2h0PSIxIiB4bWxucz0iaHR0cDovL3d3dy53My5vcmcvMjAwMC9zdmciPjwvc3ZnPg==\" style=\"--smush-placeholder-width: 640px; --smush-placeholder-aspect-ratio: 640\/939;\" \/><\/a><\/figure>\n\n\n\n<p>Y resalt\u00f3: \u201cEstamos poniendo en marcha la construcci\u00f3n de un aeropuerto de carga para que toda la producci\u00f3n de esta zona y de la querida Salto pueda salir sin necesidad de terminar en el puerto porte\u00f1o\u201d.<\/p>\n\n\n\n<p>\u201cEs para la provincia un d\u00eda hist\u00f3rico porque estamos concretando una pol\u00edtica de Estado que tiene toda esta regi\u00f3n de poder contar con un aeropuerto que no solo nos vincule con vuelos de pasajeros y pueda promover esta movilidad, sino tambi\u00e9n porque tiene la condici\u00f3n de ser un aeropuerto para cargas, y Salto Grande tiene varias econom\u00edas regionales para potenciar\u201d, celebr\u00f3 Bordet en su discurso.<\/p>\n\n\n\n<p>\u201cPoder contar con un aeropuerto que pueda evacuar la producci\u00f3n de c\u00edtricos y de ar\u00e1ndanos significar\u00e1 tener una mejora en la competitividad de nuestras empresas, y nos posibilita a generar m\u00e1s desarrollo y m\u00e1s producci\u00f3n\u201d, a\u00f1adi\u00f3.<\/p>\n\n\n\n<p>En el mismo sentido, Francolini dijo que \u201cla mejora del aeropuerto binacional representa un momento hist\u00f3rico para el sector productivo y tur\u00edstico y es una obra muy esperada por todos los concordienses\u201d.<\/p>\n\n\n\n<p>\u201cAs\u00ed como Concordia no tuvo piso para caer con lo que sufrimos el gobierno de los \u00faltimos cuatro a\u00f1os, estamos convencidos, Presidente, de que no tiene techo para crecer en este modelo de producci\u00f3n, de desarrollo y de trabajo que usted impulsa\u201d, subray\u00f3.<\/p>\n\n\n\n<p>Los trabajos en el aeropuerto contemplan la extensi\u00f3n de 1.600 a 2.000 metros de la pista existente y la construcci\u00f3n de una calle de rodaje y una plataforma de estacionamiento de aeronaves. Tambi\u00e9n la adquisici\u00f3n y montaje de se\u00f1alamiento diurno y nocturno y la mejora de la v\u00eda de acceso al aeropuerto y del nuevo estacionamiento, adem\u00e1s de la construcci\u00f3n de una nueva terminal de pasajeros y torre de control, equipos, redes de abastecimiento y tratamiento de agua.<\/p>\n","protected":false},"excerpt":{"rendered":"<p>El presidente Alberto Fern\u00e1ndez encabez\u00f3 este mediod\u00eda, en la ciudad entrerriana de Concordia, la apertura de ofertas de la licitaci\u00f3n internacional para la readecuaci\u00f3n y modernizaci\u00f3n del aeropuerto local, obra que asegur\u00f3 \u201cayuda a federalizar a la Argentina\u201d<\/p>\n","protected":false},"author":2,"featured_media":15046,"comment_status":"open","ping_status":"open","sticky":false,"template":"","format":"standard","meta":{"om_disable_all_campaigns":false,"_monsterinsights_skip_tracking":false,"_monsterinsights_sitenote_active":false,"_monsterinsights_sitenote_note":"","_monsterinsights_sitenote_category":0,"_uf_show_specific_survey":0,"_uf_disable_surveys":false,"jetpack_post_was_ever_published":false,"_jetpack_newsletter_access":"","_jetpack_dont_email_post_to_subs":false,"_jetpack_newsletter_tier_id":0,"_jetpack_memberships_contains_paywalled_content":false,"_jetpack_memberships_contains_paid_content":false,"footnotes":"","jetpack_publicize_message":"","jetpack_publicize_feature_enabled":true,"jetpack_social_post_already_shared":false,"jetpack_social_options":{"image_generator_settings":{"template":"highway","default_image_id":0,"font":"","enabled":false},"version":2}},"categories":[18],"tags":[],"class_list":["post-15045","post","type-post","status-publish","format-standard","has-post-thumbnail","hentry","category-politica"],"aioseo_notices":[],"views":3,"jetpack_publicize_connections":[],"jetpack_featured_media_url":"https:\/\/i0.wp.com\/elterritorialweb.com.ar\/web\/wp-content\/uploads\/2020\/12\/FERNANDEZ-EN-CONCORDIA.jpg?fit=1940%2C1322&ssl=1","jetpack_sharing_enabled":true,"_links":{"self":[{"href":"https:\/\/elterritorialweb.com.ar\/web\/wp-json\/wp\/v2\/posts\/15045","targetHints":{"allow":["GET"]}}],"collection":[{"href":"https:\/\/elterritorialweb.com.ar\/web\/wp-json\/wp\/v2\/posts"}],"about":[{"href":"https:\/\/elterritorialweb.com.ar\/web\/wp-json\/wp\/v2\/types\/post"}],"author":[{"embeddable":true,"href":"https:\/\/elterritorialweb.com.ar\/web\/wp-json\/wp\/v2\/users\/2"}],"replies":[{"embeddable":true,"href":"https:\/\/elterritorialweb.com.ar\/web\/wp-json\/wp\/v2\/comments?post=15045"}],"version-history":[{"count":2,"href":"https:\/\/elterritorialweb.com.ar\/web\/wp-json\/wp\/v2\/posts\/15045\/revisions"}],"predecessor-version":[{"id":15050,"href":"https:\/\/elterritorialweb.com.ar\/web\/wp-json\/wp\/v2\/posts\/15045\/revisions\/15050"}],"wp:featuredmedia":[{"embeddable":true,"href":"https:\/\/elterritorialweb.com.ar\/web\/wp-json\/wp\/v2\/media\/15046"}],"wp:attachment":[{"href":"https:\/\/elterritorialweb.com.ar\/web\/wp-json\/wp\/v2\/media?parent=15045"}],"wp:term":[{"taxonomy":"category","embeddable":true,"href":"https:\/\/elterritorialweb.com.ar\/web\/wp-json\/wp\/v2\/categories?post=15045"},{"taxonomy":"post_tag","embeddable":true,"href":"https:\/\/elterritorialweb.com.ar\/web\/wp-json\/wp\/v2\/tags?post=15045"}],"curies":[{"name":"wp","href":"https:\/\/api.w.org\/{rel}","templated":true}]}}