{"id":15052,"date":"2020-12-23T00:18:58","date_gmt":"2020-12-23T00:18:58","guid":{"rendered":"http:\/\/elterritorialweb.com.ar\/web\/?p=15052"},"modified":"2020-12-23T00:18:59","modified_gmt":"2020-12-23T00:18:59","slug":"8-141-nuevos-casos-de-covid-19-en-24-horas-con-un-total-de-1-555-279-infectados-en-el-pais","status":"publish","type":"post","link":"https:\/\/elterritorialweb.com.ar\/web\/8-141-nuevos-casos-de-covid-19-en-24-horas-con-un-total-de-1-555-279-infectados-en-el-pais\/","title":{"rendered":"8.141 NUEVOS CASOS DE COVID-19 EN 24 HORAS, CON UN TOTAL DE 1.555.279 INFECTADOS EN EL PA\u00cdS"},"content":{"rendered":"\n<p>Otras 257 personas murieron y 8.141 fueron reportadas con coronavirus en las \u00faltimas 24 horas en la Argentina, con lo que suman 42.254 los fallecidos registrados oficialmente a nivel nacional y 1.555.279 los contagiados desde el inicio de la pandemia, inform\u00f3 el Ministerio de Salud.<\/p>\n\n\n\n<p>La cartera sanitaria indic\u00f3 que son 3.399 los internados en unidades de terapia intensiva, con un porcentaje de&nbsp;<strong>ocupaci\u00f3n de camas de adultos de 54,1% en el pa\u00eds y del 58,6% en la \u00c1rea Metropolitana Buenos Aires&nbsp;<\/strong>(AMBA).<\/p>\n\n\n\n<p>Un&nbsp;<strong>45,82% (3.731 personas) de los infectados de este martes (8.141) corresponden a la Ciudad y a la Provincia de Buenos Aires.<\/strong><\/p>\n\n\n\n<p>De los 1.555.279 contagiados, el 88,71% (1.379.726) recibi\u00f3 el alta y 133.299 son casos confirmados activos.<\/p>\n\n\n\n<p>El reporte vespertino consign\u00f3 que murieron 143 hombres, 83 residentes en la provincia de Buenos Aires; 9 en la Ciudad de Buenos Aires; 1 en Chubut; 9 en C\u00f3rdoba; 3 en Corrientes; 3 en Entre R\u00edos; 1 en La Rioja; 12 en Mendoza; 3 en R\u00edo Negro; 1 en Santa Cruz; 15 en Santa Fe; y 3 en Tucum\u00e1n.<\/p>\n\n\n\n<p>Tambi\u00e9n fallecieron 112 mujeres: 66 en Buenos Aires; 8 en la Ciudad de Buenos Aires; 1 en C\u00f3rdoba; 4 en Entre R\u00edos; 2 en La Rioja; 6 en Mendoza; 1 en R\u00edo Negro; 22 en Santa Fe; y 2 en Tucum\u00e1n.<\/p>\n\n\n\n<p>El Ministerio indic\u00f3 que dos personas residentes en la provincia de Buenos Aires fueron registradas sin datos de sexo.<\/p>\n\n\n\n<p>Este martes se registraron en la provincia de Buenos Aires 3.019 casos; en la Ciudad de Buenos Aires, 712; en Catamarca, 37; en Chaco, 191; en Chubut, 409; en Corrientes, 143; en C\u00f3rdoba, 494; en Entre R\u00edos, 140; en Formosa, 7; en Jujuy, 3; en La Pampa, 247; en La Rioja, 9; en Mendoza, 138; en Misiones, 24; en Neuqu\u00e9n, 327; en R\u00edo Negro, 396; en Salta, 45; en San Juan, 153; en San Luis, 13; en Santa Cruz, 312; en Santa Fe, 1.180; en Tierra del Fuego, 51; y en Tucum\u00e1n 134.<\/p>\n\n\n\n<p>Santiago del Estero tuvo n\u00fameros negativos (-46) porque reclasific\u00f3 casos a otras jurisdicciones.<\/p>\n\n\n\n<p>En las \u00faltimas 24 horas fueron realizados 37.688 testeos y desde el inicio del brote se realizaron 4.558.637 pruebas diagn\u00f3sticas para esta enfermedad, lo que equivale a 100.461 muestras por mill\u00f3n de habitantes.<\/p>\n\n\n\n<p>El total de acumulados por distrito indica que la provincia de Buenos Aires suma 657.205 casos; la Ciudad de Buenos Aires, 167.288; Catamarca, 2.399; Chaco, 23.212; Chubut, 28.905.; Corrientes, 10.853; C\u00f3rdoba 123.310; Entre R\u00edos, 27.143; Formosa, 210; Jujuy, 18.485; La Pampa, 8.679; La Rioja, 9.023; Mendoza, 59.189; Misiones, 888; Neuqu\u00e9n, 38.643; R\u00edo Negro, 36.293; Salta, 22.016; San Juan, 10.665; San Luis, 15.941; Santa Cruz, 21.155; Santa Fe, 168.672; Santiago del Estero, 16.830; Tierra del Fuego, 18.254; y Tucum\u00e1n, 70.017.<\/p>\n\n\n\n<p>Se incluyen 17 casos existentes en las Islas Malvinas seg\u00fan informaci\u00f3n de prensa (debido a la ocupaci\u00f3n ilegal del Reino Unido, Gran Breta\u00f1a e Irlanda del Norte no es posible contar con informaci\u00f3n propia sobre el impacto del COVID -19 en esa parte del territorio argentino).<\/p>\n","protected":false},"excerpt":{"rendered":"<p>INFORME DEL MINISTERIO DE SALUD DE LA NACI\u00d3N<\/p>\n","protected":false},"author":2,"featured_media":15053,"comment_status":"open","ping_status":"open","sticky":false,"template":"","format":"standard","meta":{"om_disable_all_campaigns":false,"_monsterinsights_skip_tracking":false,"_monsterinsights_sitenote_active":false,"_monsterinsights_sitenote_note":"","_monsterinsights_sitenote_category":0,"_uf_show_specific_survey":0,"_uf_disable_surveys":false,"jetpack_post_was_ever_published":false,"_jetpack_newsletter_access":"","_jetpack_dont_email_post_to_subs":false,"_jetpack_newsletter_tier_id":0,"_jetpack_memberships_contains_paywalled_content":false,"_jetpack_memberships_contains_paid_content":false,"footnotes":"","jetpack_publicize_message":"","jetpack_publicize_feature_enabled":true,"jetpack_social_post_already_shared":false,"jetpack_social_options":{"image_generator_settings":{"template":"highway","default_image_id":0,"font":"","enabled":false},"version":2}},"categories":[3],"tags":[],"class_list":["post-15052","post","type-post","status-publish","format-standard","has-post-thumbnail","hentry","category-salud"],"aioseo_notices":[],"views":4,"jetpack_publicize_connections":[],"jetpack_featured_media_url":"https:\/\/i0.wp.com\/elterritorialweb.com.ar\/web\/wp-content\/uploads\/2020\/12\/NUEVOS-CASOS-22-DE-DICIEMBRE.jpg?fit=600%2C365&ssl=1","jetpack_sharing_enabled":true,"_links":{"self":[{"href":"https:\/\/elterritorialweb.com.ar\/web\/wp-json\/wp\/v2\/posts\/15052","targetHints":{"allow":["GET"]}}],"collection":[{"href":"https:\/\/elterritorialweb.com.ar\/web\/wp-json\/wp\/v2\/posts"}],"about":[{"href":"https:\/\/elterritorialweb.com.ar\/web\/wp-json\/wp\/v2\/types\/post"}],"author":[{"embeddable":true,"href":"https:\/\/elterritorialweb.com.ar\/web\/wp-json\/wp\/v2\/users\/2"}],"replies":[{"embeddable":true,"href":"https:\/\/elterritorialweb.com.ar\/web\/wp-json\/wp\/v2\/comments?post=15052"}],"version-history":[{"count":1,"href":"https:\/\/elterritorialweb.com.ar\/web\/wp-json\/wp\/v2\/posts\/15052\/revisions"}],"predecessor-version":[{"id":15054,"href":"https:\/\/elterritorialweb.com.ar\/web\/wp-json\/wp\/v2\/posts\/15052\/revisions\/15054"}],"wp:featuredmedia":[{"embeddable":true,"href":"https:\/\/elterritorialweb.com.ar\/web\/wp-json\/wp\/v2\/media\/15053"}],"wp:attachment":[{"href":"https:\/\/elterritorialweb.com.ar\/web\/wp-json\/wp\/v2\/media?parent=15052"}],"wp:term":[{"taxonomy":"category","embeddable":true,"href":"https:\/\/elterritorialweb.com.ar\/web\/wp-json\/wp\/v2\/categories?post=15052"},{"taxonomy":"post_tag","embeddable":true,"href":"https:\/\/elterritorialweb.com.ar\/web\/wp-json\/wp\/v2\/tags?post=15052"}],"curies":[{"name":"wp","href":"https:\/\/api.w.org\/{rel}","templated":true}]}}