{"id":15055,"date":"2020-12-23T00:28:33","date_gmt":"2020-12-23T00:28:33","guid":{"rendered":"http:\/\/elterritorialweb.com.ar\/web\/?p=15055"},"modified":"2020-12-23T00:29:33","modified_gmt":"2020-12-23T00:29:33","slug":"nacion-firmo-los-compromisos-de-gestion-para-el-proximo-ano-con-los-hospitales-nacionales","status":"publish","type":"post","link":"https:\/\/elterritorialweb.com.ar\/web\/nacion-firmo-los-compromisos-de-gestion-para-el-proximo-ano-con-los-hospitales-nacionales\/","title":{"rendered":"NACI\u00d3N FIRM\u00d3 LOS COMPROMISOS DE GESTI\u00d3N PARA EL PR\u00d3XIMO A\u00d1O CON LOS HOSPITALES NACIONALES"},"content":{"rendered":"\n<p>Se hicieron presentes para el encuentro virtual el ministro de Salud, Gin\u00e9s Gonz\u00e1lez Garc\u00eda, el Secretario de Calidad en Salud, Arnaldo Dar\u00edo Medina, el Subsecretario de Gesti\u00f3n de Servicios e Institutos, Alejandro Federico Collia, el Director Nacional de Gesti\u00f3n de Servicios Asistenciales, Carlos Alberto Devani y el Coordinador de Red de Hospitales e Institutos, Fabi\u00e1n Ariel Bas\u00edlico.<\/p>\n\n\n\n<p>Para la ocasi\u00f3n, Gonz\u00e1lez Garc\u00eda agradeci\u00f3 \u201cel trabajo intenso, la vocaci\u00f3n, el compromiso y el esp\u00edritu. Tambi\u00e9n darles el reconocimiento de todo el equipo a lo que han hecho, no solamente a lo que ha sido el enorme esfuerzo que significa la pandemia sino que, adem\u00e1s de eso, aprovechar esa energ\u00eda que han aplicado para producir cambios\u201d.<\/p>\n\n\n\n<figure class=\"wp-block-image size-large\"><a href=\"https:\/\/i0.wp.com\/elterritorialweb.com.ar\/web\/wp-content\/uploads\/2020\/12\/GINES-FIRMO-CON-HOSPITALES-1.jpg\"><img data-recalc-dims=\"1\" decoding=\"async\" width=\"640\" height=\"427\" data-src=\"https:\/\/i0.wp.com\/elterritorialweb.com.ar\/web\/wp-content\/uploads\/2020\/12\/GINES-FIRMO-CON-HOSPITALES-1.jpg?resize=640%2C427\" alt=\"\" class=\"wp-image-15057 lazyload\" data-srcset=\"https:\/\/i0.wp.com\/elterritorialweb.com.ar\/web\/wp-content\/uploads\/2020\/12\/GINES-FIRMO-CON-HOSPITALES-1.jpg?resize=1024%2C683&amp;ssl=1 1024w, https:\/\/i0.wp.com\/elterritorialweb.com.ar\/web\/wp-content\/uploads\/2020\/12\/GINES-FIRMO-CON-HOSPITALES-1.jpg?resize=300%2C200&amp;ssl=1 300w, https:\/\/i0.wp.com\/elterritorialweb.com.ar\/web\/wp-content\/uploads\/2020\/12\/GINES-FIRMO-CON-HOSPITALES-1.jpg?resize=768%2C512&amp;ssl=1 768w, https:\/\/i0.wp.com\/elterritorialweb.com.ar\/web\/wp-content\/uploads\/2020\/12\/GINES-FIRMO-CON-HOSPITALES-1.jpg?resize=1536%2C1024&amp;ssl=1 1536w, https:\/\/i0.wp.com\/elterritorialweb.com.ar\/web\/wp-content\/uploads\/2020\/12\/GINES-FIRMO-CON-HOSPITALES-1.jpg?resize=675%2C450&amp;ssl=1 675w, https:\/\/i0.wp.com\/elterritorialweb.com.ar\/web\/wp-content\/uploads\/2020\/12\/GINES-FIRMO-CON-HOSPITALES-1.jpg?w=1920&amp;ssl=1 1920w, https:\/\/i0.wp.com\/elterritorialweb.com.ar\/web\/wp-content\/uploads\/2020\/12\/GINES-FIRMO-CON-HOSPITALES-1.jpg?w=1280 1280w\" data-sizes=\"(max-width: 640px) 100vw, 640px\" src=\"data:image\/svg+xml;base64,PHN2ZyB3aWR0aD0iMSIgaGVpZ2h0PSIxIiB4bWxucz0iaHR0cDovL3d3dy53My5vcmcvMjAwMC9zdmciPjwvc3ZnPg==\" style=\"--smush-placeholder-width: 640px; --smush-placeholder-aspect-ratio: 640\/427;\" \/><\/a><\/figure>\n\n\n\n<p>Por otra parte, el ministro remarc\u00f3: \u201cnosotros sabemos que los hospitales siguieron funcionando y atendiendo la demanda habitual m\u00e1s la demanda por COVID-19 y lo que queremos es cambios consensuados entre todos los actores del Sistema de Salud\u201d.<\/p>\n\n\n\n<p>En tanto, Arnaldo Medina dijo: \u201cSiento orgullo por el equipo de trabajo que se ha conformado, por la gran tarea que han hecho este a\u00f1o que hoy se demuestra con la firma del Compromiso de Gesti\u00f3n, y creo que es un hito hist\u00f3rico que todos los Hospitales Nacionales hayan avanzado en una planificaci\u00f3n con el Ministerio de Salud de la Naci\u00f3n\u201d. Y agreg\u00f3: \u201ces una mirada en com\u00fan de todo el sistema de salud y fija una pol\u00edtica transparente y clara para toda la comunidad\u201d.<\/p>\n\n\n\n<figure class=\"wp-block-image size-large\"><a href=\"https:\/\/i0.wp.com\/elterritorialweb.com.ar\/web\/wp-content\/uploads\/2020\/12\/GINES-FIRMO-CON-HOSPITALES-2.jpg\"><img data-recalc-dims=\"1\" decoding=\"async\" width=\"640\" height=\"427\" data-src=\"https:\/\/i0.wp.com\/elterritorialweb.com.ar\/web\/wp-content\/uploads\/2020\/12\/GINES-FIRMO-CON-HOSPITALES-2.jpg?resize=640%2C427\" alt=\"\" class=\"wp-image-15058 lazyload\" data-srcset=\"https:\/\/i0.wp.com\/elterritorialweb.com.ar\/web\/wp-content\/uploads\/2020\/12\/GINES-FIRMO-CON-HOSPITALES-2.jpg?resize=1024%2C683&amp;ssl=1 1024w, https:\/\/i0.wp.com\/elterritorialweb.com.ar\/web\/wp-content\/uploads\/2020\/12\/GINES-FIRMO-CON-HOSPITALES-2.jpg?resize=300%2C200&amp;ssl=1 300w, https:\/\/i0.wp.com\/elterritorialweb.com.ar\/web\/wp-content\/uploads\/2020\/12\/GINES-FIRMO-CON-HOSPITALES-2.jpg?resize=768%2C512&amp;ssl=1 768w, https:\/\/i0.wp.com\/elterritorialweb.com.ar\/web\/wp-content\/uploads\/2020\/12\/GINES-FIRMO-CON-HOSPITALES-2.jpg?resize=1536%2C1024&amp;ssl=1 1536w, https:\/\/i0.wp.com\/elterritorialweb.com.ar\/web\/wp-content\/uploads\/2020\/12\/GINES-FIRMO-CON-HOSPITALES-2.jpg?resize=675%2C450&amp;ssl=1 675w, https:\/\/i0.wp.com\/elterritorialweb.com.ar\/web\/wp-content\/uploads\/2020\/12\/GINES-FIRMO-CON-HOSPITALES-2.jpg?w=1920&amp;ssl=1 1920w, https:\/\/i0.wp.com\/elterritorialweb.com.ar\/web\/wp-content\/uploads\/2020\/12\/GINES-FIRMO-CON-HOSPITALES-2.jpg?w=1280 1280w\" data-sizes=\"(max-width: 640px) 100vw, 640px\" src=\"data:image\/svg+xml;base64,PHN2ZyB3aWR0aD0iMSIgaGVpZ2h0PSIxIiB4bWxucz0iaHR0cDovL3d3dy53My5vcmcvMjAwMC9zdmciPjwvc3ZnPg==\" style=\"--smush-placeholder-width: 640px; --smush-placeholder-aspect-ratio: 640\/427;\" \/><\/a><\/figure>\n\n\n\n<p>Dada la situaci\u00f3n epidemiol\u00f3gica y de emergencia sanitaria nacional requiri\u00f3 direccionar recursos hacia el fortalecimiento y la ampliaci\u00f3n de la capacidad de atenci\u00f3n del sistema sanitario.<\/p>\n\n\n\n<p>En este sentido y frente a la postergaci\u00f3n de la promoci\u00f3n de residentes y la extensi\u00f3n de sus contratos, el Ministerio de Salud estableci\u00f3 el otorgamiento de un incentivo no remunerativo de car\u00e1cter mensual, en virtud del trabajo, el compromiso y la dedicaci\u00f3n que llevan adelante los servicios de residencias en el contexto actual.<\/p>\n","protected":false},"excerpt":{"rendered":"<p>El Ministerio de Salud de la Naci\u00f3n suscribi\u00f3 los \u201cCompromisos de Gesti\u00f3n 2021\u201d entre los Hospitales Nacionales y los Servicios de Atenci\u00f3n M\u00e9dica Integral para la Comunidad -SAMIC- y la cartera nacional, a la vez que realiz\u00f3 un acto de reconocimiento a los equipos de trabajo de todas las instituciones por su desempe\u00f1o durante la pandemia.<\/p>\n","protected":false},"author":2,"featured_media":15056,"comment_status":"open","ping_status":"open","sticky":false,"template":"","format":"standard","meta":{"om_disable_all_campaigns":false,"_monsterinsights_skip_tracking":false,"_monsterinsights_sitenote_active":false,"_monsterinsights_sitenote_note":"","_monsterinsights_sitenote_category":0,"_uf_show_specific_survey":0,"_uf_disable_surveys":false,"jetpack_post_was_ever_published":false,"_jetpack_newsletter_access":"","_jetpack_dont_email_post_to_subs":false,"_jetpack_newsletter_tier_id":0,"_jetpack_memberships_contains_paywalled_content":false,"_jetpack_memberships_contains_paid_content":false,"footnotes":"","jetpack_publicize_message":"","jetpack_publicize_feature_enabled":true,"jetpack_social_post_already_shared":false,"jetpack_social_options":{"image_generator_settings":{"template":"highway","default_image_id":0,"font":"","enabled":false},"version":2}},"categories":[1],"tags":[],"class_list":["post-15055","post","type-post","status-publish","format-standard","has-post-thumbnail","hentry","category-sin-categoria"],"aioseo_notices":[],"views":7,"jetpack_publicize_connections":[],"jetpack_featured_media_url":"https:\/\/i0.wp.com\/elterritorialweb.com.ar\/web\/wp-content\/uploads\/2020\/12\/GINES-FIRMO-CON-HOSPITALES.jpg?fit=1920%2C1280&ssl=1","jetpack_sharing_enabled":true,"_links":{"self":[{"href":"https:\/\/elterritorialweb.com.ar\/web\/wp-json\/wp\/v2\/posts\/15055","targetHints":{"allow":["GET"]}}],"collection":[{"href":"https:\/\/elterritorialweb.com.ar\/web\/wp-json\/wp\/v2\/posts"}],"about":[{"href":"https:\/\/elterritorialweb.com.ar\/web\/wp-json\/wp\/v2\/types\/post"}],"author":[{"embeddable":true,"href":"https:\/\/elterritorialweb.com.ar\/web\/wp-json\/wp\/v2\/users\/2"}],"replies":[{"embeddable":true,"href":"https:\/\/elterritorialweb.com.ar\/web\/wp-json\/wp\/v2\/comments?post=15055"}],"version-history":[{"count":2,"href":"https:\/\/elterritorialweb.com.ar\/web\/wp-json\/wp\/v2\/posts\/15055\/revisions"}],"predecessor-version":[{"id":15060,"href":"https:\/\/elterritorialweb.com.ar\/web\/wp-json\/wp\/v2\/posts\/15055\/revisions\/15060"}],"wp:featuredmedia":[{"embeddable":true,"href":"https:\/\/elterritorialweb.com.ar\/web\/wp-json\/wp\/v2\/media\/15056"}],"wp:attachment":[{"href":"https:\/\/elterritorialweb.com.ar\/web\/wp-json\/wp\/v2\/media?parent=15055"}],"wp:term":[{"taxonomy":"category","embeddable":true,"href":"https:\/\/elterritorialweb.com.ar\/web\/wp-json\/wp\/v2\/categories?post=15055"},{"taxonomy":"post_tag","embeddable":true,"href":"https:\/\/elterritorialweb.com.ar\/web\/wp-json\/wp\/v2\/tags?post=15055"}],"curies":[{"name":"wp","href":"https:\/\/api.w.org\/{rel}","templated":true}]}}