{"id":15061,"date":"2020-12-23T00:45:54","date_gmt":"2020-12-23T00:45:54","guid":{"rendered":"http:\/\/elterritorialweb.com.ar\/web\/?p=15061"},"modified":"2020-12-23T00:45:55","modified_gmt":"2020-12-23T00:45:55","slug":"rumbo-a-moscu-despego-el-avion-que-traera-las-primeras-dosis-de-la-vacuna-sputnik-v","status":"publish","type":"post","link":"https:\/\/elterritorialweb.com.ar\/web\/rumbo-a-moscu-despego-el-avion-que-traera-las-primeras-dosis-de-la-vacuna-sputnik-v\/","title":{"rendered":"RUMBO A MOSCU: DESPEG\u00d3 EL AVI\u00d3N QUE TRAERA LAS PRIMERAS DOSIS DE LA VACUNA SPUTNIK V"},"content":{"rendered":"\n<p>El avi\u00f3n de Aerol\u00edneas Argentinas que transportar\u00e1 las primeras 300 mil dosis de la vacuna Sputnik V desde Mosc\u00fa a Argentina parti\u00f3 hoy del aeropuerto de Ezeiza y, seg\u00fan lo previsto, estar\u00e1 de regreso el jueves antes del mediod\u00eda, indicaron a T\u00e9lam fuentes oficiales.<\/p>\n\n\n\n<p>El vuelo despeg\u00f3 a las 19.57 con el objetivo de trasladar las dosis de la vacuna con las que el Gobierno nacional prev\u00e9 comenzar a inmunizar contra el coronavirus.<\/p>\n\n\n\n<figure class=\"wp-block-image size-large\"><a href=\"https:\/\/i0.wp.com\/elterritorialweb.com.ar\/web\/wp-content\/uploads\/2020\/12\/AVION-A-MOSCU-scaled.jpg\"><img data-recalc-dims=\"1\" decoding=\"async\" width=\"640\" height=\"427\" data-src=\"https:\/\/i0.wp.com\/elterritorialweb.com.ar\/web\/wp-content\/uploads\/2020\/12\/AVION-A-MOSCU.jpg?resize=640%2C427\" alt=\"\" class=\"wp-image-15063 lazyload\" data-srcset=\"https:\/\/i0.wp.com\/elterritorialweb.com.ar\/web\/wp-content\/uploads\/2020\/12\/AVION-A-MOSCU-scaled.jpg?resize=1024%2C683&amp;ssl=1 1024w, https:\/\/i0.wp.com\/elterritorialweb.com.ar\/web\/wp-content\/uploads\/2020\/12\/AVION-A-MOSCU-scaled.jpg?resize=300%2C200&amp;ssl=1 300w, https:\/\/i0.wp.com\/elterritorialweb.com.ar\/web\/wp-content\/uploads\/2020\/12\/AVION-A-MOSCU-scaled.jpg?resize=768%2C512&amp;ssl=1 768w, https:\/\/i0.wp.com\/elterritorialweb.com.ar\/web\/wp-content\/uploads\/2020\/12\/AVION-A-MOSCU-scaled.jpg?resize=1536%2C1024&amp;ssl=1 1536w, https:\/\/i0.wp.com\/elterritorialweb.com.ar\/web\/wp-content\/uploads\/2020\/12\/AVION-A-MOSCU-scaled.jpg?resize=2048%2C1366&amp;ssl=1 2048w, https:\/\/i0.wp.com\/elterritorialweb.com.ar\/web\/wp-content\/uploads\/2020\/12\/AVION-A-MOSCU-scaled.jpg?resize=675%2C450&amp;ssl=1 675w, https:\/\/i0.wp.com\/elterritorialweb.com.ar\/web\/wp-content\/uploads\/2020\/12\/AVION-A-MOSCU-scaled.jpg?w=1280 1280w, https:\/\/i0.wp.com\/elterritorialweb.com.ar\/web\/wp-content\/uploads\/2020\/12\/AVION-A-MOSCU-scaled.jpg?w=1920 1920w\" data-sizes=\"(max-width: 640px) 100vw, 640px\" src=\"data:image\/svg+xml;base64,PHN2ZyB3aWR0aD0iMSIgaGVpZ2h0PSIxIiB4bWxucz0iaHR0cDovL3d3dy53My5vcmcvMjAwMC9zdmciPjwvc3ZnPg==\" style=\"--smush-placeholder-width: 640px; --smush-placeholder-aspect-ratio: 640\/427;\" \/><\/a><\/figure>\n\n\n\n<p>La ceremonia de despegue estuvo encabezada por el ministro de Transporte, Mario Meoni, y el presidente de Aerol\u00edneas Argentinas, Pablo Ceriani.<\/p>\n\n\n\n<p>El periplo durar\u00e1 en total unas 40 horas, incluidas las cuatro durante las cuales el avi\u00f3n permanecer\u00e1 en el aeropuerto de Mosc\u00fa, mientras se realiza la carga de las dosis, indicaron fuentes de Aerol\u00edneas Argentinas.<\/p>\n\n\n\n<p>\u00abLas 300 mil dosis vendr\u00e1n en la bodega del avi\u00f3n, en unos separajes que se llaman &#8216;termobox&#8217;, fabricados por DHL que mantienen la temperatura en 18 grados bajo cero, que es la que necesita la vacuna\u00bb, explicaron los voceros.<\/p>\n\n\n\n<figure class=\"wp-block-image size-large\"><a href=\"https:\/\/i0.wp.com\/elterritorialweb.com.ar\/web\/wp-content\/uploads\/2020\/12\/AVION-A-MOSCU-1-scaled.jpg\"><img data-recalc-dims=\"1\" decoding=\"async\" width=\"640\" height=\"427\" data-src=\"https:\/\/i0.wp.com\/elterritorialweb.com.ar\/web\/wp-content\/uploads\/2020\/12\/AVION-A-MOSCU-1.jpg?resize=640%2C427\" alt=\"\" class=\"wp-image-15064 lazyload\" data-srcset=\"https:\/\/i0.wp.com\/elterritorialweb.com.ar\/web\/wp-content\/uploads\/2020\/12\/AVION-A-MOSCU-1-scaled.jpg?resize=1024%2C683&amp;ssl=1 1024w, https:\/\/i0.wp.com\/elterritorialweb.com.ar\/web\/wp-content\/uploads\/2020\/12\/AVION-A-MOSCU-1-scaled.jpg?resize=300%2C200&amp;ssl=1 300w, https:\/\/i0.wp.com\/elterritorialweb.com.ar\/web\/wp-content\/uploads\/2020\/12\/AVION-A-MOSCU-1-scaled.jpg?resize=768%2C512&amp;ssl=1 768w, https:\/\/i0.wp.com\/elterritorialweb.com.ar\/web\/wp-content\/uploads\/2020\/12\/AVION-A-MOSCU-1-scaled.jpg?resize=1536%2C1024&amp;ssl=1 1536w, https:\/\/i0.wp.com\/elterritorialweb.com.ar\/web\/wp-content\/uploads\/2020\/12\/AVION-A-MOSCU-1-scaled.jpg?resize=2048%2C1365&amp;ssl=1 2048w, https:\/\/i0.wp.com\/elterritorialweb.com.ar\/web\/wp-content\/uploads\/2020\/12\/AVION-A-MOSCU-1-scaled.jpg?resize=675%2C450&amp;ssl=1 675w, https:\/\/i0.wp.com\/elterritorialweb.com.ar\/web\/wp-content\/uploads\/2020\/12\/AVION-A-MOSCU-1-scaled.jpg?w=1280 1280w, https:\/\/i0.wp.com\/elterritorialweb.com.ar\/web\/wp-content\/uploads\/2020\/12\/AVION-A-MOSCU-1-scaled.jpg?w=1920 1920w\" data-sizes=\"(max-width: 640px) 100vw, 640px\" src=\"data:image\/svg+xml;base64,PHN2ZyB3aWR0aD0iMSIgaGVpZ2h0PSIxIiB4bWxucz0iaHR0cDovL3d3dy53My5vcmcvMjAwMC9zdmciPjwvc3ZnPg==\" style=\"--smush-placeholder-width: 640px; --smush-placeholder-aspect-ratio: 640\/427;\" \/><\/a><\/figure>\n\n\n\n<p>Ese procedimiento \u00abmantiene en esa temperatura las vacunas durante el viaje y un tiempo m\u00e1s, por alrededor de 72 horas con esa refrigeraci\u00f3n\u00bb, agregaron las fuentes.<\/p>\n","protected":false},"excerpt":{"rendered":"<p>La aeronave despeg\u00f3 a las 19.57 desde el aeropuerto de Ezeiza. El viaje, que traer\u00e1 las primeras 300 mil dosis de la Sputnik V, ser\u00e1 directo y demandar\u00e1 alrededor de 16 horas. El avi\u00f3n Airbus 330-200, est\u00e1 especialmente modificado en su interior para el transporte de las vacunas.<\/p>\n","protected":false},"author":2,"featured_media":15062,"comment_status":"open","ping_status":"open","sticky":false,"template":"","format":"standard","meta":{"om_disable_all_campaigns":false,"_monsterinsights_skip_tracking":false,"_monsterinsights_sitenote_active":false,"_monsterinsights_sitenote_note":"","_monsterinsights_sitenote_category":0,"_uf_show_specific_survey":0,"_uf_disable_surveys":false,"jetpack_post_was_ever_published":false,"_jetpack_newsletter_access":"","_jetpack_dont_email_post_to_subs":false,"_jetpack_newsletter_tier_id":0,"_jetpack_memberships_contains_paywalled_content":false,"_jetpack_memberships_contains_paid_content":false,"footnotes":"","jetpack_publicize_message":"","jetpack_publicize_feature_enabled":true,"jetpack_social_post_already_shared":false,"jetpack_social_options":{"image_generator_settings":{"template":"highway","default_image_id":0,"font":"","enabled":false},"version":2}},"categories":[7],"tags":[],"class_list":["post-15061","post","type-post","status-publish","format-standard","has-post-thumbnail","hentry","category-nacionales"],"aioseo_notices":[],"views":5,"jetpack_publicize_connections":[],"jetpack_featured_media_url":"https:\/\/i0.wp.com\/elterritorialweb.com.ar\/web\/wp-content\/uploads\/2020\/12\/AVION-A-MOSCU-2-scaled.jpg?fit=2560%2C1707&ssl=1","jetpack_sharing_enabled":true,"_links":{"self":[{"href":"https:\/\/elterritorialweb.com.ar\/web\/wp-json\/wp\/v2\/posts\/15061","targetHints":{"allow":["GET"]}}],"collection":[{"href":"https:\/\/elterritorialweb.com.ar\/web\/wp-json\/wp\/v2\/posts"}],"about":[{"href":"https:\/\/elterritorialweb.com.ar\/web\/wp-json\/wp\/v2\/types\/post"}],"author":[{"embeddable":true,"href":"https:\/\/elterritorialweb.com.ar\/web\/wp-json\/wp\/v2\/users\/2"}],"replies":[{"embeddable":true,"href":"https:\/\/elterritorialweb.com.ar\/web\/wp-json\/wp\/v2\/comments?post=15061"}],"version-history":[{"count":1,"href":"https:\/\/elterritorialweb.com.ar\/web\/wp-json\/wp\/v2\/posts\/15061\/revisions"}],"predecessor-version":[{"id":15065,"href":"https:\/\/elterritorialweb.com.ar\/web\/wp-json\/wp\/v2\/posts\/15061\/revisions\/15065"}],"wp:featuredmedia":[{"embeddable":true,"href":"https:\/\/elterritorialweb.com.ar\/web\/wp-json\/wp\/v2\/media\/15062"}],"wp:attachment":[{"href":"https:\/\/elterritorialweb.com.ar\/web\/wp-json\/wp\/v2\/media?parent=15061"}],"wp:term":[{"taxonomy":"category","embeddable":true,"href":"https:\/\/elterritorialweb.com.ar\/web\/wp-json\/wp\/v2\/categories?post=15061"},{"taxonomy":"post_tag","embeddable":true,"href":"https:\/\/elterritorialweb.com.ar\/web\/wp-json\/wp\/v2\/tags?post=15061"}],"curies":[{"name":"wp","href":"https:\/\/api.w.org\/{rel}","templated":true}]}}