{"id":15066,"date":"2020-12-23T00:58:44","date_gmt":"2020-12-23T00:58:44","guid":{"rendered":"http:\/\/elterritorialweb.com.ar\/web\/?p=15066"},"modified":"2020-12-23T00:58:44","modified_gmt":"2020-12-23T00:58:44","slug":"entregaron-herramientas-informaticas-a-los-caps","status":"publish","type":"post","link":"https:\/\/elterritorialweb.com.ar\/web\/entregaron-herramientas-informaticas-a-los-caps\/","title":{"rendered":"ENTREGARON HERRAMIENTAS INFORM\u00c1TICAS A LOS CAPS"},"content":{"rendered":"\n<p>Las tablets permitir\u00e1n registrar y geolocalizar la poblaci\u00f3n a cargo de cada centro de salud, especialmente aquellas personas con condiciones de riesgo para adaptar los servicios de salud a sus necesidades. Tambi\u00e9n ser\u00e1 muy \u00fatil para la nominalizaci\u00f3n de las personas que deben recibir la vacuna contra el COVID-19.<\/p>\n\n\n\n<p>Luego de la entrega con un sencillo acto en el patio central de la comuna, la intendente Fuentes expres\u00f3: \u201cAgradezco al Gobernador de la Provincia Dr. Gerardo Zamora y a la Ministra de Salud Lic Natividad Nassif , con quien siempre trabajamos en forma conjunta y no es la primera vez que nos visita. En esta oportunidad nos est\u00e1 dotando de equipamiento, con un concepto de trabajo articulado que se viene llevando a cabo con la provincia en la atenci\u00f3n primaria de la salud\u201d. \u201cDe esta manera, vamos a trabajar en la georeferenciaci\u00f3n con distintas problem\u00e1ticas, por ejemplo, tener un diagn\u00f3stico de personas con enfermedades cr\u00f3nicas y por ello es fundamental tenerlos registrados. Lo que antiguamente se hac\u00eda en papel hoy se podr\u00e1 informatizar con la incorporaci\u00f3n de tecnolog\u00eda\u201d, indic\u00f3 la jefa comunal.<\/p>\n\n\n\n<figure class=\"wp-block-image size-large\"><a href=\"https:\/\/i0.wp.com\/elterritorialweb.com.ar\/web\/wp-content\/uploads\/2020\/12\/MUNI-HERRAMIENTAS-CAPS-1.jpg\"><img data-recalc-dims=\"1\" decoding=\"async\" width=\"640\" height=\"426\" data-src=\"https:\/\/i0.wp.com\/elterritorialweb.com.ar\/web\/wp-content\/uploads\/2020\/12\/MUNI-HERRAMIENTAS-CAPS-1.jpg?resize=640%2C426\" alt=\"\" class=\"wp-image-15068 lazyload\" data-srcset=\"https:\/\/i0.wp.com\/elterritorialweb.com.ar\/web\/wp-content\/uploads\/2020\/12\/MUNI-HERRAMIENTAS-CAPS-1.jpg?resize=1024%2C682&amp;ssl=1 1024w, https:\/\/i0.wp.com\/elterritorialweb.com.ar\/web\/wp-content\/uploads\/2020\/12\/MUNI-HERRAMIENTAS-CAPS-1.jpg?resize=300%2C200&amp;ssl=1 300w, https:\/\/i0.wp.com\/elterritorialweb.com.ar\/web\/wp-content\/uploads\/2020\/12\/MUNI-HERRAMIENTAS-CAPS-1.jpg?resize=768%2C512&amp;ssl=1 768w, https:\/\/i0.wp.com\/elterritorialweb.com.ar\/web\/wp-content\/uploads\/2020\/12\/MUNI-HERRAMIENTAS-CAPS-1.jpg?resize=675%2C450&amp;ssl=1 675w, https:\/\/i0.wp.com\/elterritorialweb.com.ar\/web\/wp-content\/uploads\/2020\/12\/MUNI-HERRAMIENTAS-CAPS-1.jpg?w=1280&amp;ssl=1 1280w\" data-sizes=\"(max-width: 640px) 100vw, 640px\" src=\"data:image\/svg+xml;base64,PHN2ZyB3aWR0aD0iMSIgaGVpZ2h0PSIxIiB4bWxucz0iaHR0cDovL3d3dy53My5vcmcvMjAwMC9zdmciPjwvc3ZnPg==\" style=\"--smush-placeholder-width: 640px; --smush-placeholder-aspect-ratio: 640\/426;\" \/><\/a><\/figure>\n\n\n\n<p>La titular del Departamento Ejecutivo detall\u00f3 que con el Ministerio de Salud se viene trabajando \u201ccon directivas muy claras y precisas\u201d en esta situaci\u00f3n epidemiol\u00f3gica del coronavirus y en otras acciones como la prevenci\u00f3n contra el dengue en territorio, siempre fortaleciendo la tarea del personal, en este caso, que tiene contacto directo con el vecino.<\/p>\n\n\n\n<p>Por su parte, la ministra Lic. Natividad Nassif agreg\u00f3 \u201cque las tablets se adquirieron a trav\u00e9s del Programa Redes, conjuntamente con el programa Proteger y Sumar\u201d. \u201cSe pondr\u00e1 en resguardo toda la informaci\u00f3n socio-sanitaria de cada uno de los hogares identificando situaciones de riesgo sanitario en cada una de las familias a cargo de los CAPs\u201d, explic\u00f3 la funcionaria.<\/p>\n\n\n\n<p>Adem\u00e1s destac\u00f3 que la provincia contin\u00faa incorporando diversas herramientas para fortalecer el sistema sanitario y en esta oportunidad seguir trabajando con la Municipalidad de la Capital, a trav\u00e9s de los CAPS instalados en los distintos barrios.<\/p>\n\n\n\n<figure class=\"wp-block-image size-large\"><a href=\"https:\/\/i0.wp.com\/elterritorialweb.com.ar\/web\/wp-content\/uploads\/2020\/12\/MUNI-HERRAMIENTAS-CAPS-2.jpg\"><img data-recalc-dims=\"1\" decoding=\"async\" width=\"640\" height=\"426\" data-src=\"https:\/\/i0.wp.com\/elterritorialweb.com.ar\/web\/wp-content\/uploads\/2020\/12\/MUNI-HERRAMIENTAS-CAPS-2.jpg?resize=640%2C426\" alt=\"\" class=\"wp-image-15069 lazyload\" data-srcset=\"https:\/\/i0.wp.com\/elterritorialweb.com.ar\/web\/wp-content\/uploads\/2020\/12\/MUNI-HERRAMIENTAS-CAPS-2.jpg?resize=1024%2C682&amp;ssl=1 1024w, https:\/\/i0.wp.com\/elterritorialweb.com.ar\/web\/wp-content\/uploads\/2020\/12\/MUNI-HERRAMIENTAS-CAPS-2.jpg?resize=300%2C200&amp;ssl=1 300w, https:\/\/i0.wp.com\/elterritorialweb.com.ar\/web\/wp-content\/uploads\/2020\/12\/MUNI-HERRAMIENTAS-CAPS-2.jpg?resize=768%2C512&amp;ssl=1 768w, https:\/\/i0.wp.com\/elterritorialweb.com.ar\/web\/wp-content\/uploads\/2020\/12\/MUNI-HERRAMIENTAS-CAPS-2.jpg?resize=675%2C450&amp;ssl=1 675w, https:\/\/i0.wp.com\/elterritorialweb.com.ar\/web\/wp-content\/uploads\/2020\/12\/MUNI-HERRAMIENTAS-CAPS-2.jpg?w=1280&amp;ssl=1 1280w\" data-sizes=\"(max-width: 640px) 100vw, 640px\" src=\"data:image\/svg+xml;base64,PHN2ZyB3aWR0aD0iMSIgaGVpZ2h0PSIxIiB4bWxucz0iaHR0cDovL3d3dy53My5vcmcvMjAwMC9zdmciPjwvc3ZnPg==\" style=\"--smush-placeholder-width: 640px; --smush-placeholder-aspect-ratio: 640\/426;\" \/><\/a><\/figure>\n\n\n\n<p>El <strong>Programa Redes Santiago del Estero<\/strong> tiene como objetivo promover el acceso de la poblaci\u00f3n a la prevenci\u00f3n y el control de las Enfermedades cr\u00f3nicas no transmisibles (Diabetes, hipertensi\u00f3n, enfermedades cardiovasculares, etc.) fortaleciendo una red para la identificaci\u00f3n y asignaci\u00f3n de la persona al centro de salud, el acceso a los an\u00e1lisis de laboratorio, consulta m\u00e9dica, consulta a especialistas, estudios complementarios, etc.<\/p>\n","protected":false},"excerpt":{"rendered":"<p>La Intendente de la ciudad Ing. Norma Fuentes junto a la Ministra de Salud Provincial Lic. Natividad Nassif y la Dra. Laura Guevel coordinadora del programa Redes hicieron entrega de herramientas inform\u00e1ticas para los Centros de Atenci\u00f3n Primaria de la Salud (Caps) y el Centro de Atenci\u00f3n Comunitaria.<\/p>\n","protected":false},"author":2,"featured_media":15067,"comment_status":"open","ping_status":"open","sticky":false,"template":"","format":"standard","meta":{"om_disable_all_campaigns":false,"_monsterinsights_skip_tracking":false,"_monsterinsights_sitenote_active":false,"_monsterinsights_sitenote_note":"","_monsterinsights_sitenote_category":0,"_uf_show_specific_survey":0,"_uf_disable_surveys":false,"jetpack_post_was_ever_published":false,"_jetpack_newsletter_access":"","_jetpack_dont_email_post_to_subs":false,"_jetpack_newsletter_tier_id":0,"_jetpack_memberships_contains_paywalled_content":false,"_jetpack_memberships_contains_paid_content":false,"footnotes":"","jetpack_publicize_message":"","jetpack_publicize_feature_enabled":true,"jetpack_social_post_already_shared":false,"jetpack_social_options":{"image_generator_settings":{"template":"highway","default_image_id":0,"font":"","enabled":false},"version":2}},"categories":[3],"tags":[],"class_list":["post-15066","post","type-post","status-publish","format-standard","has-post-thumbnail","hentry","category-salud"],"aioseo_notices":[],"views":3,"jetpack_publicize_connections":[],"jetpack_featured_media_url":"https:\/\/i0.wp.com\/elterritorialweb.com.ar\/web\/wp-content\/uploads\/2020\/12\/MUNI-HERRAMIENTAS-CAPS.jpg?fit=593%2C395&ssl=1","jetpack_sharing_enabled":true,"_links":{"self":[{"href":"https:\/\/elterritorialweb.com.ar\/web\/wp-json\/wp\/v2\/posts\/15066","targetHints":{"allow":["GET"]}}],"collection":[{"href":"https:\/\/elterritorialweb.com.ar\/web\/wp-json\/wp\/v2\/posts"}],"about":[{"href":"https:\/\/elterritorialweb.com.ar\/web\/wp-json\/wp\/v2\/types\/post"}],"author":[{"embeddable":true,"href":"https:\/\/elterritorialweb.com.ar\/web\/wp-json\/wp\/v2\/users\/2"}],"replies":[{"embeddable":true,"href":"https:\/\/elterritorialweb.com.ar\/web\/wp-json\/wp\/v2\/comments?post=15066"}],"version-history":[{"count":1,"href":"https:\/\/elterritorialweb.com.ar\/web\/wp-json\/wp\/v2\/posts\/15066\/revisions"}],"predecessor-version":[{"id":15070,"href":"https:\/\/elterritorialweb.com.ar\/web\/wp-json\/wp\/v2\/posts\/15066\/revisions\/15070"}],"wp:featuredmedia":[{"embeddable":true,"href":"https:\/\/elterritorialweb.com.ar\/web\/wp-json\/wp\/v2\/media\/15067"}],"wp:attachment":[{"href":"https:\/\/elterritorialweb.com.ar\/web\/wp-json\/wp\/v2\/media?parent=15066"}],"wp:term":[{"taxonomy":"category","embeddable":true,"href":"https:\/\/elterritorialweb.com.ar\/web\/wp-json\/wp\/v2\/categories?post=15066"},{"taxonomy":"post_tag","embeddable":true,"href":"https:\/\/elterritorialweb.com.ar\/web\/wp-json\/wp\/v2\/tags?post=15066"}],"curies":[{"name":"wp","href":"https:\/\/api.w.org\/{rel}","templated":true}]}}