{"id":15071,"date":"2020-12-23T01:06:40","date_gmt":"2020-12-23T01:06:40","guid":{"rendered":"http:\/\/elterritorialweb.com.ar\/web\/?p=15071"},"modified":"2020-12-23T01:07:05","modified_gmt":"2020-12-23T01:07:05","slug":"el-gabinete-economico-raifico-la-continuidad-del-repro-en-2021","status":"publish","type":"post","link":"https:\/\/elterritorialweb.com.ar\/web\/el-gabinete-economico-raifico-la-continuidad-del-repro-en-2021\/","title":{"rendered":"EL GABINETE ECON\u00d3MICO RATIFIC\u00d3 LA CONTINUIDAD DEL REPRO EN 2021"},"content":{"rendered":"\n<p> En ese sentido, se repasaron los resultados de la implementaci\u00f3n del Programa de Recuperaci\u00f3n Productiva (REPRO), cuya vigencia fue ratificada de cara al a\u00f1o pr\u00f3ximo.<\/p>\n\n\n\n<p>La reuni\u00f3n estuvo encabezada por el ministro de Econom\u00eda, Mart\u00edn Guzm\u00e1n y participaron la vicejefa de Gabinete, Cecilia Todesca Bocco; los titulares de Desarrollo Productivo, Mat\u00edas Kulfas; Trabajo, Empleo y Seguridad Social, Claudio Moroni; el presidente del BCRA, Miguel Pesce; la titular de la AFIP, Mercedes Marc\u00f3 del Pont; el secretario de Hacienda, Ra\u00fal Rigo, y la jefa de Gabinete del Ministerio de Econom\u00eda, Melina Mallamace.<\/p>\n\n\n\n<p>Durante el encuentro, los funcionarios repasaron los resultados de las medidas COVID y discutieron los resultados de la implementaci\u00f3n del Programa de Recuperaci\u00f3n Productiva (REPRO III), al tiempo que ratificaron su continuidad en 2021 para atender a los sectores cr\u00edticos afectados por la pandemia.<\/p>\n\n\n\n<figure class=\"wp-block-image size-large\"><a href=\"https:\/\/i0.wp.com\/elterritorialweb.com.ar\/web\/wp-content\/uploads\/2020\/12\/GABINETE-ECONOMICO-1.jpeg\"><img data-recalc-dims=\"1\" decoding=\"async\" width=\"640\" height=\"427\" data-src=\"https:\/\/i0.wp.com\/elterritorialweb.com.ar\/web\/wp-content\/uploads\/2020\/12\/GABINETE-ECONOMICO-1.jpeg?resize=640%2C427\" alt=\"\" class=\"wp-image-15073 lazyload\" data-srcset=\"https:\/\/i0.wp.com\/elterritorialweb.com.ar\/web\/wp-content\/uploads\/2020\/12\/GABINETE-ECONOMICO-1.jpeg?resize=1024%2C683&amp;ssl=1 1024w, https:\/\/i0.wp.com\/elterritorialweb.com.ar\/web\/wp-content\/uploads\/2020\/12\/GABINETE-ECONOMICO-1.jpeg?resize=300%2C200&amp;ssl=1 300w, https:\/\/i0.wp.com\/elterritorialweb.com.ar\/web\/wp-content\/uploads\/2020\/12\/GABINETE-ECONOMICO-1.jpeg?resize=768%2C512&amp;ssl=1 768w, https:\/\/i0.wp.com\/elterritorialweb.com.ar\/web\/wp-content\/uploads\/2020\/12\/GABINETE-ECONOMICO-1.jpeg?resize=675%2C450&amp;ssl=1 675w, https:\/\/i0.wp.com\/elterritorialweb.com.ar\/web\/wp-content\/uploads\/2020\/12\/GABINETE-ECONOMICO-1.jpeg?w=1280&amp;ssl=1 1280w\" data-sizes=\"(max-width: 640px) 100vw, 640px\" src=\"data:image\/svg+xml;base64,PHN2ZyB3aWR0aD0iMSIgaGVpZ2h0PSIxIiB4bWxucz0iaHR0cDovL3d3dy53My5vcmcvMjAwMC9zdmciPjwvc3ZnPg==\" style=\"--smush-placeholder-width: 640px; --smush-placeholder-aspect-ratio: 640\/427;\" \/><\/a><\/figure>\n\n\n\n<p>En la edici\u00f3n del REPRO correspondiente al mes de noviembre accedieron al beneficio 2453 empresas, con una n\u00f3mina salarial de m\u00e1s de 83.882 trabajadores, con una inversi\u00f3n por parte del Estado de $ 751.112.192.<\/p>\n\n\n\n<p>Este programa, permite que las empresas accedan a una suma fija mensual de $9.000 pesos por trabajador\/a, por dos meses. Para acceder a esta asistencia, las empresas son evaluadas de forma m\u00e1s exhaustiva a trav\u00e9s del seguimiento de un conjunto de datos b\u00e1sicos referidos a su liquidez, patrimonio y otras variables que ser\u00e1n evaluadas por el Ministerio de Trabajo como condici\u00f3n para el acceso al beneficio.<\/p>\n\n\n\n<p>Por su parte, en el caso de Personas Humanas, asociaciones civiles y toda otra persona no obligada a presentar balance el REPRO III prev\u00e9 una planilla electr\u00f3nica especial que deber\u00e1 ser completada por las y los interesados con indicadores econ\u00f3micos, patrimoniales y financieros y declaraci\u00f3n jurada del contador interviniente.<\/p>\n","protected":false},"excerpt":{"rendered":"<p>El gabinete econ\u00f3mico se reuni\u00f3 en el sal\u00f3n Belgrano del Palacio de Hacienda, donde se hizo un balance del impacto de las medidas adoptadas en el marco de la pandemia del COVID 19 y las perspectivas de las pol\u00edticas dise\u00f1adas de cara al 2021, en un contexto de recuperaci\u00f3n paulatina del nivel de actividad.<\/p>\n","protected":false},"author":2,"featured_media":15072,"comment_status":"open","ping_status":"open","sticky":false,"template":"","format":"standard","meta":{"om_disable_all_campaigns":false,"_monsterinsights_skip_tracking":false,"_monsterinsights_sitenote_active":false,"_monsterinsights_sitenote_note":"","_monsterinsights_sitenote_category":0,"_uf_show_specific_survey":0,"_uf_disable_surveys":false,"jetpack_post_was_ever_published":false,"_jetpack_newsletter_access":"","_jetpack_dont_email_post_to_subs":false,"_jetpack_newsletter_tier_id":0,"_jetpack_memberships_contains_paywalled_content":false,"_jetpack_memberships_contains_paid_content":false,"footnotes":"","jetpack_publicize_message":"","jetpack_publicize_feature_enabled":true,"jetpack_social_post_already_shared":false,"jetpack_social_options":{"image_generator_settings":{"template":"highway","default_image_id":0,"font":"","enabled":false},"version":2}},"categories":[2],"tags":[],"class_list":["post-15071","post","type-post","status-publish","format-standard","has-post-thumbnail","hentry","category-economia"],"aioseo_notices":[],"views":16,"jetpack_publicize_connections":[],"jetpack_featured_media_url":"https:\/\/i0.wp.com\/elterritorialweb.com.ar\/web\/wp-content\/uploads\/2020\/12\/GABINETE-ECONOMICO.jpeg?fit=1280%2C854&ssl=1","jetpack_sharing_enabled":true,"_links":{"self":[{"href":"https:\/\/elterritorialweb.com.ar\/web\/wp-json\/wp\/v2\/posts\/15071","targetHints":{"allow":["GET"]}}],"collection":[{"href":"https:\/\/elterritorialweb.com.ar\/web\/wp-json\/wp\/v2\/posts"}],"about":[{"href":"https:\/\/elterritorialweb.com.ar\/web\/wp-json\/wp\/v2\/types\/post"}],"author":[{"embeddable":true,"href":"https:\/\/elterritorialweb.com.ar\/web\/wp-json\/wp\/v2\/users\/2"}],"replies":[{"embeddable":true,"href":"https:\/\/elterritorialweb.com.ar\/web\/wp-json\/wp\/v2\/comments?post=15071"}],"version-history":[{"count":2,"href":"https:\/\/elterritorialweb.com.ar\/web\/wp-json\/wp\/v2\/posts\/15071\/revisions"}],"predecessor-version":[{"id":15075,"href":"https:\/\/elterritorialweb.com.ar\/web\/wp-json\/wp\/v2\/posts\/15071\/revisions\/15075"}],"wp:featuredmedia":[{"embeddable":true,"href":"https:\/\/elterritorialweb.com.ar\/web\/wp-json\/wp\/v2\/media\/15072"}],"wp:attachment":[{"href":"https:\/\/elterritorialweb.com.ar\/web\/wp-json\/wp\/v2\/media?parent=15071"}],"wp:term":[{"taxonomy":"category","embeddable":true,"href":"https:\/\/elterritorialweb.com.ar\/web\/wp-json\/wp\/v2\/categories?post=15071"},{"taxonomy":"post_tag","embeddable":true,"href":"https:\/\/elterritorialweb.com.ar\/web\/wp-json\/wp\/v2\/tags?post=15071"}],"curies":[{"name":"wp","href":"https:\/\/api.w.org\/{rel}","templated":true}]}}