{"id":15083,"date":"2020-12-23T02:54:40","date_gmt":"2020-12-23T02:54:40","guid":{"rendered":"http:\/\/elterritorialweb.com.ar\/web\/?p=15083"},"modified":"2020-12-23T02:55:10","modified_gmt":"2020-12-23T02:55:10","slug":"maradona-no-tenia-alcohol-ni-drogas-ilegales-en-su-cuerpo-cuando-fallecio","status":"publish","type":"post","link":"https:\/\/elterritorialweb.com.ar\/web\/maradona-no-tenia-alcohol-ni-drogas-ilegales-en-su-cuerpo-cuando-fallecio\/","title":{"rendered":"MARADONA NO TEN\u00cdA ALCOHOL NI DROGAS ILEGALES EN SU CUERPO CUANDO FALLECI\u00d3"},"content":{"rendered":"\n<p>Los an\u00e1lisis que los peritos de la Polic\u00eda Cient\u00edfica hicieron sobre la sangre y orina del astro del f\u00fatbol descartaron esas sustancias.<\/p>\n\n\n\n<p>Diego Armando Maradona no ten\u00eda alcohol ni drogas ilegales en su organismo cuando falleci\u00f3 el pasado 25 de noviembre en un country de Tigre, seg\u00fan los estudios toxicol\u00f3gicos que s\u00ed detectaron la presencia de psicof\u00e1rmacos, informaron fuentes judiciales y de la investigaci\u00f3n.<\/p>\n\n\n\n<p>Los an\u00e1lisis que los peritos de la Polic\u00eda Cient\u00edfica hicieron sobre la sangre y orina del exfutbolista y que le entregaron al equipo de fiscales de San Isidro que investiga las circunstancias de la muerte del \u00ab10\u00bb, arrojaron resultados negativos en alcohol y estupefacientes, pero positivos en \u00abvenlafaxina, quetiapina, levetiracetam y naltrexona\u00bb.<\/p>\n\n\n\n<p><strong>Fuentes de la investigaci\u00f3n indicaron que algunos de los psicof\u00e1rmacos encontrados son \u00abarritmog\u00e9nicos\u00bb, es decir que producen arritmia, algo que ahora los peritos y los fiscales deber\u00e1n analizar para ver si eran convenientes para un paciente con una cardiopat\u00eda cr\u00f3nica<\/strong>\u00a0como la que padec\u00eda el ex DT de Gimnasia.<\/p>\n\n\n\n<p>Fuentes m\u00e9dicas vinculadas al expediente explicaron que l<strong>a venlafaxina es una droga antidepresiva que se utilizan para tratar trastornos de ansiedad; la quetiapina es un antispic\u00f3tico tambi\u00e9n usado para cuadros de depresi\u00f3n grave y algunas adicciones; y el levetiracetam es un antiepil\u00e9ptico que act\u00faa sobre el sistema nervioso central y puede producir somnolencia y disminuci\u00f3n de la capacidad de reacci\u00f3n<\/strong>.<\/p>\n\n\n\n<p><strong>La naltrexona bloquea el efecto de los medicamentos opi\u00e1ceos y se usa para evitar la abstinencia al alcohol<\/strong>.<\/p>\n\n\n\n<p>Estos son los resultados de los estudios complementarios a la autopsia que se iniciaron el pasado 2 de diciembre en los laboratorios de la Superintendencia de Polic\u00eda Cient\u00edfica en La Plata.<\/p>\n\n\n\n<p>All\u00ed se analizaron muestras de sangre, orina e hisopados nasales para toxicol\u00f3gicos, pero tambi\u00e9n se hicieron estudios histopatol\u00f3gicos, que son aquellos que analizan en forma microsc\u00f3pica los \u00f3rganos y tejidos, entre ellos, el coraz\u00f3n de Maradona, que fue extra\u00eddo en forma completa y, de acuerdo con lo que observaron los m\u00e9dicos forenses, padec\u00eda de una \u00abmiocardiopat\u00eda dilatada\u00bb y pesaba 503 gramos, cerca del doble que uno normal.<\/p>\n","protected":false},"excerpt":{"rendered":"<p>Pero fueron positivos en \u00abvenlafaxina, quetiapina, levetiracetam y naltrexona\u00bb.<\/p>\n","protected":false},"author":2,"featured_media":12472,"comment_status":"open","ping_status":"open","sticky":false,"template":"","format":"standard","meta":{"om_disable_all_campaigns":false,"_monsterinsights_skip_tracking":false,"_monsterinsights_sitenote_active":false,"_monsterinsights_sitenote_note":"","_monsterinsights_sitenote_category":0,"_uf_show_specific_survey":0,"_uf_disable_surveys":false,"jetpack_post_was_ever_published":false,"_jetpack_newsletter_access":"","_jetpack_dont_email_post_to_subs":false,"_jetpack_newsletter_tier_id":0,"_jetpack_memberships_contains_paywalled_content":false,"_jetpack_memberships_contains_paid_content":false,"footnotes":"","jetpack_publicize_message":"","jetpack_publicize_feature_enabled":true,"jetpack_social_post_already_shared":false,"jetpack_social_options":{"image_generator_settings":{"template":"highway","default_image_id":0,"font":"","enabled":false},"version":2}},"categories":[7],"tags":[],"class_list":["post-15083","post","type-post","status-publish","format-standard","has-post-thumbnail","hentry","category-nacionales"],"aioseo_notices":[],"views":5,"jetpack_publicize_connections":[],"jetpack_featured_media_url":"https:\/\/i0.wp.com\/elterritorialweb.com.ar\/web\/wp-content\/uploads\/2020\/10\/MARADONA-AISLADO.jpg?fit=600%2C365&ssl=1","jetpack_sharing_enabled":true,"_links":{"self":[{"href":"https:\/\/elterritorialweb.com.ar\/web\/wp-json\/wp\/v2\/posts\/15083","targetHints":{"allow":["GET"]}}],"collection":[{"href":"https:\/\/elterritorialweb.com.ar\/web\/wp-json\/wp\/v2\/posts"}],"about":[{"href":"https:\/\/elterritorialweb.com.ar\/web\/wp-json\/wp\/v2\/types\/post"}],"author":[{"embeddable":true,"href":"https:\/\/elterritorialweb.com.ar\/web\/wp-json\/wp\/v2\/users\/2"}],"replies":[{"embeddable":true,"href":"https:\/\/elterritorialweb.com.ar\/web\/wp-json\/wp\/v2\/comments?post=15083"}],"version-history":[{"count":2,"href":"https:\/\/elterritorialweb.com.ar\/web\/wp-json\/wp\/v2\/posts\/15083\/revisions"}],"predecessor-version":[{"id":15085,"href":"https:\/\/elterritorialweb.com.ar\/web\/wp-json\/wp\/v2\/posts\/15083\/revisions\/15085"}],"wp:featuredmedia":[{"embeddable":true,"href":"https:\/\/elterritorialweb.com.ar\/web\/wp-json\/wp\/v2\/media\/12472"}],"wp:attachment":[{"href":"https:\/\/elterritorialweb.com.ar\/web\/wp-json\/wp\/v2\/media?parent=15083"}],"wp:term":[{"taxonomy":"category","embeddable":true,"href":"https:\/\/elterritorialweb.com.ar\/web\/wp-json\/wp\/v2\/categories?post=15083"},{"taxonomy":"post_tag","embeddable":true,"href":"https:\/\/elterritorialweb.com.ar\/web\/wp-json\/wp\/v2\/tags?post=15083"}],"curies":[{"name":"wp","href":"https:\/\/api.w.org\/{rel}","templated":true}]}}