{"id":15086,"date":"2020-12-23T03:03:44","date_gmt":"2020-12-23T03:03:44","guid":{"rendered":"http:\/\/elterritorialweb.com.ar\/web\/?p=15086"},"modified":"2020-12-23T03:05:56","modified_gmt":"2020-12-23T03:05:56","slug":"anahi-figueredo-campeonal-nacional-de-fisicoculturismo-physique-woman","status":"publish","type":"post","link":"https:\/\/elterritorialweb.com.ar\/web\/anahi-figueredo-campeonal-nacional-de-fisicoculturismo-physique-woman\/","title":{"rendered":"ANAH\u00cd FIGUEREDO SE CONSAGR\u00d3 CAMPEONA NACIONAL DE F\u00cdSICOCULTURISMO \u00abPHYSIQUE WOMAN\u00bb"},"content":{"rendered":"\n<p>Con el n\u00famero 20 como participante, se present\u00f3 luego de meses sin poder asistir a torneos ni siquiera a entrenos. El cambio de rutina le provoc\u00f3 incluso el ascenso de unos 10 de kilos sobre su peso de competencia. Sin descanso, en las \u00faltimas semanas retom\u00f3 la actividad para conseguir entrar a la competencia m\u00e1s importante a nivel nacional.<\/p>\n\n\n\n<figure class=\"wp-block-image size-large\"><a href=\"https:\/\/i0.wp.com\/elterritorialweb.com.ar\/web\/wp-content\/uploads\/2020\/12\/ANahi1..jpg\"><img data-recalc-dims=\"1\" decoding=\"async\" width=\"526\" height=\"701\" data-src=\"https:\/\/i0.wp.com\/elterritorialweb.com.ar\/web\/wp-content\/uploads\/2020\/12\/ANahi1..jpg?resize=526%2C701\" alt=\"\" class=\"wp-image-15091 lazyload\" data-srcset=\"https:\/\/i0.wp.com\/elterritorialweb.com.ar\/web\/wp-content\/uploads\/2020\/12\/ANahi1..jpg?w=526&amp;ssl=1 526w, https:\/\/i0.wp.com\/elterritorialweb.com.ar\/web\/wp-content\/uploads\/2020\/12\/ANahi1..jpg?resize=225%2C300&amp;ssl=1 225w\" data-sizes=\"(max-width: 526px) 100vw, 526px\" src=\"data:image\/svg+xml;base64,PHN2ZyB3aWR0aD0iMSIgaGVpZ2h0PSIxIiB4bWxucz0iaHR0cDovL3d3dy53My5vcmcvMjAwMC9zdmciPjwvc3ZnPg==\" style=\"--smush-placeholder-width: 526px; --smush-placeholder-aspect-ratio: 526\/701;\" \/><\/a><\/figure>\n\n\n\n<p>Hace&nbsp;<strong>ocho a\u00f1os&nbsp;<\/strong>dedica su vida plenamente al fisicoculturismo tras un grave accidente de tr\u00e1nsito que la dej\u00f3 en coma durante varios meses. Los m\u00e9dicos llegaron a decirle que no ten\u00eda esperanzas de vida.<\/p>\n\n\n\n<p>Con m\u00e1s de&nbsp;<strong>veinte operaciones<\/strong>&nbsp;y el apoyo de sus hijos, pudo sobreponerse y ser hoy la representante santiague\u00f1a m\u00e1s destacada en su categor\u00eda.<\/p>\n","protected":false},"excerpt":{"rendered":"<p>La deportista de 38 a\u00f1os, madre de tres hijos y oriunda de la ciudad de A\u00f1atuya, se consagr\u00f3 campeona del torneo nacional de fisicoculturismo realizado en Villa Carlos Paz, provincia de C\u00f3rdoba, el pasado 19 de diciembre.<\/p>\n","protected":false},"author":2,"featured_media":15089,"comment_status":"open","ping_status":"open","sticky":false,"template":"","format":"standard","meta":{"om_disable_all_campaigns":false,"_monsterinsights_skip_tracking":false,"_monsterinsights_sitenote_active":false,"_monsterinsights_sitenote_note":"","_monsterinsights_sitenote_category":0,"_uf_show_specific_survey":0,"_uf_disable_surveys":false,"jetpack_post_was_ever_published":false,"_jetpack_newsletter_access":"","_jetpack_dont_email_post_to_subs":false,"_jetpack_newsletter_tier_id":0,"_jetpack_memberships_contains_paywalled_content":false,"_jetpack_memberships_contains_paid_content":false,"footnotes":"","jetpack_publicize_message":"","jetpack_publicize_feature_enabled":true,"jetpack_social_post_already_shared":false,"jetpack_social_options":{"image_generator_settings":{"template":"highway","default_image_id":0,"font":"","enabled":false},"version":2}},"categories":[6],"tags":[],"class_list":["post-15086","post","type-post","status-publish","format-standard","has-post-thumbnail","hentry","category-deportes"],"aioseo_notices":[],"views":101,"jetpack_publicize_connections":[],"jetpack_featured_media_url":"https:\/\/i0.wp.com\/elterritorialweb.com.ar\/web\/wp-content\/uploads\/2020\/12\/Anahi2.-2.jpeg?fit=853%2C1280&ssl=1","jetpack_sharing_enabled":true,"_links":{"self":[{"href":"https:\/\/elterritorialweb.com.ar\/web\/wp-json\/wp\/v2\/posts\/15086","targetHints":{"allow":["GET"]}}],"collection":[{"href":"https:\/\/elterritorialweb.com.ar\/web\/wp-json\/wp\/v2\/posts"}],"about":[{"href":"https:\/\/elterritorialweb.com.ar\/web\/wp-json\/wp\/v2\/types\/post"}],"author":[{"embeddable":true,"href":"https:\/\/elterritorialweb.com.ar\/web\/wp-json\/wp\/v2\/users\/2"}],"replies":[{"embeddable":true,"href":"https:\/\/elterritorialweb.com.ar\/web\/wp-json\/wp\/v2\/comments?post=15086"}],"version-history":[{"count":3,"href":"https:\/\/elterritorialweb.com.ar\/web\/wp-json\/wp\/v2\/posts\/15086\/revisions"}],"predecessor-version":[{"id":15096,"href":"https:\/\/elterritorialweb.com.ar\/web\/wp-json\/wp\/v2\/posts\/15086\/revisions\/15096"}],"wp:featuredmedia":[{"embeddable":true,"href":"https:\/\/elterritorialweb.com.ar\/web\/wp-json\/wp\/v2\/media\/15089"}],"wp:attachment":[{"href":"https:\/\/elterritorialweb.com.ar\/web\/wp-json\/wp\/v2\/media?parent=15086"}],"wp:term":[{"taxonomy":"category","embeddable":true,"href":"https:\/\/elterritorialweb.com.ar\/web\/wp-json\/wp\/v2\/categories?post=15086"},{"taxonomy":"post_tag","embeddable":true,"href":"https:\/\/elterritorialweb.com.ar\/web\/wp-json\/wp\/v2\/tags?post=15086"}],"curies":[{"name":"wp","href":"https:\/\/api.w.org\/{rel}","templated":true}]}}