{"id":15107,"date":"2020-12-24T03:24:11","date_gmt":"2020-12-24T03:24:11","guid":{"rendered":"http:\/\/elterritorialweb.com.ar\/web\/?p=15107"},"modified":"2020-12-24T03:24:13","modified_gmt":"2020-12-24T03:24:13","slug":"la-ministra-de-salud-provincial-entrego-equipamiento-a-hospitales","status":"publish","type":"post","link":"https:\/\/elterritorialweb.com.ar\/web\/la-ministra-de-salud-provincial-entrego-equipamiento-a-hospitales\/","title":{"rendered":"LA MINISTRA DE SALUD PROVINCIAL ENTREG\u00d3 EQUIPAMIENTO A HOSPITALES"},"content":{"rendered":"\n<p>En un sencillo acto, el equipamiento fue entregado a las autoridades de los Hospitales Independencia, <strong>Dra. Andrea Dorado<\/strong>; Neumonol\u00f3gico, <strong>Dr. Walter Isa<\/strong>; Centro de Salud Mama Antula,<strong> Dra. M\u00f3nica Salvatierra<\/strong> y del Hospital Zonal de Fr\u00edas <strong>Dr. Gustavo Yorbandi.<\/strong><\/p>\n\n\n\n<p>La Lic. <strong>Natividad Nassif <\/strong>se refiri\u00f3 a la entrega y asegur\u00f3 que<em> \u201ces equipamiento fundamental y necesario para brindar oportunidad y calidad en la atenci\u00f3n de la salud a la comunidad\u201d <\/em>y <strong>destac\u00f3 la decisi\u00f3n del gobernador Dr. Gerardo Zamora, en fortalecer permanentemente las inversiones en materia de salud p\u00fablica.<\/strong><\/p>\n\n\n\n<p>Por su parte, la <strong>Doctora M\u00f3nica Salvatierra<\/strong>, directora del Centro de Salud Mama Antula agradeci\u00f3 por el equipamiento brindado: <em>\u201cel centro posee un equipo de rayos fijo pero es necesario el port\u00e1til, ya que los pacientes que se encuentran en respirador es dif\u00edcil trasladarlos a la sala donde se realizan com\u00fanmente los rayos\u201d<\/em>. <\/p>\n\n\n\n<p>Asimismo, el <strong>Doctor Yorbandi,<\/strong> director del Hospital Zonal de Fr\u00edas, agreg\u00f3 <em>\u201cpara nosotros implica un salto de calidad con respecto a todos los servicios; esto es producto de una administraci\u00f3n provincial que permite llegar con toda la aparatolog\u00eda a cada sector de la provincia\u201d.<\/em><a href=\"https:\/\/www.facebook.com\/prensacasadegobiernosantiago\/photos\/a.1462909460504887\/3389628794499601\/?__cft__[0]=AZVtrWkVG4AtvOj8THfx-qbXQ0mk_gGIpLRPDPXgqy4fFII061sPFaozfdrH2PQ_K5nmH8mDdi49iSjwX04tlglzN1Um1vVvLrODOY7cF7LRjDAAbjohViN9qjHY7fj6DvVzab9-H7QWovsb2Zmau46c&amp;__tn__=EH-R\"><\/a><\/p>\n","protected":false},"excerpt":{"rendered":"<p>La ministra de Salud de la provincia, Lic. Natividad Nassif acompa\u00f1ada por el Director de Atenci\u00f3n M\u00e9dica, Dr. Oscar Gallardo, entreg\u00f3 equipos port\u00e1tiles de Rayos X para ampliar y optimizar la capacidad de diagn\u00f3stico por im\u00e1genes en los centros de salud, especialmente para pacientes internados en grave estado. <\/p>\n","protected":false},"author":2,"featured_media":15108,"comment_status":"open","ping_status":"open","sticky":false,"template":"","format":"standard","meta":{"om_disable_all_campaigns":false,"_monsterinsights_skip_tracking":false,"_monsterinsights_sitenote_active":false,"_monsterinsights_sitenote_note":"","_monsterinsights_sitenote_category":0,"_uf_show_specific_survey":0,"_uf_disable_surveys":false,"jetpack_post_was_ever_published":false,"_jetpack_newsletter_access":"","_jetpack_dont_email_post_to_subs":false,"_jetpack_newsletter_tier_id":0,"_jetpack_memberships_contains_paywalled_content":false,"_jetpack_memberships_contains_paid_content":false,"footnotes":"","jetpack_publicize_message":"","jetpack_publicize_feature_enabled":true,"jetpack_social_post_already_shared":false,"jetpack_social_options":{"image_generator_settings":{"template":"highway","default_image_id":0,"font":"","enabled":false},"version":2}},"categories":[3],"tags":[],"class_list":["post-15107","post","type-post","status-publish","format-standard","has-post-thumbnail","hentry","category-salud"],"aioseo_notices":[],"views":6,"jetpack_publicize_connections":[],"jetpack_featured_media_url":"https:\/\/i0.wp.com\/elterritorialweb.com.ar\/web\/wp-content\/uploads\/2020\/12\/SALUD-ENTREGA-DE-EQIUPAMIENTO-A-HOSPITALES.jpg?fit=1280%2C853&ssl=1","jetpack_sharing_enabled":true,"_links":{"self":[{"href":"https:\/\/elterritorialweb.com.ar\/web\/wp-json\/wp\/v2\/posts\/15107","targetHints":{"allow":["GET"]}}],"collection":[{"href":"https:\/\/elterritorialweb.com.ar\/web\/wp-json\/wp\/v2\/posts"}],"about":[{"href":"https:\/\/elterritorialweb.com.ar\/web\/wp-json\/wp\/v2\/types\/post"}],"author":[{"embeddable":true,"href":"https:\/\/elterritorialweb.com.ar\/web\/wp-json\/wp\/v2\/users\/2"}],"replies":[{"embeddable":true,"href":"https:\/\/elterritorialweb.com.ar\/web\/wp-json\/wp\/v2\/comments?post=15107"}],"version-history":[{"count":1,"href":"https:\/\/elterritorialweb.com.ar\/web\/wp-json\/wp\/v2\/posts\/15107\/revisions"}],"predecessor-version":[{"id":15109,"href":"https:\/\/elterritorialweb.com.ar\/web\/wp-json\/wp\/v2\/posts\/15107\/revisions\/15109"}],"wp:featuredmedia":[{"embeddable":true,"href":"https:\/\/elterritorialweb.com.ar\/web\/wp-json\/wp\/v2\/media\/15108"}],"wp:attachment":[{"href":"https:\/\/elterritorialweb.com.ar\/web\/wp-json\/wp\/v2\/media?parent=15107"}],"wp:term":[{"taxonomy":"category","embeddable":true,"href":"https:\/\/elterritorialweb.com.ar\/web\/wp-json\/wp\/v2\/categories?post=15107"},{"taxonomy":"post_tag","embeddable":true,"href":"https:\/\/elterritorialweb.com.ar\/web\/wp-json\/wp\/v2\/tags?post=15107"}],"curies":[{"name":"wp","href":"https:\/\/api.w.org\/{rel}","templated":true}]}}