{"id":15122,"date":"2020-12-24T04:08:45","date_gmt":"2020-12-24T04:08:45","guid":{"rendered":"http:\/\/elterritorialweb.com.ar\/web\/?p=15122"},"modified":"2020-12-24T04:08:46","modified_gmt":"2020-12-24T04:08:46","slug":"alberto-fernandez-encabezo-una-nueva-renion-con-el-comite-de-vacunacion","status":"publish","type":"post","link":"https:\/\/elterritorialweb.com.ar\/web\/alberto-fernandez-encabezo-una-nueva-renion-con-el-comite-de-vacunacion\/","title":{"rendered":"ALBERTO FERNANDEZ ENCABEZ\u00d3 UNA NUEVA  RENI\u00d3N CON EL COMIT\u00c9 DE VACUNACI\u00d3N"},"content":{"rendered":"\n<p>El ministro de Salud, Gin\u00e9s Gonz\u00e1lez Garc\u00eda fue el encargado de explicar en detalle c\u00f3mo ser\u00e1 el Operativo Nacional de Vacunaci\u00f3n, esto es, la planificaci\u00f3n con una estrategia federal, coordinada e integral, que abarcar\u00e1 a las 24 jurisdicciones, con siete componentes b\u00e1sicos: poblaci\u00f3n objetivo, puntos de vacunaci\u00f3n, equipos de vacunaci\u00f3n, cadena de fr\u00edo, sistema inform\u00e1tico de registro, comunicaci\u00f3n y movilizaci\u00f3n social y aspectos regulatorios de la campa\u00f1a.<\/p>\n\n\n\n<p>El Gobierno nacional aportar\u00e1 m\u00e1s de 51 millones de dosis, lo que representa la mayor campa\u00f1a de vacunaci\u00f3n de la historia en nuestro pa\u00eds, y que implicar\u00e1 el trabajo de 116 mil integrantes de los equipos de vacunaci\u00f3n, entre vacunadores y personal de apoyo, y 7.749 establecimientos de salud acondicionados para vacunar, adem\u00e1s de 10 mil voluntarios que se sumar\u00e1n a trav\u00e9s del Programa Activar.<\/p>\n\n\n\n<p>El abordaje interministerial implicar\u00e1 el aporte de los ministerios de Seguridad, Salud, Defensa, Desarrollo Social, Educaci\u00f3n e Interior, con log\u00edstica y recursos humanos, adem\u00e1s de la disposici\u00f3n de todo el Gobierno para esta campa\u00f1a de vacunaci\u00f3n.<\/p>\n\n\n\n<p>En la reuni\u00f3n, se planific\u00f3 adem\u00e1s c\u00f3mo ser\u00e1 el Operativo desde la llegada ma\u00f1ana desde Rusia de las primeras 300 mil dosis \u2013destinada a personal de salud de riesgo-, hasta el traslado a los centros de distribuci\u00f3n de cada provincia y posteriormente a los centros de salud indicados.<\/p>\n\n\n\n<p>Tambi\u00e9n qued\u00f3 definida la priorizaci\u00f3n de las etapas de vacunaci\u00f3n, seg\u00fan riesgo de enfermedad grave y por exposici\u00f3n, indic\u00e1ndose la necesidad de empezar por personal de salud (escalonamiento en funci\u00f3n de la estratificaci\u00f3n de riesgo de la actividad), y luego por etapas, los adultos de m\u00e1s de 70 a\u00f1os, adultos de 60 a 69 a\u00f1os, fuerzas armadas y de seguridad, adultos de 18 a 59 a\u00f1os de grupos en riesgo, personal docente y no docente y otras poblaciones estrat\u00e9gicas definidas por las jurisdicciones y la disponibilidad de dosis.<\/p>\n\n\n\n<p>El Presidente volvi\u00f3 a hacer hincapi\u00e9 en la necesidad de reforzar el pedido a la poblaci\u00f3n de responsabilidad y mayores cuidados, dado que se observa en todo el mundo un nuevo avance del Covid-19, recordando que la vacunaci\u00f3n \u00abno viene a terminar con esta pandemia\u00bb.<\/p>\n\n\n\n<p>Del encuentro participaron el jefe de Gabinete, Santiago Cafiero; los ministros de Salud, Gin\u00e9s Gonz\u00e1lez Garc\u00eda; de Defensa, Agust\u00edn Rossi; de Interior, Eduardo de Pedro; la ministra de Seguridad, Sabina Frederic y el secretario de Comunicaci\u00f3n, Juan Pablo Biondi.<\/p>\n\n\n\n<p>Tambi\u00e9n estuvieron presentes funcionarios del Ministerio de Salud y los infect\u00f3logos Eduardo L\u00f3pez y Pedro Cahn, que forman parte del comit\u00e9 de expertos que asesoran al Presidente por el Covid-19.<\/p>\n","protected":false},"excerpt":{"rendered":"<p>El presidente Alberto Fern\u00e1ndez encabez\u00f3 esta tarde, en la Casa Rosada, una nueva reuni\u00f3n del Comit\u00e9 de Vacunaci\u00f3n, encargado de dise\u00f1ar la log\u00edstica para distribuir y aplicar las vacunas contra el Covid-19, que dispondr\u00e1 pr\u00f3ximamente el Gobierno nacional.<\/p>\n","protected":false},"author":2,"featured_media":15123,"comment_status":"open","ping_status":"open","sticky":false,"template":"","format":"standard","meta":{"om_disable_all_campaigns":false,"_monsterinsights_skip_tracking":false,"_monsterinsights_sitenote_active":false,"_monsterinsights_sitenote_note":"","_monsterinsights_sitenote_category":0,"_uf_show_specific_survey":0,"_uf_disable_surveys":false,"jetpack_post_was_ever_published":false,"_jetpack_newsletter_access":"","_jetpack_dont_email_post_to_subs":false,"_jetpack_newsletter_tier_id":0,"_jetpack_memberships_contains_paywalled_content":false,"_jetpack_memberships_contains_paid_content":false,"footnotes":"","jetpack_publicize_message":"","jetpack_publicize_feature_enabled":true,"jetpack_social_post_already_shared":false,"jetpack_social_options":{"image_generator_settings":{"template":"highway","default_image_id":0,"font":"","enabled":false},"version":2}},"categories":[3],"tags":[],"class_list":["post-15122","post","type-post","status-publish","format-standard","has-post-thumbnail","hentry","category-salud"],"aioseo_notices":[],"views":5,"jetpack_publicize_connections":[],"jetpack_featured_media_url":"https:\/\/i0.wp.com\/elterritorialweb.com.ar\/web\/wp-content\/uploads\/2020\/12\/ALBERTO-VACUNACION.jpg?fit=2000%2C1334&ssl=1","jetpack_sharing_enabled":true,"_links":{"self":[{"href":"https:\/\/elterritorialweb.com.ar\/web\/wp-json\/wp\/v2\/posts\/15122","targetHints":{"allow":["GET"]}}],"collection":[{"href":"https:\/\/elterritorialweb.com.ar\/web\/wp-json\/wp\/v2\/posts"}],"about":[{"href":"https:\/\/elterritorialweb.com.ar\/web\/wp-json\/wp\/v2\/types\/post"}],"author":[{"embeddable":true,"href":"https:\/\/elterritorialweb.com.ar\/web\/wp-json\/wp\/v2\/users\/2"}],"replies":[{"embeddable":true,"href":"https:\/\/elterritorialweb.com.ar\/web\/wp-json\/wp\/v2\/comments?post=15122"}],"version-history":[{"count":1,"href":"https:\/\/elterritorialweb.com.ar\/web\/wp-json\/wp\/v2\/posts\/15122\/revisions"}],"predecessor-version":[{"id":15124,"href":"https:\/\/elterritorialweb.com.ar\/web\/wp-json\/wp\/v2\/posts\/15122\/revisions\/15124"}],"wp:featuredmedia":[{"embeddable":true,"href":"https:\/\/elterritorialweb.com.ar\/web\/wp-json\/wp\/v2\/media\/15123"}],"wp:attachment":[{"href":"https:\/\/elterritorialweb.com.ar\/web\/wp-json\/wp\/v2\/media?parent=15122"}],"wp:term":[{"taxonomy":"category","embeddable":true,"href":"https:\/\/elterritorialweb.com.ar\/web\/wp-json\/wp\/v2\/categories?post=15122"},{"taxonomy":"post_tag","embeddable":true,"href":"https:\/\/elterritorialweb.com.ar\/web\/wp-json\/wp\/v2\/tags?post=15122"}],"curies":[{"name":"wp","href":"https:\/\/api.w.org\/{rel}","templated":true}]}}