{"id":15125,"date":"2020-12-24T04:19:19","date_gmt":"2020-12-24T04:19:19","guid":{"rendered":"http:\/\/elterritorialweb.com.ar\/web\/?p=15125"},"modified":"2020-12-24T04:19:19","modified_gmt":"2020-12-24T04:19:19","slug":"norma-fuente-recibio-un-reconocimiento-del-consejo-deliberante-para-los-empleados-municipales","status":"publish","type":"post","link":"https:\/\/elterritorialweb.com.ar\/web\/norma-fuente-recibio-un-reconocimiento-del-consejo-deliberante-para-los-empleados-municipales\/","title":{"rendered":"NORMA FUENTE RECIBI\u00d3 UN  RECONOCIMIENTO DEL CONSEJO DELIBERANTE PARA LOS EMPLEADOS MUNICIPALES"},"content":{"rendered":"\n<p>La titular del Departamento Ejecutivo agradeci\u00f3 el reconocimiento al se\u00f1alar que fue un a\u00f1o complejo en el cual la planta de personal del municipio demostr\u00f3 su compromiso con la ciudad y los vecinos.<\/p>\n\n\n\n<p>Por su parte, el presidente del cuerpo deliberativo destac\u00f3 que los trabajadores pusieron su esfuerzo para mantener en pleno funcionamiento los servicios. \u201cEl Honorable Concejo Deliberante de Santiago del Estero felicita y reconoce el esfuerzo de cada uno de los empleados municipales que trabajaron durante la pandemia\u201d, se\u00f1ala el texto de la plaqueta que reproduce los t\u00e9rminos de la declaraci\u00f3n que se aprobara en la \u00faltima sesi\u00f3n.<\/p>\n\n\n\n<p>Estuvieron presentes tambi\u00e9n los secretarios de Coordinaci\u00f3n, Dra. Alejandra Yoshitake; de Planeamiento, Obras P\u00fablicas y Servicios P\u00fablicos, Arq. Jorge Vila, y de Gobierno, Ing. N\u00e9stor Machado.<\/p>\n","protected":false},"excerpt":{"rendered":"<p>La intendente la Capital, Ing. Norma Fuentes, recibi\u00f3 en el Sal\u00f3n de Acuerdos del palacio municipal al presidente del Concejo Deliberante, Humberto Santill\u00e1n y a los ediles Lelio Manzanarez y Sof\u00eda Ram\u00edrez, quienes entregaron una placa de reconocimiento para los empleados municipales por el trabajo desempe\u00f1ado en este a\u00f1o en el contexto de la pandemia por Covid &#8211; 19.<\/p>\n","protected":false},"author":2,"featured_media":15126,"comment_status":"open","ping_status":"open","sticky":false,"template":"","format":"standard","meta":{"om_disable_all_campaigns":false,"_monsterinsights_skip_tracking":false,"_monsterinsights_sitenote_active":false,"_monsterinsights_sitenote_note":"","_monsterinsights_sitenote_category":0,"_uf_show_specific_survey":0,"_uf_disable_surveys":false,"jetpack_post_was_ever_published":false,"_jetpack_newsletter_access":"","_jetpack_dont_email_post_to_subs":false,"_jetpack_newsletter_tier_id":0,"_jetpack_memberships_contains_paywalled_content":false,"_jetpack_memberships_contains_paid_content":false,"footnotes":"","jetpack_publicize_message":"","jetpack_publicize_feature_enabled":true,"jetpack_social_post_already_shared":false,"jetpack_social_options":{"image_generator_settings":{"template":"highway","default_image_id":0,"font":"","enabled":false},"version":2}},"categories":[21],"tags":[],"class_list":["post-15125","post","type-post","status-publish","format-standard","has-post-thumbnail","hentry","category-locales"],"aioseo_notices":[],"views":6,"jetpack_publicize_connections":[],"jetpack_featured_media_url":"https:\/\/i0.wp.com\/elterritorialweb.com.ar\/web\/wp-content\/uploads\/2020\/12\/MUNI-RECONOCIMIENTO.jpg?fit=1280%2C853&ssl=1","jetpack_sharing_enabled":true,"_links":{"self":[{"href":"https:\/\/elterritorialweb.com.ar\/web\/wp-json\/wp\/v2\/posts\/15125","targetHints":{"allow":["GET"]}}],"collection":[{"href":"https:\/\/elterritorialweb.com.ar\/web\/wp-json\/wp\/v2\/posts"}],"about":[{"href":"https:\/\/elterritorialweb.com.ar\/web\/wp-json\/wp\/v2\/types\/post"}],"author":[{"embeddable":true,"href":"https:\/\/elterritorialweb.com.ar\/web\/wp-json\/wp\/v2\/users\/2"}],"replies":[{"embeddable":true,"href":"https:\/\/elterritorialweb.com.ar\/web\/wp-json\/wp\/v2\/comments?post=15125"}],"version-history":[{"count":1,"href":"https:\/\/elterritorialweb.com.ar\/web\/wp-json\/wp\/v2\/posts\/15125\/revisions"}],"predecessor-version":[{"id":15127,"href":"https:\/\/elterritorialweb.com.ar\/web\/wp-json\/wp\/v2\/posts\/15125\/revisions\/15127"}],"wp:featuredmedia":[{"embeddable":true,"href":"https:\/\/elterritorialweb.com.ar\/web\/wp-json\/wp\/v2\/media\/15126"}],"wp:attachment":[{"href":"https:\/\/elterritorialweb.com.ar\/web\/wp-json\/wp\/v2\/media?parent=15125"}],"wp:term":[{"taxonomy":"category","embeddable":true,"href":"https:\/\/elterritorialweb.com.ar\/web\/wp-json\/wp\/v2\/categories?post=15125"},{"taxonomy":"post_tag","embeddable":true,"href":"https:\/\/elterritorialweb.com.ar\/web\/wp-json\/wp\/v2\/tags?post=15125"}],"curies":[{"name":"wp","href":"https:\/\/api.w.org\/{rel}","templated":true}]}}