{"id":15128,"date":"2020-12-24T04:23:35","date_gmt":"2020-12-24T04:23:35","guid":{"rendered":"http:\/\/elterritorialweb.com.ar\/web\/?p=15128"},"modified":"2020-12-24T04:23:40","modified_gmt":"2020-12-24T04:23:40","slug":"la-comuna-bandena-informa-sobre-el-funcionamiento-de-diferentes-servicios-durante-la-navidad","status":"publish","type":"post","link":"https:\/\/elterritorialweb.com.ar\/web\/la-comuna-bandena-informa-sobre-el-funcionamiento-de-diferentes-servicios-durante-la-navidad\/","title":{"rendered":"LA COMUNA BANDE\u00d1A INFORMA SOBRE EL FUNCIONAMIENTO DE DIFERENTES SERVICIOS DURANTE LA NAVIDAD"},"content":{"rendered":"\n<p>LA BANDA<\/p>\n\n\n\n<p>La Secretar\u00eda de Servicios P\u00fablicos de la Municipalidad de La Banda inform\u00f3 que la recolecci\u00f3n de residuos domiciliarios y el levantado de contenedores se realizar\u00e1n con normalidad el jueves 24 y 31, mientras que el servicio estar\u00e1 suspendido durante el viernes 25 y 1 de enero.<\/p>\n\n\n\n<p>Con motivo de las celebraciones de fin de a\u00f1o, distintas \u00e1reas de la Secretar\u00eda de Servicios P\u00fablicos diagram\u00f3 un cronograma especial para el servicio de higiene y recolecci\u00f3n de residuos se mantenga en virtud de los d\u00edas no laborables.<\/p>\n\n\n\n<p>Tambi\u00e9n informaron que el Mercado Uni\u00f3n permanecer\u00e1 abierto el jueves 24 y 31 en el horario de 7 a 15.30 para los puestos que comercializan productos alimenticios. Mientras que el sector de ropa y calzados extender\u00e1 su horario de 7 a 21. El viernes 25 y 1 de enero se mantendr\u00e1 cerrado.<\/p>\n\n\n\n<p>El Cementerio \u201cLa Misericordia\u201d mantendr\u00e1 el horario de 8 a 12 al p\u00fablico en general; de 8 a 14 para ingresos de inhumaciones y de 15 a 17 inhumaciones por COVID-19.<\/p>\n","protected":false},"excerpt":{"rendered":"<p>MUNICIPALIDAD DE LA BANDA<\/p>\n","protected":false},"author":2,"featured_media":15129,"comment_status":"open","ping_status":"open","sticky":false,"template":"","format":"standard","meta":{"om_disable_all_campaigns":false,"_monsterinsights_skip_tracking":false,"_monsterinsights_sitenote_active":false,"_monsterinsights_sitenote_note":"","_monsterinsights_sitenote_category":0,"_uf_show_specific_survey":0,"_uf_disable_surveys":false,"jetpack_post_was_ever_published":false,"_jetpack_newsletter_access":"","_jetpack_dont_email_post_to_subs":false,"_jetpack_newsletter_tier_id":0,"_jetpack_memberships_contains_paywalled_content":false,"_jetpack_memberships_contains_paid_content":false,"footnotes":"","jetpack_publicize_message":"","jetpack_publicize_feature_enabled":true,"jetpack_social_post_already_shared":false,"jetpack_social_options":{"image_generator_settings":{"template":"highway","default_image_id":0,"font":"","enabled":false},"version":2}},"categories":[21],"tags":[],"class_list":["post-15128","post","type-post","status-publish","format-standard","has-post-thumbnail","hentry","category-locales"],"aioseo_notices":[],"views":5,"jetpack_publicize_connections":[],"jetpack_featured_media_url":"https:\/\/i0.wp.com\/elterritorialweb.com.ar\/web\/wp-content\/uploads\/2020\/12\/LA-BANDA-SERVICIOS-EN-NAVIDAD.jpeg?fit=1030%2C579&ssl=1","jetpack_sharing_enabled":true,"_links":{"self":[{"href":"https:\/\/elterritorialweb.com.ar\/web\/wp-json\/wp\/v2\/posts\/15128","targetHints":{"allow":["GET"]}}],"collection":[{"href":"https:\/\/elterritorialweb.com.ar\/web\/wp-json\/wp\/v2\/posts"}],"about":[{"href":"https:\/\/elterritorialweb.com.ar\/web\/wp-json\/wp\/v2\/types\/post"}],"author":[{"embeddable":true,"href":"https:\/\/elterritorialweb.com.ar\/web\/wp-json\/wp\/v2\/users\/2"}],"replies":[{"embeddable":true,"href":"https:\/\/elterritorialweb.com.ar\/web\/wp-json\/wp\/v2\/comments?post=15128"}],"version-history":[{"count":1,"href":"https:\/\/elterritorialweb.com.ar\/web\/wp-json\/wp\/v2\/posts\/15128\/revisions"}],"predecessor-version":[{"id":15130,"href":"https:\/\/elterritorialweb.com.ar\/web\/wp-json\/wp\/v2\/posts\/15128\/revisions\/15130"}],"wp:featuredmedia":[{"embeddable":true,"href":"https:\/\/elterritorialweb.com.ar\/web\/wp-json\/wp\/v2\/media\/15129"}],"wp:attachment":[{"href":"https:\/\/elterritorialweb.com.ar\/web\/wp-json\/wp\/v2\/media?parent=15128"}],"wp:term":[{"taxonomy":"category","embeddable":true,"href":"https:\/\/elterritorialweb.com.ar\/web\/wp-json\/wp\/v2\/categories?post=15128"},{"taxonomy":"post_tag","embeddable":true,"href":"https:\/\/elterritorialweb.com.ar\/web\/wp-json\/wp\/v2\/tags?post=15128"}],"curies":[{"name":"wp","href":"https:\/\/api.w.org\/{rel}","templated":true}]}}