{"id":15167,"date":"2020-12-25T16:09:52","date_gmt":"2020-12-25T16:09:52","guid":{"rendered":"http:\/\/elterritorialweb.com.ar\/web\/?p=15167"},"modified":"2020-12-25T16:09:53","modified_gmt":"2020-12-25T16:09:53","slug":"fin-de-semana-fernandez-se-reunira-con-gobernadores-por-el-inicio-de-la-vacunacion","status":"publish","type":"post","link":"https:\/\/elterritorialweb.com.ar\/web\/fin-de-semana-fernandez-se-reunira-con-gobernadores-por-el-inicio-de-la-vacunacion\/","title":{"rendered":"F\u00cdN DE SEMANA: FERN\u00c1NDEZ SE REUNIR\u00c1 CON GOBERNADORES POR EL INICIO DE LA VACUNACI\u00d3N"},"content":{"rendered":"\n<p>En tanto, el s\u00e1bado, los gobernadores recibir\u00e1n la confirmaci\u00f3n de la cantidad de vacunas que llegar\u00e1n a cada uno de sus distritos.<\/p>\n\n\n\n<p>El inicio de la distribuci\u00f3n a la Provincia y la Ciudad de Buenos Aires est\u00e1 previsto para este viernes, con plazos de entrega de 12 horas para el \u00e1rea Metropolitana de Buenos Aires.<\/p>\n\n\n\n<p>El jefe de Gabinete, Santiago&nbsp;<strong>Cafiero, adelant\u00f3 el jueves en el aeropuerto de Ezeiza, tras la llegada de las vacunas Sputnik V, que el Presidente \u00abse reunir\u00e1 el fin de semana con los gobernadores\u00bb<\/strong>&nbsp;para continuar con el \u00abtrabajo articulado\u00bb que se desarrolla desde el inicio de la pandemia con los mandatarios provinciales.<\/p>\n\n\n\n<p>El funcionario remarc\u00f3 que ese trabajo conjunto permiti\u00f3 los \u00abbuenos resultados\u00bb logrados desde el inicio de la pandemia y adelant\u00f3 que se continuar\u00e1 con la metodolog\u00eda de trabajo basada en \u00abuna mirada federal\u00bb.<\/p>\n\n\n\n<p>El ministro de Salud, Gin\u00e9s<strong>&nbsp;Gonz\u00e1lez Garc\u00eda, confirm\u00f3 que el Gobierno busca \u00abcomenzar la semana pr\u00f3xima\u00bb con la campa\u00f1a de vacunaci\u00f3n<\/strong>, \u00aben forma simult\u00e1nea en todas las provincias\u00bb.<\/p>\n\n\n\n<p>Las 300 mil dosis de la vacuna Sputnik V que llegaron el jueves a Ezeiza ser\u00e1n suministradas en una primera etapa a personal de la salud, \u00abque son los que tienen un contacto m\u00e1s directo y permanente con el virus\u00bb, record\u00f3 el ministro.<\/p>\n\n\n\n<p><strong>Las 300 mil dosis de la vacuna Sputnik V que llegaron el jueves a Ezeiza ser\u00e1n suministradas en una primera etapa a personal de la salud<\/strong>.<\/p>\n\n\n\n<p>Para su traslado desde Rusia, las dosis fueron embaladas en contenedores especiales provistos por DHL, que conservan el material durante todo el viaje a una temperatura de 18 grados bajo cero.<\/p>\n\n\n\n<p>Se trat\u00f3 en total de 56 ThermoContainers que fueron ubicados en 8 pallet en la bodega del avi\u00f3n, totalizando un peso de 9.408 kilos.<\/p>\n\n\n\n<p>Luego fueron almacenadas en un dep\u00f3sito a fin de comenzar con la separaci\u00f3n en diferentes pallet, a fin de ser distribuidas en cada uno de los distritos seg\u00fan el mapa sanitario con el que cuentan las autoridades.<\/p>\n\n\n\n<p>El plan de vacunaci\u00f3n contar\u00e1 con 116 mil integrantes de los equipos de vacunaci\u00f3n, entre vacunadores y personal de apoyo, y 7.749 establecimientos de salud acondicionados para vacunar, adem\u00e1s de 10 mil voluntarios que se sumar\u00e1n a trav\u00e9s del Programa Activar.<\/p>\n\n\n\n<p>El proceso de registro que deben seguir los ciudadanos para poder recibir la aplicaci\u00f3n de la vacuna comienza con la validaci\u00f3n de identidad y prioridad con DNI. Luego se cargan los datos en los registros digitales con el sistema nacional que, seg\u00fan el gobierno, \u00abpermite hacer seguimiento nominalizado de las personas vacunadas en tiempo real\u00bb.<\/p>\n\n\n\n<p>Una vez aplicada la primera dosis, se emite un carnet de vacunaci\u00f3n con recordatorio para la aplicaci\u00f3n de la 2da dosis, y se efect\u00faa un monitoreo de posibles eventos adversos.<\/p>\n","protected":false},"excerpt":{"rendered":"<p>El presidente Alberto Fern\u00e1ndez encabezar\u00e1 este fin de semana, en forma virtual, un encuentro con los gobernadores de todas las provincias para coordinar la fecha de inicio de la campa\u00f1a de vacunaci\u00f3n contra el coronavirus, prevista para \u00abla semana pr\u00f3xima\u00bb.<\/p>\n","protected":false},"author":2,"featured_media":10050,"comment_status":"open","ping_status":"open","sticky":false,"template":"","format":"standard","meta":{"om_disable_all_campaigns":false,"_monsterinsights_skip_tracking":false,"_monsterinsights_sitenote_active":false,"_monsterinsights_sitenote_note":"","_monsterinsights_sitenote_category":0,"_uf_show_specific_survey":0,"_uf_disable_surveys":false,"jetpack_post_was_ever_published":false,"_jetpack_newsletter_access":"","_jetpack_dont_email_post_to_subs":false,"_jetpack_newsletter_tier_id":0,"_jetpack_memberships_contains_paywalled_content":false,"_jetpack_memberships_contains_paid_content":false,"footnotes":"","jetpack_publicize_message":"","jetpack_publicize_feature_enabled":true,"jetpack_social_post_already_shared":false,"jetpack_social_options":{"image_generator_settings":{"template":"highway","default_image_id":0,"font":"","enabled":false},"version":2}},"categories":[3],"tags":[],"class_list":["post-15167","post","type-post","status-publish","format-standard","has-post-thumbnail","hentry","category-salud"],"aioseo_notices":[],"views":3,"jetpack_publicize_connections":[],"jetpack_featured_media_url":"https:\/\/i0.wp.com\/elterritorialweb.com.ar\/web\/wp-content\/uploads\/2020\/08\/alberto-fernandez-fmi.jpg?fit=680%2C383&ssl=1","jetpack_sharing_enabled":true,"_links":{"self":[{"href":"https:\/\/elterritorialweb.com.ar\/web\/wp-json\/wp\/v2\/posts\/15167","targetHints":{"allow":["GET"]}}],"collection":[{"href":"https:\/\/elterritorialweb.com.ar\/web\/wp-json\/wp\/v2\/posts"}],"about":[{"href":"https:\/\/elterritorialweb.com.ar\/web\/wp-json\/wp\/v2\/types\/post"}],"author":[{"embeddable":true,"href":"https:\/\/elterritorialweb.com.ar\/web\/wp-json\/wp\/v2\/users\/2"}],"replies":[{"embeddable":true,"href":"https:\/\/elterritorialweb.com.ar\/web\/wp-json\/wp\/v2\/comments?post=15167"}],"version-history":[{"count":1,"href":"https:\/\/elterritorialweb.com.ar\/web\/wp-json\/wp\/v2\/posts\/15167\/revisions"}],"predecessor-version":[{"id":15168,"href":"https:\/\/elterritorialweb.com.ar\/web\/wp-json\/wp\/v2\/posts\/15167\/revisions\/15168"}],"wp:featuredmedia":[{"embeddable":true,"href":"https:\/\/elterritorialweb.com.ar\/web\/wp-json\/wp\/v2\/media\/10050"}],"wp:attachment":[{"href":"https:\/\/elterritorialweb.com.ar\/web\/wp-json\/wp\/v2\/media?parent=15167"}],"wp:term":[{"taxonomy":"category","embeddable":true,"href":"https:\/\/elterritorialweb.com.ar\/web\/wp-json\/wp\/v2\/categories?post=15167"},{"taxonomy":"post_tag","embeddable":true,"href":"https:\/\/elterritorialweb.com.ar\/web\/wp-json\/wp\/v2\/tags?post=15167"}],"curies":[{"name":"wp","href":"https:\/\/api.w.org\/{rel}","templated":true}]}}